{"id":12051,"date":"2014-03-29T17:28:29","date_gmt":"2014-03-29T16:28:29","guid":{"rendered":"http:\/\/www.sempreviaggiando.com\/?p=12051"},"modified":"2015-10-14T17:48:18","modified_gmt":"2015-10-14T15:48:18","slug":"can-cuch-escapada-romantica-al-montseny","status":"publish","type":"post","link":"https:\/\/www.sempreviaggiando.com\/ca\/2014\/03\/29\/can-cuch-escapada-romantica-al-montseny\/","title":{"rendered":"Can Cuch, escapada rom\u00e0ntica al Montseny"},"content":{"rendered":"<p>Treballar a casa \u00e9s fabul\u00f3s per\u00f2 quan arriba el cap de setmana, creieu-me, el que m\u00e9s em ve de gust \u00e9s sortir-ne. On sigui: <a title=\"Las segundas partes del turismo\" href=\"http:\/\/www.sempreviaggiando.com\/2014\/02\/28\/segunda-vez-en-amsterdam\/\" target=\"_blank\">Amsterdam<\/a>, <a title=\"Escapada Chic a Roma\" href=\"http:\/\/www.sempreviaggiando.com\/2014\/03\/14\/escapada-chic-roma\/\" target=\"_blank\">Roma<\/a> o fins i tot algun paratge rural prop de Barcelona. Avui us vull convidar a con\u00e8ixer un hotel singular, preci\u00f3s, totalment encantador. Dels que et sorprenen a simple vista i t&#8217;enamoren per l&#8217;est\u00f3mac. No \u00e9s estrany que sigui <strong><a title=\"tripadvisor\" href=\"http:\/\/www.tripadvisor.es\/TravelersChoice-Hotels-cSmall\" target=\"_blank\">un dels 25 millors petits hotels d&#8217;Espanya a Tripadvisor<\/a><\/strong>.<\/p>\n<p><strong title=\"tripadvisor\">Us presento l&#8217;<a title=\"hotel can cuch\" href=\"http:\/\/cancuch.com\/\" target=\"_blank\" rel=\"nofollow\">Hotel Can Cuch<\/a>, un hotel d&#8217;aut\u00e8ntic plaer. <\/strong><\/p>\n<p><img loading=\"lazy\" decoding=\"async\" class=\"aligncenter size-full wp-image-11983\" src=\"http:\/\/www.sempreviaggiando.com\/wp-content\/uploads\/2014\/03\/can-cuch-hotel-montseny-10.jpg\" alt=\"can-cuch-hotel-montseny-10\" width=\"950\" height=\"678\" srcset=\"https:\/\/www.sempreviaggiando.com\/wp-content\/uploads\/2014\/03\/can-cuch-hotel-montseny-10.jpg 950w, https:\/\/www.sempreviaggiando.com\/wp-content\/uploads\/2014\/03\/can-cuch-hotel-montseny-10-300x214.jpg 300w\" sizes=\"auto, (max-width: 950px) 100vw, 950px\" \/><\/p>\n<div class=\"tiled-gallery type-square tiled-gallery-unresized\" data-original-width=\"1170\" data-carousel-extra='{&quot;blog_id&quot;:1,&quot;permalink&quot;:&quot;https:\\\/\\\/www.sempreviaggiando.com\\\/ca\\\/2014\\\/03\\\/29\\\/can-cuch-escapada-romantica-al-montseny\\\/&quot;,&quot;likes_blog_id&quot;:12732733}' itemscope itemtype=\"http:\/\/schema.org\/ImageGallery\" > <div class=\"gallery-row\" style=\"width: 1170px; height: 390px;\" data-original-width=\"1170\" data-original-height=\"390\" > <div class=\"gallery-group\" style=\"width: 390px; height: 390px;\" data-original-width=\"390\" data-original-height=\"390\" > <div class=\"tiled-gallery-item \" itemprop=\"associatedMedia\" itemscope itemtype=\"http:\/\/schema.org\/ImageObject\"> <a href=\"https:\/\/i0.wp.com\/www.sempreviaggiando.com\/wp-content\/uploads\/2014\/03\/can-cuch-hotel-montseny-12.jpg?ssl=1\" border=\"0\" itemprop=\"url\"> <meta itemprop=\"width\" content=\"386\"> <meta itemprop=\"height\" content=\"386\"> <img decoding=\"async\" class=\"\" data-attachment-id=\"19498\" data-orig-file=\"https:\/\/www.sempreviaggiando.com\/wp-content\/uploads\/2014\/03\/can-cuch-hotel-montseny-12.jpg\" data-orig-size=\"950,713\" data-comments-opened=\"1\" data-image-meta=\"{&quot;aperture&quot;:&quot;2.4&quot;,&quot;credit&quot;:&quot;&quot;,&quot;camera&quot;:&quot;iPhone 5&quot;,&quot;caption&quot;:&quot;&quot;,&quot;created_timestamp&quot;:&quot;1395514709&quot;,&quot;copyright&quot;:&quot;&quot;,&quot;focal_length&quot;:&quot;4.12&quot;,&quot;iso&quot;:&quot;50&quot;,&quot;shutter_speed&quot;:&quot;0.033333333333333&quot;,&quot;title&quot;:&quot;&quot;}\" data-image-title=\"Can Cuch\" data-image-description=\"\" data-medium-file=\"https:\/\/www.sempreviaggiando.com\/wp-content\/uploads\/2014\/03\/can-cuch-hotel-montseny-12-300x225.jpg\" data-large-file=\"https:\/\/www.sempreviaggiando.com\/wp-content\/uploads\/2014\/03\/can-cuch-hotel-montseny-12.jpg\" src=\"https:\/\/i0.wp.com\/www.sempreviaggiando.com\/wp-content\/uploads\/2014\/03\/can-cuch-hotel-montseny-12.jpg?w=386&#038;h=386&#038;crop=1&#038;ssl=1\" srcset=\"https:\/\/www.sempreviaggiando.com\/wp-content\/uploads\/2014\/03\/can-cuch-hotel-montseny-12-150x150.jpg 150w, https:\/\/www.sempreviaggiando.com\/wp-content\/uploads\/2014\/03\/can-cuch-hotel-montseny-12-109x109.jpg 109w, https:\/\/www.sempreviaggiando.com\/wp-content\/uploads\/2014\/03\/can-cuch-hotel-montseny-12-185x185.jpg 185w\" width=\"386\" height=\"386\" loading=\"lazy\" data-original-width=\"386\" data-original-height=\"386\" itemprop=\"http:\/\/schema.org\/image\" title=\"Can Cuch\" alt=\"Can Cuch\" style=\"width: 386px; height: 386px;\" \/> <\/a> <\/div> <\/div> <div class=\"gallery-group\" style=\"width: 390px; height: 390px;\" data-original-width=\"390\" data-original-height=\"390\" > <div class=\"tiled-gallery-item \" itemprop=\"associatedMedia\" itemscope itemtype=\"http:\/\/schema.org\/ImageObject\"> <a href=\"https:\/\/i0.wp.com\/www.sempreviaggiando.com\/wp-content\/uploads\/2014\/03\/can-cuch-hotel-montseny-05.jpg?ssl=1\" border=\"0\" itemprop=\"url\"> <meta itemprop=\"width\" content=\"386\"> <meta itemprop=\"height\" content=\"386\"> <img decoding=\"async\" class=\"\" data-attachment-id=\"19491\" data-orig-file=\"https:\/\/www.sempreviaggiando.com\/wp-content\/uploads\/2014\/03\/can-cuch-hotel-montseny-05.jpg\" data-orig-size=\"950,713\" data-comments-opened=\"1\" data-image-meta=\"{&quot;aperture&quot;:&quot;2.4&quot;,&quot;credit&quot;:&quot;&quot;,&quot;camera&quot;:&quot;iPhone 5&quot;,&quot;caption&quot;:&quot;&quot;,&quot;created_timestamp&quot;:&quot;1395504589&quot;,&quot;copyright&quot;:&quot;&quot;,&quot;focal_length&quot;:&quot;4.12&quot;,&quot;iso&quot;:&quot;50&quot;,&quot;shutter_speed&quot;:&quot;0.0005720823798627&quot;,&quot;title&quot;:&quot;&quot;}\" data-image-title=\"Can Cuch\" data-image-description=\"\" data-medium-file=\"https:\/\/www.sempreviaggiando.com\/wp-content\/uploads\/2014\/03\/can-cuch-hotel-montseny-05-300x225.jpg\" data-large-file=\"https:\/\/www.sempreviaggiando.com\/wp-content\/uploads\/2014\/03\/can-cuch-hotel-montseny-05.jpg\" src=\"https:\/\/i0.wp.com\/www.sempreviaggiando.com\/wp-content\/uploads\/2014\/03\/can-cuch-hotel-montseny-05.jpg?w=386&#038;h=386&#038;crop=1&#038;ssl=1\" srcset=\"https:\/\/www.sempreviaggiando.com\/wp-content\/uploads\/2014\/03\/can-cuch-hotel-montseny-05-150x150.jpg 150w, https:\/\/www.sempreviaggiando.com\/wp-content\/uploads\/2014\/03\/can-cuch-hotel-montseny-05-109x109.jpg 109w, https:\/\/www.sempreviaggiando.com\/wp-content\/uploads\/2014\/03\/can-cuch-hotel-montseny-05-185x185.jpg 185w\" width=\"386\" height=\"386\" loading=\"lazy\" data-original-width=\"386\" data-original-height=\"386\" itemprop=\"http:\/\/schema.org\/image\" title=\"Can Cuch\" alt=\"Can Cuch\" style=\"width: 386px; height: 386px;\" \/> <\/a> <\/div> <\/div> <div class=\"gallery-group\" style=\"width: 390px; height: 390px;\" data-original-width=\"390\" data-original-height=\"390\" > <div class=\"tiled-gallery-item \" itemprop=\"associatedMedia\" itemscope itemtype=\"http:\/\/schema.org\/ImageObject\"> <a href=\"https:\/\/i0.wp.com\/www.sempreviaggiando.com\/wp-content\/uploads\/2014\/03\/can-cuch-hotel-montseny-14.jpg?ssl=1\" border=\"0\" itemprop=\"url\"> <meta itemprop=\"width\" content=\"386\"> <meta itemprop=\"height\" content=\"386\"> <img decoding=\"async\" class=\"\" data-attachment-id=\"19500\" data-orig-file=\"https:\/\/www.sempreviaggiando.com\/wp-content\/uploads\/2014\/03\/can-cuch-hotel-montseny-14.jpg\" data-orig-size=\"950,713\" data-comments-opened=\"1\" data-image-meta=\"{&quot;aperture&quot;:&quot;2.4&quot;,&quot;credit&quot;:&quot;&quot;,&quot;camera&quot;:&quot;iPhone 5&quot;,&quot;caption&quot;:&quot;&quot;,&quot;created_timestamp&quot;:&quot;1395514871&quot;,&quot;copyright&quot;:&quot;&quot;,&quot;focal_length&quot;:&quot;4.12&quot;,&quot;iso&quot;:&quot;64&quot;,&quot;shutter_speed&quot;:&quot;0.025&quot;,&quot;title&quot;:&quot;&quot;}\" data-image-title=\"Can Cuch\" data-image-description=\"\" data-medium-file=\"https:\/\/www.sempreviaggiando.com\/wp-content\/uploads\/2014\/03\/can-cuch-hotel-montseny-14-300x225.jpg\" data-large-file=\"https:\/\/www.sempreviaggiando.com\/wp-content\/uploads\/2014\/03\/can-cuch-hotel-montseny-14.jpg\" src=\"https:\/\/i0.wp.com\/www.sempreviaggiando.com\/wp-content\/uploads\/2014\/03\/can-cuch-hotel-montseny-14.jpg?w=386&#038;h=386&#038;crop=1&#038;ssl=1\" srcset=\"https:\/\/www.sempreviaggiando.com\/wp-content\/uploads\/2014\/03\/can-cuch-hotel-montseny-14-150x150.jpg 150w, https:\/\/www.sempreviaggiando.com\/wp-content\/uploads\/2014\/03\/can-cuch-hotel-montseny-14-109x109.jpg 109w, https:\/\/www.sempreviaggiando.com\/wp-content\/uploads\/2014\/03\/can-cuch-hotel-montseny-14-185x185.jpg 185w\" width=\"386\" height=\"386\" loading=\"lazy\" data-original-width=\"386\" data-original-height=\"386\" itemprop=\"http:\/\/schema.org\/image\" title=\"Can Cuch\" alt=\"Can Cuch\" style=\"width: 386px; height: 386px;\" \/> <\/a> <\/div> <\/div> <\/div> <div class=\"gallery-row\" style=\"width: 1170px; height: 390px;\" data-original-width=\"1170\" data-original-height=\"390\" > <div class=\"gallery-group\" style=\"width: 390px; height: 390px;\" data-original-width=\"390\" data-original-height=\"390\" > <div class=\"tiled-gallery-item \" itemprop=\"associatedMedia\" itemscope itemtype=\"http:\/\/schema.org\/ImageObject\"> <a href=\"https:\/\/i0.wp.com\/www.sempreviaggiando.com\/wp-content\/uploads\/2014\/03\/can-cuch-hotel-montseny-09.jpg?ssl=1\" border=\"0\" itemprop=\"url\"> <meta itemprop=\"width\" content=\"386\"> <meta itemprop=\"height\" content=\"386\"> <img decoding=\"async\" class=\"\" data-attachment-id=\"19495\" data-orig-file=\"https:\/\/www.sempreviaggiando.com\/wp-content\/uploads\/2014\/03\/can-cuch-hotel-montseny-09.jpg\" data-orig-size=\"950,713\" data-comments-opened=\"1\" data-image-meta=\"{&quot;aperture&quot;:&quot;2.4&quot;,&quot;credit&quot;:&quot;&quot;,&quot;camera&quot;:&quot;iPhone 5&quot;,&quot;caption&quot;:&quot;&quot;,&quot;created_timestamp&quot;:&quot;1395513096&quot;,&quot;copyright&quot;:&quot;&quot;,&quot;focal_length&quot;:&quot;4.12&quot;,&quot;iso&quot;:&quot;100&quot;,&quot;shutter_speed&quot;:&quot;0.0083333333333333&quot;,&quot;title&quot;:&quot;&quot;}\" data-image-title=\"Can Cuch habitaciones suite\" data-image-description=\"\" data-medium-file=\"https:\/\/www.sempreviaggiando.com\/wp-content\/uploads\/2014\/03\/can-cuch-hotel-montseny-09-300x225.jpg\" data-large-file=\"https:\/\/www.sempreviaggiando.com\/wp-content\/uploads\/2014\/03\/can-cuch-hotel-montseny-09.jpg\" src=\"https:\/\/i0.wp.com\/www.sempreviaggiando.com\/wp-content\/uploads\/2014\/03\/can-cuch-hotel-montseny-09.jpg?w=386&#038;h=386&#038;crop=1&#038;ssl=1\" srcset=\"https:\/\/www.sempreviaggiando.com\/wp-content\/uploads\/2014\/03\/can-cuch-hotel-montseny-09-150x150.jpg 150w, https:\/\/www.sempreviaggiando.com\/wp-content\/uploads\/2014\/03\/can-cuch-hotel-montseny-09-109x109.jpg 109w, https:\/\/www.sempreviaggiando.com\/wp-content\/uploads\/2014\/03\/can-cuch-hotel-montseny-09-185x185.jpg 185w\" width=\"386\" height=\"386\" loading=\"lazy\" data-original-width=\"386\" data-original-height=\"386\" itemprop=\"http:\/\/schema.org\/image\" title=\"Can Cuch habitaciones suite\" alt=\"Can Cuch habitaciones suite\" style=\"width: 386px; height: 386px;\" \/> <\/a> <\/div> <\/div> <div class=\"gallery-group\" style=\"width: 390px; height: 390px;\" data-original-width=\"390\" data-original-height=\"390\" > <div class=\"tiled-gallery-item \" itemprop=\"associatedMedia\" itemscope itemtype=\"http:\/\/schema.org\/ImageObject\"> <a href=\"https:\/\/i0.wp.com\/www.sempreviaggiando.com\/wp-content\/uploads\/2014\/03\/can-cuch-hotel-montseny-11.jpg?ssl=1\" border=\"0\" itemprop=\"url\"> <meta itemprop=\"width\" content=\"386\"> <meta itemprop=\"height\" content=\"386\"> <img decoding=\"async\" class=\"\" data-attachment-id=\"19497\" data-orig-file=\"https:\/\/www.sempreviaggiando.com\/wp-content\/uploads\/2014\/03\/can-cuch-hotel-montseny-11.jpg\" data-orig-size=\"950,671\" data-comments-opened=\"1\" data-image-meta=\"{&quot;aperture&quot;:&quot;2.4&quot;,&quot;credit&quot;:&quot;&quot;,&quot;camera&quot;:&quot;iPhone 5&quot;,&quot;caption&quot;:&quot;&quot;,&quot;created_timestamp&quot;:&quot;1395513250&quot;,&quot;copyright&quot;:&quot;&quot;,&quot;focal_length&quot;:&quot;4.12&quot;,&quot;iso&quot;:&quot;50&quot;,&quot;shutter_speed&quot;:&quot;0.0083333333333333&quot;,&quot;title&quot;:&quot;&quot;}\" data-image-title=\"Piscina con vistas\" data-image-description=\"\" data-medium-file=\"https:\/\/www.sempreviaggiando.com\/wp-content\/uploads\/2014\/03\/can-cuch-hotel-montseny-11-300x211.jpg\" data-large-file=\"https:\/\/www.sempreviaggiando.com\/wp-content\/uploads\/2014\/03\/can-cuch-hotel-montseny-11.jpg\" src=\"https:\/\/i0.wp.com\/www.sempreviaggiando.com\/wp-content\/uploads\/2014\/03\/can-cuch-hotel-montseny-11.jpg?w=386&#038;h=386&#038;crop=1&#038;ssl=1\" srcset=\"https:\/\/www.sempreviaggiando.com\/wp-content\/uploads\/2014\/03\/can-cuch-hotel-montseny-11-150x150.jpg 150w, https:\/\/www.sempreviaggiando.com\/wp-content\/uploads\/2014\/03\/can-cuch-hotel-montseny-11-109x109.jpg 109w, https:\/\/www.sempreviaggiando.com\/wp-content\/uploads\/2014\/03\/can-cuch-hotel-montseny-11-185x185.jpg 185w\" width=\"386\" height=\"386\" loading=\"lazy\" data-original-width=\"386\" data-original-height=\"386\" itemprop=\"http:\/\/schema.org\/image\" title=\"Piscina con vistas\" alt=\"Piscina con vistas\" style=\"width: 386px; height: 386px;\" \/> <\/a> <\/div> <\/div> <div class=\"gallery-group\" style=\"width: 390px; height: 390px;\" data-original-width=\"390\" data-original-height=\"390\" > <div class=\"tiled-gallery-item \" itemprop=\"associatedMedia\" itemscope itemtype=\"http:\/\/schema.org\/ImageObject\"> <a href=\"https:\/\/i0.wp.com\/www.sempreviaggiando.com\/wp-content\/uploads\/2014\/03\/can-cuch-hotel-montseny-07.jpg?ssl=1\" border=\"0\" itemprop=\"url\"> <meta itemprop=\"width\" content=\"386\"> <meta itemprop=\"height\" content=\"386\"> <img decoding=\"async\" class=\"\" data-attachment-id=\"19493\" data-orig-file=\"https:\/\/www.sempreviaggiando.com\/wp-content\/uploads\/2014\/03\/can-cuch-hotel-montseny-07.jpg\" data-orig-size=\"950,687\" data-comments-opened=\"1\" data-image-meta=\"{&quot;aperture&quot;:&quot;2.4&quot;,&quot;credit&quot;:&quot;&quot;,&quot;camera&quot;:&quot;iPhone 5&quot;,&quot;caption&quot;:&quot;&quot;,&quot;created_timestamp&quot;:&quot;1395507306&quot;,&quot;copyright&quot;:&quot;&quot;,&quot;focal_length&quot;:&quot;4.12&quot;,&quot;iso&quot;:&quot;50&quot;,&quot;shutter_speed&quot;:&quot;0.0026954177897574&quot;,&quot;title&quot;:&quot;&quot;}\" data-image-title=\"Restaurante con vistas al Montseny\" data-image-description=\"\" data-medium-file=\"https:\/\/www.sempreviaggiando.com\/wp-content\/uploads\/2014\/03\/can-cuch-hotel-montseny-07-300x216.jpg\" data-large-file=\"https:\/\/www.sempreviaggiando.com\/wp-content\/uploads\/2014\/03\/can-cuch-hotel-montseny-07.jpg\" src=\"https:\/\/i0.wp.com\/www.sempreviaggiando.com\/wp-content\/uploads\/2014\/03\/can-cuch-hotel-montseny-07.jpg?w=386&#038;h=386&#038;crop=1&#038;ssl=1\" srcset=\"https:\/\/www.sempreviaggiando.com\/wp-content\/uploads\/2014\/03\/can-cuch-hotel-montseny-07-150x150.jpg 150w, https:\/\/www.sempreviaggiando.com\/wp-content\/uploads\/2014\/03\/can-cuch-hotel-montseny-07-109x109.jpg 109w, https:\/\/www.sempreviaggiando.com\/wp-content\/uploads\/2014\/03\/can-cuch-hotel-montseny-07-185x185.jpg 185w\" width=\"386\" height=\"386\" loading=\"lazy\" data-original-width=\"386\" data-original-height=\"386\" itemprop=\"http:\/\/schema.org\/image\" title=\"Restaurante con vistas al Montseny\" alt=\"Restaurante con vistas al Montseny\" style=\"width: 386px; height: 386px;\" \/> <\/a> <\/div> <\/div> <\/div> <\/div>\n<p><strong>Can Cuch <\/strong>est\u00e0 nom\u00e9s a 1 hora de Barcelona, al Parc Natural del Montseny, a tocar de Cardedeu i C\u00e0noves. Els de Barcelona tendim a escapar-nos lluny per\u00f2 la veritat \u00e9s que de vegades se&#8217;ns oblida el privilegi de viure tan a prop del Montseny. I \u00e9s precisament en aquest tipus d&#8217;hotels a prop de Barcelona en els que un troba veritablement la calma i el relax del nostre bon amic, &#8220;el dolce far niente&#8221;.<br \/>\n<iframe loading=\"lazy\" style=\"border: 0;\" src=\"https:\/\/www.google.com\/maps\/embed?pb=!1m14!1m8!1m3!1d5955.58798526084!2d2.3486770000000003!3d41.72496400000001!3m2!1i1024!2i768!4f13.1!3m3!1m2!1s0x12a4ce31a5365d35%3A0x3666a51bff54182c!2sCan+Cuch!5e0!3m2!1sca!2s!4v1395910533430\" width=\"600\" height=\"200\" frameborder=\"0\"><\/iframe><br \/>\nVam tenir el plaer de con\u00e8ixer en Salvador, el director de l&#8217;hotel (i cuiner) durant els \u00faltims dos anys, que ens va explicar com ha aconseguit donar-li un gir tot buscant que sigui un<strong> hotel proper, ecol\u00f2gic i molt natural.<\/strong> En Salvador i el seu equip s\u00f3n aquest tipus de gent que sent passi\u00f3 pel que fa i aix\u00f2 es nota en cada detall: atenci\u00f3 al mil\u00b7l\u00edmetre, bon gust per la decoraci\u00f3, saber preservar l&#8217;antiguitat de la masia i les seves rel\u00edquies&#8230; (ens va fascinar la porta principal del mas, tota de fusta; com viure en un aut\u00e8ntic castell!). Les suites mantenen elements restaurats de la masia. Sens dubte, val la pena triar una de les suites amb llar de foc i banyera cl\u00e0ssica.<\/p>\n<p><img loading=\"lazy\" decoding=\"async\" class=\"aligncenter size-full wp-image-11977\" src=\"http:\/\/www.sempreviaggiando.com\/wp-content\/uploads\/2014\/03\/can-cuch-hotel-montseny-04.jpg\" alt=\"can-cuch-hotel-montseny-04\" width=\"950\" height=\"713\" srcset=\"https:\/\/www.sempreviaggiando.com\/wp-content\/uploads\/2014\/03\/can-cuch-hotel-montseny-04.jpg 950w, https:\/\/www.sempreviaggiando.com\/wp-content\/uploads\/2014\/03\/can-cuch-hotel-montseny-04-300x225.jpg 300w, https:\/\/www.sempreviaggiando.com\/wp-content\/uploads\/2014\/03\/can-cuch-hotel-montseny-04-400x300.jpg 400w\" sizes=\"auto, (max-width: 950px) 100vw, 950px\" \/><\/p>\n<p><strong>S\u00f3c molt fan dels hotels petits. <\/strong>Per la seva tranquil\u00b7litat, la seva calma, per aquest tracte directe amb el personal de l&#8217;hotel i per aquesta singularitat i hist\u00f2ria que hi ha darrere de cadascun d&#8217;ells.<\/p>\n<p>L&#8217;hotel \u00e9s a la part alta d&#8217;un tur\u00f3, seguint la carretera que passa per Cardedeu i C\u00e0noves. Aviso que el tram final per arribar a l&#8217;hotel \u00e9s una pista forestal amb algunes corbes en forta pujada &#8211; per\u00f2 ja sap que per aconseguir alguna cosa cal patir, oi?! I amb aquestes vistes no esperar\u00edeu que estigu\u00e9s a la vora del mar al final d&#8217;una recta&#8230; Veient les vistes des de la masia, se t&#8217;obliden tots els mals!<\/p>\n<p><img loading=\"lazy\" decoding=\"async\" class=\"aligncenter size-full wp-image-11986\" src=\"http:\/\/www.sempreviaggiando.com\/wp-content\/uploads\/2014\/03\/can-cuch-hotel-montseny-13.jpg\" alt=\"can-cuch-hotel-montseny-13\" width=\"950\" height=\"713\" srcset=\"https:\/\/www.sempreviaggiando.com\/wp-content\/uploads\/2014\/03\/can-cuch-hotel-montseny-13.jpg 950w, https:\/\/www.sempreviaggiando.com\/wp-content\/uploads\/2014\/03\/can-cuch-hotel-montseny-13-300x225.jpg 300w, https:\/\/www.sempreviaggiando.com\/wp-content\/uploads\/2014\/03\/can-cuch-hotel-montseny-13-400x300.jpg 400w\" sizes=\"auto, (max-width: 950px) 100vw, 950px\" \/><\/p>\n<p>Un cop a dalt el millor ve quan saps que no tens cap necessitat de tornar a baixar. Est\u00e0s &#8220;atrapat&#8221; en un preci\u00f3s hotel rural on s&#8217;encarreguen que la teva estada sigui simplement perfecta. Naturalesa per tot arreu, habitacions acollidores amb llar de foc, sales comunes per relaxar-se, un restaurant digne d&#8217;estrella <em>Michelin<\/em> a preus assequibles i un wifi que funciona millor que a casa meva. Jo no necessito res m\u00e9s!<\/p>\n<p>Una cosa a no perdre de vista per al b\u00e9 del vostre est\u00f3mac \u00e9s el restaurant de l&#8217;hotel. Gastronomia moderna, rica i, sobretot, de proximitat. Com tot en aquest hotel. El restaurant t\u00e9 un bon \u00e8xit entre la gent de la comarca. Els plats de la carta ronden els 13-22 \u20ac. I el seu men\u00fa gastron\u00f2mic amb diversos entrants, primers, segons i postres per 45 \u20ac \u00e9s una m\u00e9s que exquisida idea. El millor per a mi: els raviolis de carn d&#8217;olla, el canet\u00f3 i el pop. \u00a1Mamma mia! Tot aix\u00f2 a uns 700 metres d&#8217;altura. Aqu\u00ed, tot t\u00e9 m\u00e9s bon gust.<\/p>\n<div class=\"tiled-gallery type-square tiled-gallery-unresized\" data-original-width=\"1170\" data-carousel-extra='{&quot;blog_id&quot;:1,&quot;permalink&quot;:&quot;https:\\\/\\\/www.sempreviaggiando.com\\\/ca\\\/2014\\\/03\\\/29\\\/can-cuch-escapada-romantica-al-montseny\\\/&quot;,&quot;likes_blog_id&quot;:12732733}' itemscope itemtype=\"http:\/\/schema.org\/ImageGallery\" > <div class=\"gallery-row\" style=\"width: 1170px; height: 1170px;\" data-original-width=\"1170\" data-original-height=\"1170\" > <div class=\"gallery-group\" style=\"width: 1170px; height: 1170px;\" data-original-width=\"1170\" data-original-height=\"1170\" > <div class=\"tiled-gallery-item \" itemprop=\"associatedMedia\" itemscope itemtype=\"http:\/\/schema.org\/ImageObject\"> <a href=\"https:\/\/i0.wp.com\/www.sempreviaggiando.com\/wp-content\/uploads\/2014\/03\/can-cuch-hotel-montseny-08.jpg?ssl=1\" border=\"0\" itemprop=\"url\"> <meta itemprop=\"width\" content=\"1166\"> <meta itemprop=\"height\" content=\"1166\"> <img decoding=\"async\" class=\"\" data-attachment-id=\"19494\" data-orig-file=\"https:\/\/www.sempreviaggiando.com\/wp-content\/uploads\/2014\/03\/can-cuch-hotel-montseny-08.jpg\" data-orig-size=\"950,713\" data-comments-opened=\"1\" data-image-meta=\"{&quot;aperture&quot;:&quot;2.4&quot;,&quot;credit&quot;:&quot;&quot;,&quot;camera&quot;:&quot;iPhone 5&quot;,&quot;caption&quot;:&quot;&quot;,&quot;created_timestamp&quot;:&quot;1395507376&quot;,&quot;copyright&quot;:&quot;&quot;,&quot;focal_length&quot;:&quot;4.12&quot;,&quot;iso&quot;:&quot;64&quot;,&quot;shutter_speed&quot;:&quot;0.025&quot;,&quot;title&quot;:&quot;&quot;}\" data-image-title=\"Restaurante\" data-image-description=\"\" data-medium-file=\"https:\/\/www.sempreviaggiando.com\/wp-content\/uploads\/2014\/03\/can-cuch-hotel-montseny-08-300x225.jpg\" data-large-file=\"https:\/\/www.sempreviaggiando.com\/wp-content\/uploads\/2014\/03\/can-cuch-hotel-montseny-08.jpg\" src=\"https:\/\/i0.wp.com\/www.sempreviaggiando.com\/wp-content\/uploads\/2014\/03\/can-cuch-hotel-montseny-08.jpg?w=1166&#038;h=1166&#038;crop=1&#038;ssl=1\" srcset=\"https:\/\/www.sempreviaggiando.com\/wp-content\/uploads\/2014\/03\/can-cuch-hotel-montseny-08-150x150.jpg 150w, https:\/\/www.sempreviaggiando.com\/wp-content\/uploads\/2014\/03\/can-cuch-hotel-montseny-08-109x109.jpg 109w, https:\/\/www.sempreviaggiando.com\/wp-content\/uploads\/2014\/03\/can-cuch-hotel-montseny-08-185x185.jpg 185w\" width=\"1166\" height=\"1166\" loading=\"lazy\" data-original-width=\"1166\" data-original-height=\"1166\" itemprop=\"http:\/\/schema.org\/image\" title=\"Restaurante\" alt=\"Restaurante\" style=\"width: 1166px; height: 1166px;\" \/> <\/a> <\/div> <\/div> <\/div> <div class=\"gallery-row\" style=\"width: 1170px; height: 585px;\" data-original-width=\"1170\" data-original-height=\"585\" > <div class=\"gallery-group\" style=\"width: 585px; height: 585px;\" data-original-width=\"585\" data-original-height=\"585\" > <div class=\"tiled-gallery-item \" itemprop=\"associatedMedia\" itemscope itemtype=\"http:\/\/schema.org\/ImageObject\"> <a href=\"https:\/\/i0.wp.com\/www.sempreviaggiando.com\/wp-content\/uploads\/2014\/03\/can-cuch-hotel-montseny-17.jpg?ssl=1\" border=\"0\" itemprop=\"url\"> <meta itemprop=\"width\" content=\"581\"> <meta itemprop=\"height\" content=\"581\"> <img decoding=\"async\" class=\"\" data-attachment-id=\"19503\" data-orig-file=\"https:\/\/www.sempreviaggiando.com\/wp-content\/uploads\/2014\/03\/can-cuch-hotel-montseny-17.jpg\" data-orig-size=\"950,705\" data-comments-opened=\"1\" data-image-meta=\"{&quot;aperture&quot;:&quot;2.4&quot;,&quot;credit&quot;:&quot;&quot;,&quot;camera&quot;:&quot;iPhone 5&quot;,&quot;caption&quot;:&quot;&quot;,&quot;created_timestamp&quot;:&quot;1395568309&quot;,&quot;copyright&quot;:&quot;&quot;,&quot;focal_length&quot;:&quot;4.12&quot;,&quot;iso&quot;:&quot;50&quot;,&quot;shutter_speed&quot;:&quot;0.004&quot;,&quot;title&quot;:&quot;&quot;}\" data-image-title=\"Desayuno con vistas\" data-image-description=\"\" data-medium-file=\"https:\/\/www.sempreviaggiando.com\/wp-content\/uploads\/2014\/03\/can-cuch-hotel-montseny-17-300x222.jpg\" data-large-file=\"https:\/\/www.sempreviaggiando.com\/wp-content\/uploads\/2014\/03\/can-cuch-hotel-montseny-17.jpg\" src=\"https:\/\/i0.wp.com\/www.sempreviaggiando.com\/wp-content\/uploads\/2014\/03\/can-cuch-hotel-montseny-17.jpg?w=581&#038;h=581&#038;crop=1&#038;ssl=1\" srcset=\"https:\/\/www.sempreviaggiando.com\/wp-content\/uploads\/2014\/03\/can-cuch-hotel-montseny-17-150x150.jpg 150w, https:\/\/www.sempreviaggiando.com\/wp-content\/uploads\/2014\/03\/can-cuch-hotel-montseny-17-109x109.jpg 109w, https:\/\/www.sempreviaggiando.com\/wp-content\/uploads\/2014\/03\/can-cuch-hotel-montseny-17-185x185.jpg 185w\" width=\"581\" height=\"581\" loading=\"lazy\" data-original-width=\"581\" data-original-height=\"581\" itemprop=\"http:\/\/schema.org\/image\" title=\"Desayuno con vistas\" alt=\"Desayuno con vistas\" style=\"width: 581px; height: 581px;\" \/> <\/a> <\/div> <\/div> <div class=\"gallery-group\" style=\"width: 585px; height: 585px;\" data-original-width=\"585\" data-original-height=\"585\" > <div class=\"tiled-gallery-item \" itemprop=\"associatedMedia\" itemscope itemtype=\"http:\/\/schema.org\/ImageObject\"> <a href=\"https:\/\/i0.wp.com\/www.sempreviaggiando.com\/wp-content\/uploads\/2014\/03\/can-cuch-hotel-montseny-16.jpg?ssl=1\" border=\"0\" itemprop=\"url\"> <meta itemprop=\"width\" content=\"581\"> <meta itemprop=\"height\" content=\"581\"> <img decoding=\"async\" class=\"\" data-attachment-id=\"19502\" data-orig-file=\"https:\/\/www.sempreviaggiando.com\/wp-content\/uploads\/2014\/03\/can-cuch-hotel-montseny-16.jpg\" data-orig-size=\"950,950\" data-comments-opened=\"1\" data-image-meta=\"{&quot;aperture&quot;:&quot;0&quot;,&quot;credit&quot;:&quot;&quot;,&quot;camera&quot;:&quot;&quot;,&quot;caption&quot;:&quot;&quot;,&quot;created_timestamp&quot;:&quot;0&quot;,&quot;copyright&quot;:&quot;&quot;,&quot;focal_length&quot;:&quot;0&quot;,&quot;iso&quot;:&quot;0&quot;,&quot;shutter_speed&quot;:&quot;0&quot;,&quot;title&quot;:&quot;&quot;}\" data-image-title=\"Men\u00fa gastron\u00f3mico\" data-image-description=\"\" data-medium-file=\"https:\/\/www.sempreviaggiando.com\/wp-content\/uploads\/2014\/03\/can-cuch-hotel-montseny-16-300x300.jpg\" data-large-file=\"https:\/\/www.sempreviaggiando.com\/wp-content\/uploads\/2014\/03\/can-cuch-hotel-montseny-16.jpg\" src=\"https:\/\/i0.wp.com\/www.sempreviaggiando.com\/wp-content\/uploads\/2014\/03\/can-cuch-hotel-montseny-16.jpg?w=581&#038;h=581&#038;crop=1&#038;ssl=1\" srcset=\"https:\/\/www.sempreviaggiando.com\/wp-content\/uploads\/2014\/03\/can-cuch-hotel-montseny-16.jpg 950w, https:\/\/www.sempreviaggiando.com\/wp-content\/uploads\/2014\/03\/can-cuch-hotel-montseny-16-150x150.jpg 150w, https:\/\/www.sempreviaggiando.com\/wp-content\/uploads\/2014\/03\/can-cuch-hotel-montseny-16-300x300.jpg 300w, https:\/\/www.sempreviaggiando.com\/wp-content\/uploads\/2014\/03\/can-cuch-hotel-montseny-16-109x109.jpg 109w, https:\/\/www.sempreviaggiando.com\/wp-content\/uploads\/2014\/03\/can-cuch-hotel-montseny-16-185x185.jpg 185w\" width=\"581\" height=\"581\" loading=\"lazy\" data-original-width=\"581\" data-original-height=\"581\" itemprop=\"http:\/\/schema.org\/image\" title=\"Men\u00fa gastron\u00f3mico\" alt=\"Men\u00fa gastron\u00f3mico\" style=\"width: 581px; height: 581px;\" \/> <\/a> <\/div> <\/div> <\/div> <div class=\"gallery-row\" style=\"width: 1170px; height: 585px;\" data-original-width=\"1170\" data-original-height=\"585\" > <div class=\"gallery-group\" style=\"width: 585px; height: 585px;\" data-original-width=\"585\" data-original-height=\"585\" > <div class=\"tiled-gallery-item \" itemprop=\"associatedMedia\" itemscope itemtype=\"http:\/\/schema.org\/ImageObject\"> <a href=\"https:\/\/i0.wp.com\/www.sempreviaggiando.com\/wp-content\/uploads\/2014\/03\/can-cuch-hotel-montseny-18.jpg?ssl=1\" border=\"0\" itemprop=\"url\"> <meta itemprop=\"width\" content=\"581\"> <meta itemprop=\"height\" content=\"581\"> <img decoding=\"async\" class=\"\" data-attachment-id=\"19504\" data-orig-file=\"https:\/\/www.sempreviaggiando.com\/wp-content\/uploads\/2014\/03\/can-cuch-hotel-montseny-18.jpg\" data-orig-size=\"950,735\" data-comments-opened=\"1\" data-image-meta=\"{&quot;aperture&quot;:&quot;2.4&quot;,&quot;credit&quot;:&quot;&quot;,&quot;camera&quot;:&quot;iPhone 5&quot;,&quot;caption&quot;:&quot;&quot;,&quot;created_timestamp&quot;:&quot;1395568460&quot;,&quot;copyright&quot;:&quot;&quot;,&quot;focal_length&quot;:&quot;4.12&quot;,&quot;iso&quot;:&quot;50&quot;,&quot;shutter_speed&quot;:&quot;0.033333333333333&quot;,&quot;title&quot;:&quot;&quot;}\" data-image-title=\"Desayuno en Can Cuch\" data-image-description=\"\" data-medium-file=\"https:\/\/www.sempreviaggiando.com\/wp-content\/uploads\/2014\/03\/can-cuch-hotel-montseny-18-300x232.jpg\" data-large-file=\"https:\/\/www.sempreviaggiando.com\/wp-content\/uploads\/2014\/03\/can-cuch-hotel-montseny-18.jpg\" src=\"https:\/\/i0.wp.com\/www.sempreviaggiando.com\/wp-content\/uploads\/2014\/03\/can-cuch-hotel-montseny-18.jpg?w=581&#038;h=581&#038;crop=1&#038;ssl=1\" srcset=\"https:\/\/www.sempreviaggiando.com\/wp-content\/uploads\/2014\/03\/can-cuch-hotel-montseny-18-150x150.jpg 150w, https:\/\/www.sempreviaggiando.com\/wp-content\/uploads\/2014\/03\/can-cuch-hotel-montseny-18-109x109.jpg 109w, https:\/\/www.sempreviaggiando.com\/wp-content\/uploads\/2014\/03\/can-cuch-hotel-montseny-18-185x185.jpg 185w\" width=\"581\" height=\"581\" loading=\"lazy\" data-original-width=\"581\" data-original-height=\"581\" itemprop=\"http:\/\/schema.org\/image\" title=\"Desayuno en Can Cuch\" alt=\"Desayuno en Can Cuch\" style=\"width: 581px; height: 581px;\" \/> <\/a> <\/div> <\/div> <div class=\"gallery-group\" style=\"width: 585px; height: 585px;\" data-original-width=\"585\" data-original-height=\"585\" > <div class=\"tiled-gallery-item \" itemprop=\"associatedMedia\" itemscope itemtype=\"http:\/\/schema.org\/ImageObject\"> <a href=\"https:\/\/i0.wp.com\/www.sempreviaggiando.com\/wp-content\/uploads\/2014\/03\/can-cuch-hotel-montseny-15.jpg?ssl=1\" border=\"0\" itemprop=\"url\"> <meta itemprop=\"width\" content=\"581\"> <meta itemprop=\"height\" content=\"581\"> <img decoding=\"async\" class=\"\" data-attachment-id=\"19501\" data-orig-file=\"https:\/\/www.sempreviaggiando.com\/wp-content\/uploads\/2014\/03\/can-cuch-hotel-montseny-15.jpg\" data-orig-size=\"950,713\" data-comments-opened=\"1\" data-image-meta=\"{&quot;aperture&quot;:&quot;2.4&quot;,&quot;credit&quot;:&quot;&quot;,&quot;camera&quot;:&quot;iPhone 5&quot;,&quot;caption&quot;:&quot;&quot;,&quot;created_timestamp&quot;:&quot;1395527559&quot;,&quot;copyright&quot;:&quot;&quot;,&quot;focal_length&quot;:&quot;4.12&quot;,&quot;iso&quot;:&quot;80&quot;,&quot;shutter_speed&quot;:&quot;0.05&quot;,&quot;title&quot;:&quot;&quot;}\" data-image-title=\"Postres deliciosos que se deshacen en la boca\" data-image-description=\"\" data-medium-file=\"https:\/\/www.sempreviaggiando.com\/wp-content\/uploads\/2014\/03\/can-cuch-hotel-montseny-15-300x225.jpg\" data-large-file=\"https:\/\/www.sempreviaggiando.com\/wp-content\/uploads\/2014\/03\/can-cuch-hotel-montseny-15.jpg\" src=\"https:\/\/i0.wp.com\/www.sempreviaggiando.com\/wp-content\/uploads\/2014\/03\/can-cuch-hotel-montseny-15.jpg?w=581&#038;h=581&#038;crop=1&#038;ssl=1\" srcset=\"https:\/\/www.sempreviaggiando.com\/wp-content\/uploads\/2014\/03\/can-cuch-hotel-montseny-15-150x150.jpg 150w, https:\/\/www.sempreviaggiando.com\/wp-content\/uploads\/2014\/03\/can-cuch-hotel-montseny-15-109x109.jpg 109w, https:\/\/www.sempreviaggiando.com\/wp-content\/uploads\/2014\/03\/can-cuch-hotel-montseny-15-185x185.jpg 185w\" width=\"581\" height=\"581\" loading=\"lazy\" data-original-width=\"581\" data-original-height=\"581\" itemprop=\"http:\/\/schema.org\/image\" title=\"Postres deliciosos que se deshacen en la boca\" alt=\"Postres deliciosos que se deshacen en la boca\" style=\"width: 581px; height: 581px;\" \/> <\/a> <\/div> <\/div> <\/div> <\/div>\n<p>El pron\u00f2stic meteorol\u00f2gic deia que seria un cap de setmana de pluges apocal\u00edptiques per\u00f2 en Salvador ja ens va avisar per email que &#8220;la climatologia del Montseny \u00e9s molt especial&#8221; i que podia passar qualsevol cosa o quedar-se en res. Va ploure, va fer vent, va caure calamarsa, va nevar (lo just per fer-nos unes quantes fotos), va sortir el sol i fins i tot vam veure un arc de Sant Mart\u00ed. Una aut\u00e8ntica classe de ci\u00e8ncies naturals! La veritat \u00e9s que est\u00e0vem TAN a gust que no ens hagu\u00e9s importat que la neu hagu\u00e9s quallat i hagu\u00e9ssim hagut de quedar-nos una nit m\u00e9s&#8230;<\/p>\n<p>Si voleu fer un regal de noces, d&#8217;aniversari o &#8220;de <em>mimos<\/em> perqu\u00e8 s\u00ed&#8221;, no ho dubteu ni un segon. L&#8217;Hotel Can Cuch. Un hotel per repetir.<\/p>\n<p>&nbsp;<\/p>\n<h3>EXCURSIONS PROP DE CAN CUCH &#8211; MONTSENY<\/h3>\n<p>Perqu\u00e8 la vostra estada sigui m\u00e9s completa, aqu\u00ed van algunes idees per fer prop de l&#8217;hotel. El Parc Natural del Montseny \u00e9s enorme i hi ha mil coses per veure. Us recomano que feu una ullada al seu <a title=\"montseny\" href=\"http:\/\/parcs.diba.cat\/es\/web\/montseny\/inici\" target=\"_blank\"><strong>web oficial<\/strong><\/a>. Al\u00a0 propi Hotel Can Cuch tamb\u00e9 us podran informar sobre rutes a peu que surten des de l&#8217;hotel.<\/p>\n<p style=\"text-align: center;\"><img loading=\"lazy\" decoding=\"async\" class=\"aligncenter  wp-image-11992\" src=\"http:\/\/www.sempreviaggiando.com\/wp-content\/uploads\/2014\/03\/can-cuch-hotel-montseny-19.jpg\" alt=\"can-cuch-hotel-montseny-19\" width=\"427\" height=\"570\" srcset=\"https:\/\/www.sempreviaggiando.com\/wp-content\/uploads\/2014\/03\/can-cuch-hotel-montseny-19.jpg 712w, https:\/\/www.sempreviaggiando.com\/wp-content\/uploads\/2014\/03\/can-cuch-hotel-montseny-19-224x300.jpg 224w\" sizes=\"auto, (max-width: 427px) 100vw, 427px\" \/><\/p>\n<p><strong>1. El Castanyer de Can Cuch.<\/strong> Una passejada molt agradable i senzilla, de 35 minuts d&#8217;anada i 35 de tornada, apte per a tots els nivells. \u00c9s pr\u00e0cticament tot al mateix nivell amb lleus pujades i baixades. El cam\u00ed \u00e9s f\u00e0cil i \u00e9s molt popular per la qual cosa segurament estareu acompanyats. A l&#8217;hotel us poden indicar per on comen\u00e7ar. El castanyer de Can Cuch \u00e9s un dels arbres m\u00e9s antics de Catalunya, amb molta hist\u00f2ria. No t\u00e9 p\u00e8rdua, \u00e9s enorme, tant, que podreu entrar-hi a dins.\u00a0 <a title=\"casta\u00f1o can cuch\" href=\"http:\/\/www.turisme-montseny.com\/es\/cultura\/castano-de-can-cuch.html\" target=\"_blank\">Saber-ne m\u00e9s<\/a><\/p>\n<p><strong>2. Pujar al Sui.<\/strong> El Sui \u00e9s un pic que queda molt a prop de Can Cuch i amb unes vistes fabuloses en un dia clar. Si esteu en forma, no us ser\u00e0 complicat pujar els 600 metres de desnivell fins a arribar als 1300 (l&#8217;hotel est\u00e0 en els 700-800). Hi ha com a m\u00ednim una hora de pujada. Per\u00f2 els que han arribat a dalt diuen que val la pena\u00a0 (<em>jo us animo des del restaurant&#8230;)<\/em>.<\/p>\n<p><strong>3. Passejada pel poble de Cardedeu.<\/strong> L&#8217;aparcament a Cardedeu \u00e9s gratu\u00eft (moltes zones senyalitzades i grau\u00eftes) i el centre es pot fer caminant tranquil\u00b7lament. Si voleu menjar alguna cosa us recomano el restaurant Granat, a la pla\u00e7a de l&#8217;Ajuntament o el bar El Pla de La Calma a la pla\u00e7a de l&#8217;esgl\u00e9sia (tots dos molt propers).<\/p>\n<p><strong>4. L&#8217;outlet comercial de la\u00a0<\/strong><strong><a title=\"la roca village\" href=\"http:\/\/www.larocavillage.com\/\" target=\"_blank\" rel=\"nofollow\">Roca Village<\/a><\/strong> es troba molt a prop i pot ser una bona idea fer una parada abans o despr\u00e9s de la vostra escapada. Marques i moda chic a preus m\u00e9s assequibles que habitualment.<\/p>\n","protected":false},"excerpt":{"rendered":"<p>Treballar a casa \u00e9s fabul\u00f3s per\u00f2 quan arriba el cap de setmana, creieu-me, el que m\u00e9s em ve de gust \u00e9s sortir-ne. On sigui: Amsterdam, Roma o fins i tot algun paratge rural prop de Barcelona. Avui us vull convidar a con\u00e8ixer un hotel singular, preci\u00f3s, totalment encantador. Dels que et sorprenen a simple vista<\/p>\n<div class=\"read-more-wrapper\"><a class=\"read-more\" href=\"https:\/\/www.sempreviaggiando.com\/ca\/2014\/03\/29\/can-cuch-escapada-romantica-al-montseny\/\" title=\"Read More\"> <span class=\"button \">Read More<\/span><\/a><\/div>\n","protected":false},"author":2,"featured_media":11985,"comment_status":"open","ping_status":"open","sticky":false,"template":"","format":"standard","meta":{"_acf_changed":false,"_bos_mb_destination":[""],"_jetpack_memberships_contains_paid_content":false,"footnotes":""},"categories":[121],"tags":[],"class_list":["post-12051","post","type-post","status-publish","format-standard","has-post-thumbnail","hentry","category-rutes-per-catalunya"],"acf":[],"jetpack_featured_media_url":"https:\/\/www.sempreviaggiando.com\/wp-content\/uploads\/2014\/03\/can-cuch-hotel-montseny-12.jpg","jetpack_sharing_enabled":true,"_links":{"self":[{"href":"https:\/\/www.sempreviaggiando.com\/ca\/wp-json\/wp\/v2\/posts\/12051","targetHints":{"allow":["GET"]}}],"collection":[{"href":"https:\/\/www.sempreviaggiando.com\/ca\/wp-json\/wp\/v2\/posts"}],"about":[{"href":"https:\/\/www.sempreviaggiando.com\/ca\/wp-json\/wp\/v2\/types\/post"}],"author":[{"embeddable":true,"href":"https:\/\/www.sempreviaggiando.com\/ca\/wp-json\/wp\/v2\/users\/2"}],"replies":[{"embeddable":true,"href":"https:\/\/www.sempreviaggiando.com\/ca\/wp-json\/wp\/v2\/comments?post=12051"}],"version-history":[{"count":6,"href":"https:\/\/www.sempreviaggiando.com\/ca\/wp-json\/wp\/v2\/posts\/12051\/revisions"}],"predecessor-version":[{"id":14177,"href":"https:\/\/www.sempreviaggiando.com\/ca\/wp-json\/wp\/v2\/posts\/12051\/revisions\/14177"}],"wp:featuredmedia":[{"embeddable":true,"href":"https:\/\/www.sempreviaggiando.com\/ca\/wp-json\/wp\/v2\/media\/11985"}],"wp:attachment":[{"href":"https:\/\/www.sempreviaggiando.com\/ca\/wp-json\/wp\/v2\/media?parent=12051"}],"wp:term":[{"taxonomy":"category","embeddable":true,"href":"https:\/\/www.sempreviaggiando.com\/ca\/wp-json\/wp\/v2\/categories?post=12051"},{"taxonomy":"post_tag","embeddable":true,"href":"https:\/\/www.sempreviaggiando.com\/ca\/wp-json\/wp\/v2\/tags?post=12051"}],"curies":[{"name":"wp","href":"https:\/\/api.w.org\/{rel}","templated":true}]}}