{"id":13814,"date":"2015-08-14T15:37:00","date_gmt":"2015-08-14T13:37:00","guid":{"rendered":"http:\/\/www.sempreviaggiando.com\/?p=13814"},"modified":"2021-01-28T09:39:37","modified_gmt":"2021-01-28T08:39:37","slug":"10-coses-a-fer-a-olot-i-la-garrotxa","status":"publish","type":"post","link":"https:\/\/www.sempreviaggiando.com\/ca\/2015\/08\/14\/10-coses-a-fer-a-olot-i-la-garrotxa\/","title":{"rendered":"10 coses a fer a Olot i la Garrotxa"},"content":{"rendered":"<p>[summary]Uns dies a\u00a0<strong>Olot<\/strong>\u00a0es\u00a0resumeixen\u00a0en\u00a0dues paraules: <strong>natura i gastronomia<\/strong>. \u00c9s el lloc perfecte per als amants del senderisme, el cicloturisme i el bon menjar &#8211; sobretot, per als carn\u00edvors![\/summary]<\/p>\n<p>Despr\u00e9s de molts estius de la meva infantesa\u00a0i sis mesos vivint aqu\u00ed de forma volunt\u00e0ria i conven\u00e7uda, ja era hora que us presenti el lloc en el qu\u00e8 visc. I, per qu\u00e8 no, que us doni <strong>10 raons per venir a descobrir la Garrotxa, una zona natural de <a href=\"http:\/\/www.sempreviaggiando.com\/ca\/s\/per-catalunya\/\" target=\"_blank\" rel=\"noopener noreferrer\">Catalunya<\/a>.<\/strong><\/p>\n<p>Si voleu <strong>descobrir la Garrotxa amb nens<\/strong>, us recomano que feu un cop d&#8217;ull tamb\u00e9 al meu altre blog on parlo exclusivament de les <a href=\"https:\/\/locaacademiafamiliar.com\/ca\/2017\/que-fer-a-la-garrotxa-amb-nens\/\" target=\"_blank\" rel=\"noopener\"><strong>millors activitats per fer amb nens a la Garrotxa<\/strong><\/a>.<\/p>\n<p>La veritat \u00e9s que n&#8217;hi ha moltes m\u00e9s, per\u00f2 a continuaci\u00f3 he seleccionat les meves\u00a0deu preferides:<\/p>\n<h3><strong><span class=\"s2\">Anar en <a href=\"http:\/\/www.sempreviaggiando.com\/ca\/2015\/12\/08\/ruta-en-bici-dolot-als-hostalets-den-bas\/\" target=\"_blank\" rel=\"noopener noreferrer\">bici per la via verda del Carrilet<\/a><\/span><\/strong><\/h3>\n<div id=\"attachment_13684\" style=\"width: 810px\" class=\"wp-caption aligncenter\"><img loading=\"lazy\" decoding=\"async\" aria-describedby=\"caption-attachment-13684\" class=\"wp-image-13684 size-full\" src=\"http:\/\/www.sempreviaggiando.com\/wp-content\/uploads\/2015\/08\/lapinya-bas.jpg\" alt=\"lapinya-bas\" width=\"800\" height=\"382\" srcset=\"https:\/\/www.sempreviaggiando.com\/wp-content\/uploads\/2015\/08\/lapinya-bas.jpg 800w, https:\/\/www.sempreviaggiando.com\/wp-content\/uploads\/2015\/08\/lapinya-bas-300x143.jpg 300w\" sizes=\"auto, (max-width: 800px) 100vw, 800px\" \/><p id=\"caption-attachment-13684\" class=\"wp-caption-text\">Paisatges\u00a0de la Pinya, Carrlet d&#8217;Olot. Foto de Levilo-Leandre via Flickr.<\/p><\/div>\n<p><strong>L&#8217;antiga ruta del tren d&#8217;Olot s&#8217;ha convertit en una via verda apta com a carril bici<\/strong>. \u00c9s una via d&#8217;escapament genial, allunyada del tr\u00e0nsit, molt freq\u00fcentada per\u00a0caminadors, ciclistes, <em>runners<\/em> i passejadors de gossos (sobretot a l&#8217;estiu, \u00e9s un dels llocs m\u00e9s frescos d&#8217;Olot). La natura abunda i el recorregut sortint d&#8217;Olot \u00e9s <strong>pla i f\u00e0cil, apte per a tota la fam\u00edlia. <\/strong><a href=\"http:\/\/www.sempreviaggiando.com\/ca\/2015\/12\/08\/ruta-en-bici-dolot-als-hostalets-den-bas\/\" target=\"_blank\" rel=\"noopener noreferrer\">Llegiu-ne m\u00e9s sobre aquesta ruta en bici.<\/a><\/p>\n<p><strong>La via verda va molt m\u00e9s enll\u00e0, fins a <a href=\"http:\/\/www.sempreviaggiando.com\/ca\/2012\/11\/04\/ruta-pels-secrets-millor-guardats-de-la-ciutat-de-girona\/\" target=\"_blank\" rel=\"noopener noreferrer\">Girona<\/a><\/strong> (sortint d&#8217;Olot, fa\u00a0baixada &#8211; <a href=\"http:\/\/www.viesverdes.cat\/CA\/53\/RUTA-DEL-CARRILET-I.html\" target=\"_blank\" rel=\"nofollow noopener noreferrer\">Veure Recorregut<\/a>). Per\u00f2 no us espanteu, no cal fer els 57km fins a Girona per gaudir de la ruta del Carrilet. <strong>Si aneu d&#8217;Olot a les Preses o a Sant Esteve d&#8217;en Bas ja podreu gaudir del preci\u00f3s paisatge de la Vall d&#8217;en Bas<\/strong>. Anada i tornada, d&#8217;Olot a les Preses, s\u00f3n uns 7,5km. Molta gent els fa caminant (1,30h aprox).<\/p>\n<p>Podeu\u00a0llogar\u00a0<strong>bicis normals i el\u00e8ctriques<\/strong>\u00a0al Centre Log\u00edstic de Bicicletes (Avinguda\u00a0de l&#8217;Estaci\u00f3, 3). <a href=\"http:\/\/bicicletes.atma.cat\/\" target=\"_blank\" rel=\"nofollow noopener noreferrer\">Veure preus\u00a0<\/a>. Tamb\u00e9 disposen d&#8217;accesorios com cadiretes per a beb\u00e9s i\u00a0ofereixen trasllats.<\/p>\n<p>&nbsp;<\/p>\n<h3><strong><span class=\"s2\">Menjar b\u00e9 a la Deu i La Moixina<\/span><\/strong><\/h3>\n<div id=\"attachment_13696\" style=\"width: 810px\" class=\"wp-caption aligncenter\"><img loading=\"lazy\" decoding=\"async\" aria-describedby=\"caption-attachment-13696\" class=\"wp-image-13696 size-full\" src=\"http:\/\/www.sempreviaggiando.com\/wp-content\/uploads\/2015\/08\/patatesblog1.jpg\" alt=\"patatesblog1\" width=\"800\" height=\"470\" srcset=\"https:\/\/www.sempreviaggiando.com\/wp-content\/uploads\/2015\/08\/patatesblog1.jpg 800w, https:\/\/www.sempreviaggiando.com\/wp-content\/uploads\/2015\/08\/patatesblog1-300x176.jpg 300w\" sizes=\"auto, (max-width: 800px) 100vw, 800px\" \/><p id=\"caption-attachment-13696\" class=\"wp-caption-text\">Patates d&#8217;Olot. Foto de http:\/\/deplatenplat.gastronomicament.cat<\/p><\/div>\n<p><strong><a href=\"http:\/\/www.ladeu.es\/web\/\" target=\"_blank\" rel=\"nofollow noopener noreferrer\">La Deu<\/a> i <a href=\"http:\/\/www.fontmoixina.com\/\" target=\"_blank\" rel=\"nofollow noopener noreferrer\">la Moixina<\/a> s\u00f3n dos dels restaurants m\u00edtics d&#8217;<a href=\"https:\/\/descobreixolot.cat\" target=\"_blank\" rel=\"noopener\">Olot<\/a>.<\/strong> Pel seu entorn natural preci\u00f3s s\u00f3n el t\u00edpic lloc de la &#8220;BBC&#8221; (Bodes, Batejos i Comunions) per\u00f2 la veritat \u00e9s que tamb\u00e9 tenen men\u00fas de dia que estan molt b\u00e9 (La Deu, men\u00fa per 13,50 \u20ac i la Moixina, per 10,50\u20ac). I <strong><a href=\"https:\/\/www.descobreixolot.cat\/la-moixina-top-10-olot\/\" rel=\"nofollow\" target=\"_blank\" rel=\"noopener noreferrer\">l&#8217;entorn en el qual estan<\/a><\/strong> <strong>mereix\u00a0una passejada! <\/strong>Tant La Deu com La Moixina pertanyen al grup<strong> &#8220;<a href=\"http:\/\/www.cuinavolcanica.cat\/ca\/restaurants\" target=\"_blank\" rel=\"noopener noreferrer\">Cuina Volc\u00e0nica<\/a>&#8220;<\/strong> que aposta per oferir una gastronomia t\u00edpica de La Garrotxa, amb productes de proximitat i receptes de sempre.<\/p>\n<p><strong>La Carretera del Triai passa per davant de tots dos restaurants<\/strong>. Es tracta d&#8217;una carretera estreta, apta per a la circulaci\u00f3 per\u00f2 en la qual la majoria de gent va a peu. Resulta molt agradable fer una volta pel Triai, i \u00e9s un lloc freq\u00fcentat per la gent local.<strong> Tranquil\u00b7litat, calma i vistes \u00e9s el que us hi trobareu.<\/strong><\/p>\n<p>A La Deu no oblideu provar les <strong>Patates Farcides o Patates d&#8217;Olot <\/strong>(les de la foto), t\u00edpiques de la zona: dues patates molt fines que envolten carn picada. Delicioses! Tamb\u00e9 les fan per emportar.<\/p>\n<h3><strong>Passar un dia a p\u00e0ges a la Granja Mas la Coromina<\/strong><\/h3>\n<div class=\"tiled-gallery type-rectangular tiled-gallery-unresized\" data-original-width=\"1170\" data-carousel-extra='{&quot;blog_id&quot;:1,&quot;permalink&quot;:&quot;https:\\\/\\\/www.sempreviaggiando.com\\\/ca\\\/2015\\\/08\\\/14\\\/10-coses-a-fer-a-olot-i-la-garrotxa\\\/&quot;,&quot;likes_blog_id&quot;:12732733}' itemscope itemtype=\"http:\/\/schema.org\/ImageGallery\" > <div class=\"gallery-row\" style=\"width: 1170px; height: 392px;\" data-original-width=\"1170\" data-original-height=\"392\" > <div class=\"gallery-group images-1\" style=\"width: 295px; height: 392px;\" data-original-width=\"295\" data-original-height=\"392\" > <div class=\"tiled-gallery-item tiled-gallery-item-large\" itemprop=\"associatedMedia\" itemscope itemtype=\"http:\/\/schema.org\/ImageObject\"> <a href=\"https:\/\/www.sempreviaggiando.com\/ca\/2015\/08\/14\/10-coses-a-fer-a-olot-i-la-garrotxa\/granja-mas-coromina-2-2\/\" border=\"0\" itemprop=\"url\"> <meta itemprop=\"width\" content=\"291\"> <meta itemprop=\"height\" content=\"388\"> <img decoding=\"async\" class=\"\" data-attachment-id=\"20774\" data-orig-file=\"https:\/\/www.sempreviaggiando.com\/wp-content\/uploads\/2015\/08\/granja-mas-coromina-2.jpg\" data-orig-size=\"678,904\" data-comments-opened=\"\" data-image-meta=\"{&quot;aperture&quot;:&quot;0&quot;,&quot;credit&quot;:&quot;&quot;,&quot;camera&quot;:&quot;&quot;,&quot;caption&quot;:&quot;&quot;,&quot;created_timestamp&quot;:&quot;0&quot;,&quot;copyright&quot;:&quot;&quot;,&quot;focal_length&quot;:&quot;0&quot;,&quot;iso&quot;:&quot;0&quot;,&quot;shutter_speed&quot;:&quot;0&quot;,&quot;title&quot;:&quot;&quot;,&quot;orientation&quot;:&quot;0&quot;}\" data-image-title=\"granja-mas-coromina-2\" data-image-description=\"\" data-medium-file=\"https:\/\/www.sempreviaggiando.com\/wp-content\/uploads\/2015\/08\/granja-mas-coromina-2-225x300.jpg\" data-large-file=\"https:\/\/www.sempreviaggiando.com\/wp-content\/uploads\/2015\/08\/granja-mas-coromina-2.jpg\" src=\"https:\/\/i0.wp.com\/www.sempreviaggiando.com\/wp-content\/uploads\/2015\/08\/granja-mas-coromina-2.jpg?w=291&#038;h=388&#038;ssl=1\" srcset=\"https:\/\/www.sempreviaggiando.com\/wp-content\/uploads\/2015\/08\/granja-mas-coromina-2.jpg 678w, https:\/\/www.sempreviaggiando.com\/wp-content\/uploads\/2015\/08\/granja-mas-coromina-2-225x300.jpg 225w\" width=\"291\" height=\"388\" loading=\"lazy\" data-original-width=\"291\" data-original-height=\"388\" itemprop=\"http:\/\/schema.org\/image\" title=\"granja-mas-coromina-2\" alt=\"granja-mas-coromina-2\" style=\"width: 291px; height: 388px;\" \/> <\/a> <\/div> <\/div> <!-- close group --> <div class=\"gallery-group images-1\" style=\"width: 295px; height: 392px;\" data-original-width=\"295\" data-original-height=\"392\" > <div class=\"tiled-gallery-item tiled-gallery-item-large\" itemprop=\"associatedMedia\" itemscope itemtype=\"http:\/\/schema.org\/ImageObject\"> <a href=\"https:\/\/www.sempreviaggiando.com\/ca\/2015\/08\/14\/10-coses-a-fer-a-olot-i-la-garrotxa\/granja-mas-coromina-3-2\/\" border=\"0\" itemprop=\"url\"> <meta itemprop=\"width\" content=\"291\"> <meta itemprop=\"height\" content=\"388\"> <img decoding=\"async\" class=\"\" data-attachment-id=\"20773\" data-orig-file=\"https:\/\/www.sempreviaggiando.com\/wp-content\/uploads\/2015\/08\/granja-mas-coromina-3.jpg\" data-orig-size=\"678,904\" data-comments-opened=\"\" data-image-meta=\"{&quot;aperture&quot;:&quot;0&quot;,&quot;credit&quot;:&quot;&quot;,&quot;camera&quot;:&quot;&quot;,&quot;caption&quot;:&quot;&quot;,&quot;created_timestamp&quot;:&quot;0&quot;,&quot;copyright&quot;:&quot;&quot;,&quot;focal_length&quot;:&quot;0&quot;,&quot;iso&quot;:&quot;0&quot;,&quot;shutter_speed&quot;:&quot;0&quot;,&quot;title&quot;:&quot;&quot;,&quot;orientation&quot;:&quot;0&quot;}\" data-image-title=\"granja-mas-coromina-3\" data-image-description=\"\" data-medium-file=\"https:\/\/www.sempreviaggiando.com\/wp-content\/uploads\/2015\/08\/granja-mas-coromina-3-225x300.jpg\" data-large-file=\"https:\/\/www.sempreviaggiando.com\/wp-content\/uploads\/2015\/08\/granja-mas-coromina-3.jpg\" src=\"https:\/\/i0.wp.com\/www.sempreviaggiando.com\/wp-content\/uploads\/2015\/08\/granja-mas-coromina-3.jpg?w=291&#038;h=388&#038;ssl=1\" srcset=\"https:\/\/www.sempreviaggiando.com\/wp-content\/uploads\/2015\/08\/granja-mas-coromina-3.jpg 678w, https:\/\/www.sempreviaggiando.com\/wp-content\/uploads\/2015\/08\/granja-mas-coromina-3-225x300.jpg 225w\" width=\"291\" height=\"388\" loading=\"lazy\" data-original-width=\"291\" data-original-height=\"388\" itemprop=\"http:\/\/schema.org\/image\" title=\"granja-mas-coromina-3\" alt=\"granja-mas-coromina-3\" style=\"width: 291px; height: 388px;\" \/> <\/a> <\/div> <\/div> <!-- close group --> <div class=\"gallery-group images-1\" style=\"width: 580px; height: 392px;\" data-original-width=\"580\" data-original-height=\"392\" > <div class=\"tiled-gallery-item tiled-gallery-item-large\" itemprop=\"associatedMedia\" itemscope itemtype=\"http:\/\/schema.org\/ImageObject\"> <a href=\"https:\/\/www.sempreviaggiando.com\/ca\/2015\/08\/14\/10-coses-a-fer-a-olot-i-la-garrotxa\/granja-mas-coromina-4\/\" border=\"0\" itemprop=\"url\"> <meta itemprop=\"width\" content=\"576\"> <meta itemprop=\"height\" content=\"388\"> <img decoding=\"async\" class=\"\" data-attachment-id=\"20772\" data-orig-file=\"https:\/\/www.sempreviaggiando.com\/wp-content\/uploads\/2015\/08\/granja-mas-coromina.jpg\" data-orig-size=\"960,648\" data-comments-opened=\"\" data-image-meta=\"{&quot;aperture&quot;:&quot;0&quot;,&quot;credit&quot;:&quot;&quot;,&quot;camera&quot;:&quot;&quot;,&quot;caption&quot;:&quot;&quot;,&quot;created_timestamp&quot;:&quot;0&quot;,&quot;copyright&quot;:&quot;&quot;,&quot;focal_length&quot;:&quot;0&quot;,&quot;iso&quot;:&quot;0&quot;,&quot;shutter_speed&quot;:&quot;0&quot;,&quot;title&quot;:&quot;&quot;,&quot;orientation&quot;:&quot;0&quot;}\" data-image-title=\"granja-mas-coromina\" data-image-description=\"\" data-medium-file=\"https:\/\/www.sempreviaggiando.com\/wp-content\/uploads\/2015\/08\/granja-mas-coromina-300x203.jpg\" data-large-file=\"https:\/\/www.sempreviaggiando.com\/wp-content\/uploads\/2015\/08\/granja-mas-coromina.jpg\" src=\"https:\/\/i0.wp.com\/www.sempreviaggiando.com\/wp-content\/uploads\/2015\/08\/granja-mas-coromina.jpg?w=576&#038;h=388&#038;ssl=1\" srcset=\"https:\/\/www.sempreviaggiando.com\/wp-content\/uploads\/2015\/08\/granja-mas-coromina.jpg 960w, https:\/\/www.sempreviaggiando.com\/wp-content\/uploads\/2015\/08\/granja-mas-coromina-300x203.jpg 300w, https:\/\/www.sempreviaggiando.com\/wp-content\/uploads\/2015\/08\/granja-mas-coromina-768x518.jpg 768w\" width=\"576\" height=\"388\" loading=\"lazy\" data-original-width=\"576\" data-original-height=\"388\" itemprop=\"http:\/\/schema.org\/image\" title=\"granja-mas-coromina\" alt=\"granja-mas-coromina\" style=\"width: 576px; height: 388px;\" \/> <\/a> <\/div> <\/div> <!-- close group --> <\/div> <!-- close row --> <\/div>\n<p><strong>Si voleu passar un dia a pag\u00e8s, envoltats de vaques, gallines, tractors i altres animals de granja, apropeu-vos a la <a href=\"http:\/\/www.maslacoromina.cat\/\" target=\"_blank\" rel=\"nofollow noopener\">granja Mas la Coromina<\/a>, a Joanetes (Vall d&#8217;en Bas<\/strong>, a 10 min d&#8217;Olot). Els seus amos, l&#8217;Isabel i l&#8217;Albert, fan visites guiades molt familiars i agradables per con\u00e8ixer una mica m\u00e9s de prop com \u00e9s la vida al camp.<\/p>\n<p>S\u00f3n visites en grups redu\u00efts en les que podreu <strong>veure de prop els animals, acariciar algun conill, donar de menjar a les vaques i entendre com \u00e9s el proc\u00e9s de la llet.<\/strong> Mas La Coromina se centra precisament en la producci\u00f3 de la llet i pertany a les granges ATO. Tenen actualment 400 vaques.<\/p>\n<p><strong>La visita costa 5 \u20ac i al final podreu degustar formatges i iogurts d&#8217;elaboraci\u00f3 pr\u00f2pia<\/strong> (bon\u00edssims! \ud83d\ude42 ). A m\u00e9s, els nens podran jugar en un mural gegant amb imants per posar en pr\u00e0ctica tot all\u00f2 apr\u00e8s durant la visita. <strong>Podeu reservar la visita a la seva p\u00e0gina<\/strong> <strong>web<\/strong>\u00a0<a href=\"http:\/\/www.maslacoromina.cat\/\" target=\"_blank\" rel=\"nofollow noopener\"><strong>MasLaCoromina.cat<\/strong><\/a><\/p>\n<h3><strong><span class=\"s2\">Passejar per les Fonts de Sant Roc i el Parc Tossols-Basil<\/span><\/strong><\/h3>\n<div id=\"attachment_13679\" style=\"width: 1034px\" class=\"wp-caption aligncenter\"><img loading=\"lazy\" decoding=\"async\" aria-describedby=\"caption-attachment-13679\" class=\"wp-image-13679 size-full\" src=\"http:\/\/www.sempreviaggiando.com\/wp-content\/uploads\/2015\/08\/santroc.jpg\" alt=\"santroc\" width=\"1024\" height=\"686\" srcset=\"https:\/\/www.sempreviaggiando.com\/wp-content\/uploads\/2015\/08\/santroc.jpg 1024w, https:\/\/www.sempreviaggiando.com\/wp-content\/uploads\/2015\/08\/santroc-300x201.jpg 300w\" sizes=\"auto, (max-width: 1024px) 100vw, 1024px\" \/><p id=\"caption-attachment-13679\" class=\"wp-caption-text\">Fonts de Sant Roc. Foto de magrama.gob.es<\/p><\/div>\n<p><strong>Aquest \u00e9s un dels meus llocs preferits\u00a0d&#8217;Olot<\/strong>, potser perqu\u00e8 hi anava sempre de petita. Les Fonts de Sant Roc poden ser un bon inici per a la ruta del bicicarril, ja que estan molt a prop de l&#8217;antiga estaci\u00f3. Per\u00f2 si avui preferiu deixar la bici aparcada, apropeu-vos a les fonts per passejar i gaudir de la calma. <strong>D&#8217;un\u00a0costat\u00a0del pont de Sant Roc, arribareu a les fonts i a la resclosa. I si entreu per l&#8217;altre costat del pont, anireu en direcci\u00f3 al parc de Tossols-Basil,<\/strong> un recorregut f\u00e0cil i amable, enmig de la natura, sempre seguint el riu Fluvi\u00e0.<\/p>\n<h3><strong><span class=\"s2\">Visitar el Parc de Pedra Tosca<\/span><\/strong><\/h3>\n<div id=\"attachment_13687\" style=\"width: 810px\" class=\"wp-caption aligncenter\"><img loading=\"lazy\" decoding=\"async\" aria-describedby=\"caption-attachment-13687\" class=\"wp-image-13687 size-full\" src=\"http:\/\/www.sempreviaggiando.com\/wp-content\/uploads\/2015\/08\/pedratosca.jpg\" alt=\"pedratosca\" width=\"800\" height=\"450\" srcset=\"https:\/\/www.sempreviaggiando.com\/wp-content\/uploads\/2015\/08\/pedratosca.jpg 800w, https:\/\/www.sempreviaggiando.com\/wp-content\/uploads\/2015\/08\/pedratosca-300x169.jpg 300w\" sizes=\"auto, (max-width: 800px) 100vw, 800px\" \/><p id=\"caption-attachment-13687\" class=\"wp-caption-text\">Parc Pedra Tosca. Foto de James Kirk via Flickr<\/p><\/div>\n<p>Enmig del bicicarril, entre Olot i les Preses, trobareu el <strong><a href=\"http:\/\/ca.turismegarrotxa.com\/la-garrotxa\/territori-i-natura\/parc-natural-i-espais-protegits\/parc-natural-de-la-zona-volcanica-de-la-garrotxa\/parc-de-pedra-tosca\/\" target=\"_blank\" rel=\"nofollow noopener noreferrer\">Parc de Pedra Tosca<\/a><\/strong>, <strong>un parc volc\u00e0nic que podreu rec\u00f3rrer en visita lliure o guiada, per con\u00e8ixer l&#8217;entorn natural volc\u00e0nic de la zona<\/strong>. Es tracta d&#8217;un laberint de camins, corriols i cabanes que ofereixen un passeig ben dist\u00e8s. Podeu arribar-hi amb cotxe; el parc est\u00e0 ben senyalitzat a la <strong>carretera entre Olot i les Preses<\/strong>. Un lloc ben curi\u00f3s!<\/p>\n<h3><strong><span class=\"s2\">Passejar per\u00a0un volc\u00e0<\/span><\/strong><\/h3>\n<div id=\"attachment_13693\" style=\"width: 1290px\" class=\"wp-caption aligncenter\"><img loading=\"lazy\" decoding=\"async\" aria-describedby=\"caption-attachment-13693\" class=\"wp-image-13693 size-full\" src=\"http:\/\/www.sempreviaggiando.com\/wp-content\/uploads\/2015\/08\/croscat1.jpg\" alt=\"croscat\" width=\"1280\" height=\"853\" srcset=\"https:\/\/www.sempreviaggiando.com\/wp-content\/uploads\/2015\/08\/croscat1.jpg 1280w, https:\/\/www.sempreviaggiando.com\/wp-content\/uploads\/2015\/08\/croscat1-300x200.jpg 300w, https:\/\/www.sempreviaggiando.com\/wp-content\/uploads\/2015\/08\/croscat1-1024x682.jpg 1024w\" sizes=\"auto, (max-width: 1280px) 100vw, 1280px\" \/><p id=\"caption-attachment-13693\" class=\"wp-caption-text\">Volc\u00e0 Croscat<\/p><\/div>\n<p><strong>Als voltants d&#8217;Olot<\/strong> <strong>hi ha una quarantena de volcans i m\u00e9s de vint colades de lava bas\u00e0ltiques.<\/strong> No hi ha excusa per no visitar-ne algun! Els m\u00e9s coneguts s\u00f3n:<\/p>\n<ul>\n<li><strong><a href=\"https:\/\/www.descobreixolot.cat\/historia-i-histories-del-volca-montsacopa\/\" target=\"_blank\" rel=\"nofollow noopener noreferrer\">Volc\u00e0 Montsacopa<\/a><\/strong>: al centre d&#8217;Olot, \u00e9s un dels volcans que es poden veure des de la ciutat. El diferenciareu\u00a0d&#8217;altres perqu\u00e8 el Montsacopa t\u00e9 una esgl\u00e9sia a la part alta del volc\u00e0 (esgl\u00e9sia de Sant Francesc). Podeu pujar-hi caminant per un\u00a0cam\u00ed\u00a0d&#8217;escales o b\u00e9 per un\u00a0altre cam\u00ed m\u00e9s empinat que \u00e9s m\u00e9s aviat una\u00a0rampa.<\/li>\n<li><strong><a href=\"https:\/\/ca.wikipedia.org\/wiki\/Volc%C3%A0_de_Santa_Margarida\" target=\"_blank\" rel=\"noopener noreferrer\">Volc\u00e0 Santa Maragarita<\/a><\/strong>: a primera vista podria ser una muntanya qualsevol, per\u00f2 a l&#8217;arribar a dalt de tot (atenci\u00f3, que puja bastant) us adonareu de l&#8217;impressionant cr\u00e0ter del volc\u00e0. Un cr\u00e0ter verd, ideal per a un picnic o un descans.<\/li>\n<li><strong><a href=\"http:\/\/ca.turismegarrotxa.com\/la-garrotxa\/territori-i-natura\/parc-natural-i-espais-protegits\/parc-natural-de-la-zona-volcanica-de-la-garrotxa\/reserva-natural-del-volca-del-croscat\/\" target=\"_blank\" rel=\"nofollow noopener noreferrer\">Volc\u00e0 Croscat<\/a><\/strong>: el volc\u00e0 preferit\u00a0per a\u00a0molts pel seu impressionant tall que permet veure les capes del volc\u00e0. Durant 25 anys es va destinar a l&#8217;explotaci\u00f3 de gredes, per aix\u00f2 existeix aquest tall enorme.<\/li>\n<\/ul>\n<h3><strong><span class=\"s2\">Admirar les vistes des de Xenacs<\/span><\/strong><\/h3>\n<div id=\"attachment_13692\" style=\"width: 1290px\" class=\"wp-caption aligncenter\"><img loading=\"lazy\" decoding=\"async\" aria-describedby=\"caption-attachment-13692\" class=\"wp-image-13692 size-full\" src=\"http:\/\/www.sempreviaggiando.com\/wp-content\/uploads\/2015\/08\/xenacs.jpg\" alt=\"xenacs\" width=\"1280\" height=\"853\" srcset=\"https:\/\/www.sempreviaggiando.com\/wp-content\/uploads\/2015\/08\/xenacs.jpg 1280w, https:\/\/www.sempreviaggiando.com\/wp-content\/uploads\/2015\/08\/xenacs-300x200.jpg 300w, https:\/\/www.sempreviaggiando.com\/wp-content\/uploads\/2015\/08\/xenacs-1024x682.jpg 1024w\" sizes=\"auto, (max-width: 1280px) 100vw, 1280px\" \/><p id=\"caption-attachment-13692\" class=\"wp-caption-text\">Mirador de Xenacs un d\u00eda d&#8217;abril<\/p><\/div>\n<p><strong>La muntanya de <a href=\"http:\/\/ca.turismegarrotxa.com\/la-garrotxa\/territori-i-natura\/parc-natural-i-espais-protegits\/parc-natural-de-la-zona-volcanica-de-la-garrotxa\/area-de-xenacs\/\" target=\"_blank\" rel=\"noopener noreferrer\">Xenacs<\/a><\/strong> \u00e9s una \u00e0rea recreativa natural plena de senders per a excursionistes i ideal\u00a0per descobrir la natura en fam\u00edlia. Es pot pujar amb cotxe fins a dalt (encara que n&#8217;hi ha uns quants que hi\u00a0pugen en bici o caminant) i hi ha bar-restaurant i zona de p\u00edcnic amb barbacoa. El millor de tot s\u00f3n<strong> les vistes des del mirador de Xenacs -cap a Olot i la Vall d&#8217;en Bas<\/strong>.<\/p>\n<p>Des de dalt, surten algunes rutes a peu per anar visitant diferents zones de la muntanya (<strong>la nostra recomanaci\u00f3: fer la ruta del Puig Rod\u00f3<\/strong>, que tamb\u00e9 t\u00e9 fabuloses vistes cap a l&#8217;altre costat de la vall).<\/p>\n<h3><strong><span class=\"s2\">Saludar les oques\u00a0del\u00a0Parc Nou<\/span><\/strong><\/h3>\n<div id=\"attachment_13686\" style=\"width: 810px\" class=\"wp-caption aligncenter\"><img loading=\"lazy\" decoding=\"async\" aria-describedby=\"caption-attachment-13686\" class=\"wp-image-13686 size-full\" src=\"http:\/\/www.sempreviaggiando.com\/wp-content\/uploads\/2015\/08\/parcnou.jpg\" alt=\"parcnou\" width=\"800\" height=\"426\" srcset=\"https:\/\/www.sempreviaggiando.com\/wp-content\/uploads\/2015\/08\/parcnou.jpg 800w, https:\/\/www.sempreviaggiando.com\/wp-content\/uploads\/2015\/08\/parcnou-300x160.jpg 300w\" sizes=\"auto, (max-width: 800px) 100vw, 800px\" \/><p id=\"caption-attachment-13686\" class=\"wp-caption-text\">Parc Nou<\/p><\/div>\n<p>Si el que voleu \u00e9s un pla tranquil, sense necessitat d&#8217;agafar el cotxe, el Parc Nou pot ser una gran idea. No \u00e9s el Central Park de Nova York, per\u00f2 gaireb\u00e9 \ud83d\ude09 El parc est\u00e0 enmig de la ciutat per\u00f2 per la gran al\u00e7ada dels arbres i l&#8217;extensa natura que l&#8217;envolta queda totalment a\u00efllat del tr\u00e0nsit. <strong>Un lloc perfecte per a un p\u00edcnic, un partit de futbol o per prendre el sol. A l&#8217;estiu, solen haver-hi activitats i concerts programats per les tardes.<\/strong> I durant tot l&#8217;any podreu con\u00e8ixer\u00a0les sorolloses per\u00f2 simp\u00e0tiques ve\u00efnes del parc: <strong>les oques<\/strong>. Al Parc Nou tamb\u00e9 hi ha una cafeteria i el Museu de Volcans.<\/p>\n<h3><strong>Descobrir les ermites de Sant Miquel del Corb i Sant Mart\u00ed<\/strong><\/h3>\n<div class=\"tiled-gallery type-rectangular tiled-gallery-unresized\" data-original-width=\"1170\" data-carousel-extra='{&quot;blog_id&quot;:1,&quot;permalink&quot;:&quot;https:\\\/\\\/www.sempreviaggiando.com\\\/ca\\\/2015\\\/08\\\/14\\\/10-coses-a-fer-a-olot-i-la-garrotxa\\\/&quot;,&quot;likes_blog_id&quot;:12732733}' itemscope itemtype=\"http:\/\/schema.org\/ImageGallery\" > <div class=\"gallery-row\" style=\"width: 1170px; height: 540px;\" data-original-width=\"1170\" data-original-height=\"540\" > <div class=\"gallery-group images-1\" style=\"width: 361px; height: 540px;\" data-original-width=\"361\" data-original-height=\"540\" > <div class=\"tiled-gallery-item tiled-gallery-item-large\" itemprop=\"associatedMedia\" itemscope itemtype=\"http:\/\/schema.org\/ImageObject\"> <meta itemprop=\"width\" content=\"357\"> <meta itemprop=\"height\" content=\"536\"> <img decoding=\"async\" class=\"\" data-attachment-id=\"19903\" data-orig-file=\"https:\/\/www.sempreviaggiando.com\/wp-content\/uploads\/2015\/08\/santmarti.jpg\" data-orig-size=\"853,1280\" data-comments-opened=\"\" data-image-meta=\"{&quot;aperture&quot;:&quot;5.6&quot;,&quot;credit&quot;:&quot;&quot;,&quot;camera&quot;:&quot;Canon EOS 1000D&quot;,&quot;caption&quot;:&quot;&quot;,&quot;created_timestamp&quot;:&quot;1428151652&quot;,&quot;copyright&quot;:&quot;&quot;,&quot;focal_length&quot;:&quot;19&quot;,&quot;iso&quot;:&quot;200&quot;,&quot;shutter_speed&quot;:&quot;0.008&quot;,&quot;title&quot;:&quot;&quot;,&quot;orientation&quot;:&quot;0&quot;}\" data-image-title=\"santmarti\" data-image-description=\"\" data-medium-file=\"https:\/\/www.sempreviaggiando.com\/wp-content\/uploads\/2015\/08\/santmarti-200x300.jpg\" data-large-file=\"https:\/\/www.sempreviaggiando.com\/wp-content\/uploads\/2015\/08\/santmarti-682x1024.jpg\" src=\"https:\/\/i0.wp.com\/www.sempreviaggiando.com\/wp-content\/uploads\/2015\/08\/santmarti.jpg?w=357&#038;h=536&#038;ssl=1\" srcset=\"https:\/\/www.sempreviaggiando.com\/wp-content\/uploads\/2015\/08\/santmarti.jpg 853w, https:\/\/www.sempreviaggiando.com\/wp-content\/uploads\/2015\/08\/santmarti-200x300.jpg 200w, https:\/\/www.sempreviaggiando.com\/wp-content\/uploads\/2015\/08\/santmarti-682x1024.jpg 682w\" width=\"357\" height=\"536\" loading=\"lazy\" data-original-width=\"357\" data-original-height=\"536\" itemprop=\"http:\/\/schema.org\/image\" title=\"santmarti\" alt=\"Sant Mart\u00ed\" style=\"width: 357px; height: 536px;\" \/> <div class=\"tiled-gallery-caption\" itemprop=\"caption description\"> Sant Mart\u00ed <\/div> <\/div> <\/div> <!-- close group --> <div class=\"gallery-group images-1\" style=\"width: 809px; height: 540px;\" data-original-width=\"809\" data-original-height=\"540\" > <div class=\"tiled-gallery-item tiled-gallery-item-large\" itemprop=\"associatedMedia\" itemscope itemtype=\"http:\/\/schema.org\/ImageObject\"> <meta itemprop=\"width\" content=\"805\"> <meta itemprop=\"height\" content=\"536\"> <img decoding=\"async\" class=\"\" data-attachment-id=\"19904\" data-orig-file=\"https:\/\/www.sempreviaggiando.com\/wp-content\/uploads\/2015\/08\/santmiquel.jpg\" data-orig-size=\"1280,853\" data-comments-opened=\"\" data-image-meta=\"{&quot;aperture&quot;:&quot;8&quot;,&quot;credit&quot;:&quot;&quot;,&quot;camera&quot;:&quot;Canon EOS 1000D&quot;,&quot;caption&quot;:&quot;&quot;,&quot;created_timestamp&quot;:&quot;1428153489&quot;,&quot;copyright&quot;:&quot;&quot;,&quot;focal_length&quot;:&quot;19&quot;,&quot;iso&quot;:&quot;200&quot;,&quot;shutter_speed&quot;:&quot;0.005&quot;,&quot;title&quot;:&quot;&quot;,&quot;orientation&quot;:&quot;1&quot;}\" data-image-title=\"santmiquel\" data-image-description=\"\" data-medium-file=\"https:\/\/www.sempreviaggiando.com\/wp-content\/uploads\/2015\/08\/santmiquel-300x200.jpg\" data-large-file=\"https:\/\/www.sempreviaggiando.com\/wp-content\/uploads\/2015\/08\/santmiquel-1024x682.jpg\" src=\"https:\/\/i0.wp.com\/www.sempreviaggiando.com\/wp-content\/uploads\/2015\/08\/santmiquel.jpg?w=805&#038;h=536&#038;ssl=1\" srcset=\"https:\/\/www.sempreviaggiando.com\/wp-content\/uploads\/2015\/08\/santmiquel.jpg 1280w, https:\/\/www.sempreviaggiando.com\/wp-content\/uploads\/2015\/08\/santmiquel-300x200.jpg 300w, https:\/\/www.sempreviaggiando.com\/wp-content\/uploads\/2015\/08\/santmiquel-1024x682.jpg 1024w\" width=\"805\" height=\"536\" loading=\"lazy\" data-original-width=\"805\" data-original-height=\"536\" itemprop=\"http:\/\/schema.org\/image\" title=\"santmiquel\" alt=\"Sant Miquel\" style=\"width: 805px; height: 536px;\" \/> <div class=\"tiled-gallery-caption\" itemprop=\"caption description\"> Sant Miquel <\/div> <\/div> <\/div> <!-- close group --> <\/div> <!-- close row --> <\/div>\n<p>Entre Olot i les Preses hi ha\u00a0un recorregut preci\u00f3s i poc conegut que us portar\u00e0 a <strong>dues ermites entranyables: Sant Miquel del Corb i Sant Mart\u00ed<\/strong> (1h aprox). El cam\u00ed puja molt poc i \u00e9s senzill. Bona part del cam\u00ed \u00e9s a l&#8217;ombra i resulta una passejada agradable per desconnectar. Cal anar-hi amb cotxe, trobareu el desviament senyalitzat &#8220;Sant Miquel del Corb&#8221; a la carretera entre Olot i les Preses. Haureu de deixar el cotxe uns 3km m\u00e9s enll\u00e0, <strong>quan comen\u00e7a la Zona Volc\u00e0nica de la Garrotxa i arribar-hi a peu.<\/strong><\/p>\n<h3><strong>Visitar els\u00a0pobles\u00a0de la Vall d&#8217;en Bas<\/strong><\/h3>\n<div id=\"attachment_13683\" style=\"width: 810px\" class=\"wp-caption aligncenter\"><img loading=\"lazy\" decoding=\"async\" aria-describedby=\"caption-attachment-13683\" class=\"wp-image-13683 size-full\" src=\"http:\/\/www.sempreviaggiando.com\/wp-content\/uploads\/2015\/08\/hostalets.jpg\" alt=\"hostalets\" width=\"800\" height=\"530\" srcset=\"https:\/\/www.sempreviaggiando.com\/wp-content\/uploads\/2015\/08\/hostalets.jpg 800w, https:\/\/www.sempreviaggiando.com\/wp-content\/uploads\/2015\/08\/hostalets-300x199.jpg 300w\" sizes=\"auto, (max-width: 800px) 100vw, 800px\" \/><p id=\"caption-attachment-13683\" class=\"wp-caption-text\">Hostalets de Bas. Foto de Maria Rosa Ferr\u00e9 via Flickr<\/p><\/div>\n<p><strong>No us perdeu Sant Privat, els Hostalets d&#8217;en Bas o El Mallol. Podeu fer la carretera de la Parcel\u00b7l\u00e0ria<\/strong> (antiga carretera que unia els pobles, ara \u00e9s carretera secund\u00e0ria freq\u00fcentada per ciclistes, caminadors i ve\u00efns). Els pobles en si s\u00f3n molt petits i es visiten en q\u00fcesti\u00f3 de minuts, per\u00f2 el conjunt del paisatge resulta encantador. Si esteu per all\u00e0 <strong>a l&#8217;agost, podreu gaudir de les festes de cada poble<\/strong> (pr\u00e0cticament n&#8217;hi ha una cada cap de setmana).<\/p>\n<h3><span class=\"s2\"><strong>Banyar-se\u00a0en unes gorgues<\/strong><br \/>\n<\/span><\/h3>\n<div id=\"attachment_13699\" style=\"width: 810px\" class=\"wp-caption aligncenter\"><img loading=\"lazy\" decoding=\"async\" aria-describedby=\"caption-attachment-13699\" class=\"wp-image-13699 size-full\" src=\"http:\/\/www.sempreviaggiando.com\/wp-content\/uploads\/2015\/08\/gorg-moli-murris.jpeg\" alt=\"gorg-moli-murris\" width=\"800\" height=\"533\" srcset=\"https:\/\/www.sempreviaggiando.com\/wp-content\/uploads\/2015\/08\/gorg-moli-murris.jpeg 800w, https:\/\/www.sempreviaggiando.com\/wp-content\/uploads\/2015\/08\/gorg-moli-murris-300x200.jpeg 300w\" sizes=\"auto, (max-width: 800px) 100vw, 800px\" \/><p id=\"caption-attachment-13699\" class=\"wp-caption-text\">Mol\u00ed del Murris<\/p><\/div>\n<p><strong>A la zona de Sant Privat i les Planes d&#8217;Hostoles hi ha un parell de gorgues i petites cascades.<\/strong> Passat el poble de Sant Privat, seguint per la carretera, arribareu a unes d&#8217;elles; ben conegudes, de f\u00e0cil acc\u00e9s en cotxe i amb zona de picnic i barbacoa.<\/p>\n<p>M\u00e9s enll\u00e0, a les Planes d&#8217;Hostoles, en trobareu dues m\u00e9s: el <strong><a href=\"http:\/\/www.sempreviaggiando.com\/ca\/2015\/08\/21\/excursions-a-la-garrotxa-gorg-del-moli-del-murris-i-gorg-de-la-plana\/\" target=\"_blank\" rel=\"noopener noreferrer\">Gorg de la Plana i el Mol\u00ed del Murris<\/a><\/strong>. Les dues accessibles caminant des les Planes (i ben senyalitzades), tot i que al Mol\u00ed hi podeu arribar en cotxe fins l&#8217;aparcament situat a cinc minuts del gorg. <strong>Les dues\u00a0gorgues\u00a0es troben molt f\u00e0cilment despr\u00e9s de caminar 10 minuts per camins naturals f\u00e0cils<\/strong>. S\u00f3n un veritable espectacle natural!<\/p>\n<hr \/>\n<p>&nbsp;<\/p>\n<p><em>Com a bonus extra, passegeu\u00a0per\u00a0<strong>Santa Pau i Besal\u00fa<\/strong> (pobles medievals preciosos, i MOLT\u00a0tur\u00edstics) i descobriu la <a href=\"http:\/\/ca.turismegarrotxa.com\/la-garrotxa\/territori-i-natura\/parc-natural-i-espais-protegits\/parc-natural-de-la-zona-volcanica-de-la-garrotxa\/reserva-natural-de-la-fageda-d-en-jorda\/\" target=\"_blank\" rel=\"nofollow noopener noreferrer\"><strong>Fageda d&#8217;en Jord\u00e0<\/strong><\/a> (sobretot a la tardor!).\u00a0<\/em><\/p>\n<div class=\"well\">La millor forma <strong>d&#8217;arribar a Olot \u00e9s en cotxe<\/strong> (si veniu des de Barcelona, preneu la C17 cap a Vic-Torell\u00f3 i creueu els T\u00fanels de Bracons; 1:30h de viatge). Tamb\u00e9 podeu arribar-hi amb autob\u00fas (<a href=\"http:\/\/www.teisa-bus.com\/\" target=\"_blank\" rel=\"nofollow noopener noreferrer\">TEISA<\/a>, amb diverses sortides al dia) per\u00f2 un cop aqu\u00ed us caldr\u00e0 cotxe per moure-us. El tren nom\u00e9s arriba fins a Torell\u00f3.<\/div>\n<div><\/div>\n<div>Si veniu a Olot o la Garrotxa en fam\u00edlia, feu un cop d&#8217;ull a aquest article: <a href=\"https:\/\/locaacademiafamiliar.com\/ca\/2017\/que-fer-a-la-garrotxa-amb-nens\/\" target=\"_blank\" rel=\"noopener\"><strong>Garrotxa amb nens qu\u00e8 fer<\/strong><\/a>.<\/div>\n<div>Per descobrir propostes d&#8217;oci i cultura, els millors bars i restaurants, botigues, etc, feu un cop d&#8217;ull al web <a href=\"https:\/\/www.descobreixolot.cat\/\" target=\"_blank\" rel=\"noopener\"><strong>Descobreix Olot<\/strong><\/a>.<\/div>\n<div><\/div>\n<hr \/>\n<h3>Hotels a\u00a0Olot:<\/h3>\n<p><em>Disclaimer: Com que sempre he tingut casa a Olot, no m&#8217;he allotjat mai en cap hotel a Olot. No obstant, tinc bones refer\u00e8ncies dels que us recomano a continuaci\u00f3, per tal que pogueu planificar millor la vostra escapada a\u00a0Olot.<\/em><\/p>\n<p><a href=\"https:\/\/www.booking.com\/hotel\/es\/apartaments-entre-volcans.en.html?aid=358107&amp;no_rooms=1&amp;group_adults=1\">APARTAMENTS ENTRE VOLCANS<\/a>. Apartaments tur\u00edstics molt c\u00e8ntrics, moderns, c\u00f2modes, amplis i nets. Podreu anar al barri antic i pla\u00e7a Major en 10 minuts. Els apartaments tenen de tot i estan de f\u00e0bula per passar uns dies a Olot i la Garrotxa. El seu propietari, en Jes\u00fas, cuida molt tots els detalls. Tenen un 9,5 de nota mitjana a Booking per qu\u00e8 ho fan super b\u00e9! \ud83d\ude42 Super recomanables!<\/p>\n<p><a href=\"http:\/\/www.laperlahotels.com\/\" target=\"_blank\" rel=\"noopener noreferrer\">HOTEL LA PERLA<\/a>. La Perla \u00e9s un restaurant\u00a0molt\u00a0conegut\u00a0a Olot i tamb\u00e9 un hotel. Bona\u00a0reputaci\u00f3, modern i\u00a0net. Accepten mascotes! Est\u00e0 situat a l&#8217;entrada de la ciutat, prop del Parc Nou. \u00c9s un hotel de tota la vida i un referente a\u00a0Olot, per la seva\u00a0bona\u00a0reputaci\u00f3 i tracte familiar. Tenen\u00a0habitacions dobles, apartaments i habitacions familiars, per la qual cosa resulta\u00a0un hotel pr\u00e0ctic per anar-hi en\u00a0fam\u00edlia. Podeu\u00a0consultar m\u00e9s\u00a0detalls de l&#8217;hotel i ofertes disponibles a\u00a0<a href=\"http:\/\/www.costabravaverdhotels.com\/\" target=\"_blank\" rel=\"noopener noreferrer\">Costa Brava Verd Hotels<\/a>.<\/p>\n<p>&nbsp;<\/p>\n","protected":false},"excerpt":{"rendered":"<p>Despr\u00e9s de molts estius de la meva infantesa i sis mesos vivint aqu\u00ed de forma volunt\u00e0ria i conven\u00e7uda, ja era hora que us presenti el lloc en el qu\u00e8 visc. I, per qu\u00e8 no, que us doni 10 raons per venir a descobrir aquesta preciosa zona natural de Catalunya. La veritat \u00e9s que n\u2019hi ha moltes m\u00e9s, per\u00f2 a continuaci\u00f3 he seleccionat les meves deu preferides.<\/p>\n<div class=\"read-more-wrapper\"><a class=\"read-more\" href=\"https:\/\/www.sempreviaggiando.com\/ca\/2015\/08\/14\/10-coses-a-fer-a-olot-i-la-garrotxa\/\" title=\"Read More\"> <span class=\"button \">Read More<\/span><\/a><\/div>\n","protected":false},"author":2,"featured_media":13685,"comment_status":"closed","ping_status":"closed","sticky":false,"template":"","format":"standard","meta":{"_acf_changed":false,"_bos_mb_destination":[""],"_jetpack_memberships_contains_paid_content":false,"footnotes":""},"categories":[121],"tags":[],"class_list":["post-13814","post","type-post","status-publish","format-standard","has-post-thumbnail","hentry","category-rutes-per-catalunya"],"acf":[],"jetpack_featured_media_url":"https:\/\/www.sempreviaggiando.com\/wp-content\/uploads\/2015\/08\/olot.jpg","jetpack_sharing_enabled":true,"_links":{"self":[{"href":"https:\/\/www.sempreviaggiando.com\/ca\/wp-json\/wp\/v2\/posts\/13814","targetHints":{"allow":["GET"]}}],"collection":[{"href":"https:\/\/www.sempreviaggiando.com\/ca\/wp-json\/wp\/v2\/posts"}],"about":[{"href":"https:\/\/www.sempreviaggiando.com\/ca\/wp-json\/wp\/v2\/types\/post"}],"author":[{"embeddable":true,"href":"https:\/\/www.sempreviaggiando.com\/ca\/wp-json\/wp\/v2\/users\/2"}],"replies":[{"embeddable":true,"href":"https:\/\/www.sempreviaggiando.com\/ca\/wp-json\/wp\/v2\/comments?post=13814"}],"version-history":[{"count":27,"href":"https:\/\/www.sempreviaggiando.com\/ca\/wp-json\/wp\/v2\/posts\/13814\/revisions"}],"predecessor-version":[{"id":17318,"href":"https:\/\/www.sempreviaggiando.com\/ca\/wp-json\/wp\/v2\/posts\/13814\/revisions\/17318"}],"wp:featuredmedia":[{"embeddable":true,"href":"https:\/\/www.sempreviaggiando.com\/ca\/wp-json\/wp\/v2\/media\/13685"}],"wp:attachment":[{"href":"https:\/\/www.sempreviaggiando.com\/ca\/wp-json\/wp\/v2\/media?parent=13814"}],"wp:term":[{"taxonomy":"category","embeddable":true,"href":"https:\/\/www.sempreviaggiando.com\/ca\/wp-json\/wp\/v2\/categories?post=13814"},{"taxonomy":"post_tag","embeddable":true,"href":"https:\/\/www.sempreviaggiando.com\/ca\/wp-json\/wp\/v2\/tags?post=13814"}],"curies":[{"name":"wp","href":"https:\/\/api.w.org\/{rel}","templated":true}]}}