{"id":14187,"date":"2014-06-11T19:08:46","date_gmt":"2014-06-11T17:08:46","guid":{"rendered":"http:\/\/www.sempreviaggiando.com\/?p=14187"},"modified":"2015-10-14T19:18:11","modified_gmt":"2015-10-14T17:18:11","slug":"escapada-amb-encant-begur-cor-de-la-costa-brava","status":"publish","type":"post","link":"https:\/\/www.sempreviaggiando.com\/ca\/2014\/06\/11\/escapada-amb-encant-begur-cor-de-la-costa-brava\/","title":{"rendered":"Escapada amb encant Begur: cor de la Costa Brava"},"content":{"rendered":"<p>[summary]<strong>Com\u00a0m&#8217;agrada la Costa Brava!<\/strong> Un dels meus llocs\u00a0preferits: <strong>el cap de Begur<\/strong>. Aig\u00fces cristal\u00b7lines, vegetaci\u00f3 a primera l\u00ednia de mar i una infinitat de penya-segats que recorren les mil caletes que hi ha.[\/summary]<\/p>\n<p>&nbsp;<\/p>\n<p><img loading=\"lazy\" decoding=\"async\" class=\"alignleft wp-image-12935 \" src=\"http:\/\/www.sempreviaggiando.com\/wp-content\/uploads\/2014\/06\/mapa_platges_Begur.gif\" alt=\"begur\" width=\"326\" height=\"517\" \/><strong><a title=\"begur\" href=\"http:\/\/www.begur.cat\/turisme\/esp\/index.php\" target=\"_blank\">Begur<\/a><\/strong> <strong>\u00e9s al cor de la Costa Brava, a la zona central<\/strong>. A 45min de Girona i a 1: 30h de Barcelona. Segur que haureu sentit parlar de les aig\u00fces turqueses d&#8217;Aiguablava, de lo cristal\u00b7lina (i freda) que \u00e9s l&#8217;aigua a Platja Fonda o de la\u00a0preciositat\u00a0del\u00a0poble de Sa Tuna. Necessitareu cotxe o moto per moure-us, s\u00ed o s\u00ed. Hi ha servei de autobusos interurbans per\u00f2 el cotxe us permetr\u00e0 m\u00e9s flexibilitat d&#8217;horaris i d&#8217;itinerari. <strong>Al final, el millor de la Costa Brava \u00e9s precisament rec\u00f3rrer les seves\u00a0cales i pobles. En un cap de setmana podeu rec\u00f3rrer les platges de Begur tranquil\u00b7lament.<\/strong> Hi haur\u00e0 temps per banyar-se, prendre el sol, anar de compres i sopar en una terrassa. \u00bfLlestos per a l&#8217;estiu?<\/p>\n<p><strong><br \/>\n<\/strong><\/p>\n<h3>Les\u00a0platges\u00a0de Begur<\/h3>\n<p>El Cap de Begur (Cap de Begur, en catal\u00e0) es divideix en tres zones de platges: nord, centre i sud.<\/p>\n<h5><strong>Platges del sud: Aiguablava, Platja Fonda, Fornells<\/strong><\/h5>\n<p>A\u00a0<strong>Aiguablava<\/strong> us costar\u00e0 plantar la tovallola en temporada alta. No n&#8217;hi cap ni una m\u00e9s! Per aix\u00f2, si teniu l&#8217;ocasi\u00f3 d&#8217;anar-hi en temporada mitja (principis de juny o mitjans de setembre, idealment) \u00e9s una opci\u00f3 molt recomanable i la gaudireu el doble. Com el seu nom indica, Aiguablava t\u00e9 aig\u00fces blau turquesa; molt espectaculars vistes des de dalt del tur\u00f3 per on hi\u00a0passa el cam\u00ed de ronda. A la platja hi ha alguns restaurants, bars i xiringuitos on menjar (des de tapes, fins a una paella o tamb\u00e9 un entrep\u00e0).<\/p>\n<div class=\"tiled-gallery type-rectangular tiled-gallery-unresized\" data-original-width=\"1170\" data-carousel-extra='{&quot;blog_id&quot;:1,&quot;permalink&quot;:&quot;https:\\\/\\\/www.sempreviaggiando.com\\\/ca\\\/2014\\\/06\\\/11\\\/escapada-amb-encant-begur-cor-de-la-costa-brava\\\/&quot;,&quot;likes_blog_id&quot;:12732733}' itemscope itemtype=\"http:\/\/schema.org\/ImageGallery\" > <div class=\"gallery-row\" style=\"width: 1170px; height: 703px;\" data-original-width=\"1170\" data-original-height=\"703\" > <div class=\"gallery-group images-1\" style=\"width: 703px; height: 703px;\" data-original-width=\"703\" data-original-height=\"703\" > <div class=\"tiled-gallery-item tiled-gallery-item-large\" itemprop=\"associatedMedia\" itemscope itemtype=\"http:\/\/schema.org\/ImageObject\"> <a href=\"https:\/\/www.sempreviaggiando.com\/ca\/2014\/06\/11\/escapada-amb-encant-begur-cor-de-la-costa-brava\/aiguablava-2\/\" border=\"0\" itemprop=\"url\"> <meta itemprop=\"width\" content=\"699\"> <meta itemprop=\"height\" content=\"699\"> <img decoding=\"async\" class=\"\" data-attachment-id=\"19661\" data-orig-file=\"https:\/\/www.sempreviaggiando.com\/wp-content\/uploads\/2014\/06\/Aiguablava.jpg\" data-orig-size=\"960,960\" data-comments-opened=\"1\" data-image-meta=\"{&quot;aperture&quot;:&quot;0&quot;,&quot;credit&quot;:&quot;&quot;,&quot;camera&quot;:&quot;&quot;,&quot;caption&quot;:&quot;&quot;,&quot;created_timestamp&quot;:&quot;0&quot;,&quot;copyright&quot;:&quot;&quot;,&quot;focal_length&quot;:&quot;0&quot;,&quot;iso&quot;:&quot;0&quot;,&quot;shutter_speed&quot;:&quot;0&quot;,&quot;title&quot;:&quot;&quot;}\" data-image-title=\"Aiguablava\" data-image-description=\"\" data-medium-file=\"https:\/\/www.sempreviaggiando.com\/wp-content\/uploads\/2014\/06\/Aiguablava-300x300.jpg\" data-large-file=\"https:\/\/www.sempreviaggiando.com\/wp-content\/uploads\/2014\/06\/Aiguablava.jpg\" src=\"https:\/\/i0.wp.com\/www.sempreviaggiando.com\/wp-content\/uploads\/2014\/06\/Aiguablava.jpg?w=699&#038;h=699&#038;crop=1&#038;ssl=1\" srcset=\"https:\/\/www.sempreviaggiando.com\/wp-content\/uploads\/2014\/06\/Aiguablava.jpg 960w, https:\/\/www.sempreviaggiando.com\/wp-content\/uploads\/2014\/06\/Aiguablava-150x150.jpg 150w, https:\/\/www.sempreviaggiando.com\/wp-content\/uploads\/2014\/06\/Aiguablava-300x300.jpg 300w\" width=\"699\" height=\"699\" loading=\"lazy\" data-original-width=\"699\" data-original-height=\"699\" itemprop=\"http:\/\/schema.org\/image\" title=\"Aiguablava\" alt=\"Aiguablava\" style=\"width: 699px; height: 699px;\" \/> <\/a> <div class=\"tiled-gallery-caption\" itemprop=\"caption description\"> Aiguablava <\/div> <\/div> <\/div> <!-- close group --> <div class=\"gallery-group images-2\" style=\"width: 467px; height: 703px;\" data-original-width=\"467\" data-original-height=\"703\" > <div class=\"tiled-gallery-item tiled-gallery-item-large\" itemprop=\"associatedMedia\" itemscope itemtype=\"http:\/\/schema.org\/ImageObject\"> <a href=\"https:\/\/www.sempreviaggiando.com\/ca\/2014\/06\/11\/escapada-amb-encant-begur-cor-de-la-costa-brava\/olympus-digital-camera-712-2\/\" border=\"0\" itemprop=\"url\"> <meta itemprop=\"width\" content=\"463\"> <meta itemprop=\"height\" content=\"348\"> <img decoding=\"async\" class=\"\" data-attachment-id=\"19650\" data-orig-file=\"https:\/\/www.sempreviaggiando.com\/wp-content\/uploads\/2014\/06\/Begur_Costa_Brava_11.jpg\" data-orig-size=\"1280,960\" data-comments-opened=\"1\" data-image-meta=\"{&quot;aperture&quot;:&quot;8&quot;,&quot;credit&quot;:&quot;&quot;,&quot;camera&quot;:&quot;TG-2&quot;,&quot;caption&quot;:&quot;&quot;,&quot;created_timestamp&quot;:&quot;1401546161&quot;,&quot;copyright&quot;:&quot;&quot;,&quot;focal_length&quot;:&quot;4.5&quot;,&quot;iso&quot;:&quot;100&quot;,&quot;shutter_speed&quot;:&quot;0.003125&quot;,&quot;title&quot;:&quot;OLYMPUS DIGITAL CAMERA&quot;}\" data-image-title=\"Aiguablava\" data-image-description=\"\" data-medium-file=\"https:\/\/www.sempreviaggiando.com\/wp-content\/uploads\/2014\/06\/Begur_Costa_Brava_11-300x225.jpg\" data-large-file=\"https:\/\/www.sempreviaggiando.com\/wp-content\/uploads\/2014\/06\/Begur_Costa_Brava_11-1024x768.jpg\" src=\"https:\/\/i0.wp.com\/www.sempreviaggiando.com\/wp-content\/uploads\/2014\/06\/Begur_Costa_Brava_11.jpg?w=463&#038;h=348&#038;ssl=1\" srcset=\"https:\/\/www.sempreviaggiando.com\/wp-content\/uploads\/2014\/06\/Begur_Costa_Brava_11.jpg 1280w, https:\/\/www.sempreviaggiando.com\/wp-content\/uploads\/2014\/06\/Begur_Costa_Brava_11-300x225.jpg 300w, https:\/\/www.sempreviaggiando.com\/wp-content\/uploads\/2014\/06\/Begur_Costa_Brava_11-1024x768.jpg 1024w, https:\/\/www.sempreviaggiando.com\/wp-content\/uploads\/2014\/06\/Begur_Costa_Brava_11-400x300.jpg 400w\" width=\"463\" height=\"348\" loading=\"lazy\" data-original-width=\"463\" data-original-height=\"348\" itemprop=\"http:\/\/schema.org\/image\" title=\"Aiguablava\" alt=\"Aiguablava\" style=\"width: 463px; height: 348px;\" \/> <\/a> <div class=\"tiled-gallery-caption\" itemprop=\"caption description\"> Aiguablava <\/div> <\/div> <div class=\"tiled-gallery-item tiled-gallery-item-large\" itemprop=\"associatedMedia\" itemscope itemtype=\"http:\/\/schema.org\/ImageObject\"> <a href=\"https:\/\/www.sempreviaggiando.com\/ca\/2014\/06\/11\/escapada-amb-encant-begur-cor-de-la-costa-brava\/olympus-digital-camera-708-2\/\" border=\"0\" itemprop=\"url\"> <meta itemprop=\"width\" content=\"463\"> <meta itemprop=\"height\" content=\"347\"> <img decoding=\"async\" class=\"\" data-attachment-id=\"19647\" data-orig-file=\"https:\/\/www.sempreviaggiando.com\/wp-content\/uploads\/2014\/06\/Begur_Costa_Brava_07.jpg\" data-orig-size=\"1280,960\" data-comments-opened=\"1\" data-image-meta=\"{&quot;aperture&quot;:&quot;4&quot;,&quot;credit&quot;:&quot;&quot;,&quot;camera&quot;:&quot;TG-2&quot;,&quot;caption&quot;:&quot;&quot;,&quot;created_timestamp&quot;:&quot;1401536176&quot;,&quot;copyright&quot;:&quot;&quot;,&quot;focal_length&quot;:&quot;7.34&quot;,&quot;iso&quot;:&quot;100&quot;,&quot;shutter_speed&quot;:&quot;0.0015625&quot;,&quot;title&quot;:&quot;OLYMPUS DIGITAL CAMERA&quot;}\" data-image-title=\"Fornells\" data-image-description=\"\" data-medium-file=\"https:\/\/www.sempreviaggiando.com\/wp-content\/uploads\/2014\/06\/Begur_Costa_Brava_07-300x225.jpg\" data-large-file=\"https:\/\/www.sempreviaggiando.com\/wp-content\/uploads\/2014\/06\/Begur_Costa_Brava_07-1024x768.jpg\" src=\"https:\/\/i0.wp.com\/www.sempreviaggiando.com\/wp-content\/uploads\/2014\/06\/Begur_Costa_Brava_07.jpg?w=463&#038;h=347&#038;ssl=1\" srcset=\"https:\/\/www.sempreviaggiando.com\/wp-content\/uploads\/2014\/06\/Begur_Costa_Brava_07.jpg 1280w, https:\/\/www.sempreviaggiando.com\/wp-content\/uploads\/2014\/06\/Begur_Costa_Brava_07-300x225.jpg 300w, https:\/\/www.sempreviaggiando.com\/wp-content\/uploads\/2014\/06\/Begur_Costa_Brava_07-1024x768.jpg 1024w, https:\/\/www.sempreviaggiando.com\/wp-content\/uploads\/2014\/06\/Begur_Costa_Brava_07-400x300.jpg 400w\" width=\"463\" height=\"347\" loading=\"lazy\" data-original-width=\"463\" data-original-height=\"347\" itemprop=\"http:\/\/schema.org\/image\" title=\"Fornells\" alt=\"Fornells\" style=\"width: 463px; height: 347px;\" \/> <\/a> <div class=\"tiled-gallery-caption\" itemprop=\"caption description\"> Fornells <\/div> <\/div> <\/div> <!-- close group --> <\/div> <!-- close row --> <div class=\"gallery-row\" style=\"width: 1170px; height: 320px;\" data-original-width=\"1170\" data-original-height=\"320\" > <div class=\"gallery-group images-1\" style=\"width: 425px; height: 320px;\" data-original-width=\"425\" data-original-height=\"320\" > <div class=\"tiled-gallery-item tiled-gallery-item-large\" itemprop=\"associatedMedia\" itemscope itemtype=\"http:\/\/schema.org\/ImageObject\"> <a href=\"https:\/\/www.sempreviaggiando.com\/ca\/2014\/06\/11\/escapada-amb-encant-begur-cor-de-la-costa-brava\/olympus-digital-camera-707-2\/\" border=\"0\" itemprop=\"url\"> <meta itemprop=\"width\" content=\"421\"> <meta itemprop=\"height\" content=\"316\"> <img decoding=\"async\" class=\"\" data-attachment-id=\"19646\" data-orig-file=\"https:\/\/www.sempreviaggiando.com\/wp-content\/uploads\/2014\/06\/Begur_Costa_Brava_06.jpg\" data-orig-size=\"1280,960\" data-comments-opened=\"1\" data-image-meta=\"{&quot;aperture&quot;:&quot;8&quot;,&quot;credit&quot;:&quot;&quot;,&quot;camera&quot;:&quot;TG-2&quot;,&quot;caption&quot;:&quot;&quot;,&quot;created_timestamp&quot;:&quot;1401535404&quot;,&quot;copyright&quot;:&quot;&quot;,&quot;focal_length&quot;:&quot;4.5&quot;,&quot;iso&quot;:&quot;100&quot;,&quot;shutter_speed&quot;:&quot;0.004&quot;,&quot;title&quot;:&quot;OLYMPUS DIGITAL CAMERA&quot;}\" data-image-title=\"Fornells\" data-image-description=\"\" data-medium-file=\"https:\/\/www.sempreviaggiando.com\/wp-content\/uploads\/2014\/06\/Begur_Costa_Brava_06-300x225.jpg\" data-large-file=\"https:\/\/www.sempreviaggiando.com\/wp-content\/uploads\/2014\/06\/Begur_Costa_Brava_06-1024x768.jpg\" src=\"https:\/\/i0.wp.com\/www.sempreviaggiando.com\/wp-content\/uploads\/2014\/06\/Begur_Costa_Brava_06.jpg?w=421&#038;h=316&#038;ssl=1\" srcset=\"https:\/\/www.sempreviaggiando.com\/wp-content\/uploads\/2014\/06\/Begur_Costa_Brava_06.jpg 1280w, https:\/\/www.sempreviaggiando.com\/wp-content\/uploads\/2014\/06\/Begur_Costa_Brava_06-300x225.jpg 300w, https:\/\/www.sempreviaggiando.com\/wp-content\/uploads\/2014\/06\/Begur_Costa_Brava_06-1024x768.jpg 1024w, https:\/\/www.sempreviaggiando.com\/wp-content\/uploads\/2014\/06\/Begur_Costa_Brava_06-400x300.jpg 400w\" width=\"421\" height=\"316\" loading=\"lazy\" data-original-width=\"421\" data-original-height=\"316\" itemprop=\"http:\/\/schema.org\/image\" title=\"Fornells\" alt=\"Fornells\" style=\"width: 421px; height: 316px;\" \/> <\/a> <div class=\"tiled-gallery-caption\" itemprop=\"caption description\"> Fornells <\/div> <\/div> <\/div> <!-- close group --> <div class=\"gallery-group images-1\" style=\"width: 425px; height: 320px;\" data-original-width=\"425\" data-original-height=\"320\" > <div class=\"tiled-gallery-item tiled-gallery-item-large\" itemprop=\"associatedMedia\" itemscope itemtype=\"http:\/\/schema.org\/ImageObject\"> <a href=\"https:\/\/www.sempreviaggiando.com\/ca\/2014\/06\/11\/escapada-amb-encant-begur-cor-de-la-costa-brava\/olympus-digital-camera-709-2\/\" border=\"0\" itemprop=\"url\"> <meta itemprop=\"width\" content=\"421\"> <meta itemprop=\"height\" content=\"316\"> <img decoding=\"async\" class=\"\" data-attachment-id=\"19648\" data-orig-file=\"https:\/\/www.sempreviaggiando.com\/wp-content\/uploads\/2014\/06\/Begur_Costa_Brava_08.jpg\" data-orig-size=\"1280,960\" data-comments-opened=\"1\" data-image-meta=\"{&quot;aperture&quot;:&quot;2.8&quot;,&quot;credit&quot;:&quot;&quot;,&quot;camera&quot;:&quot;TG-2&quot;,&quot;caption&quot;:&quot;&quot;,&quot;created_timestamp&quot;:&quot;1401536491&quot;,&quot;copyright&quot;:&quot;&quot;,&quot;focal_length&quot;:&quot;4.5&quot;,&quot;iso&quot;:&quot;100&quot;,&quot;shutter_speed&quot;:&quot;0.002&quot;,&quot;title&quot;:&quot;OLYMPUS DIGITAL CAMERA&quot;}\" data-image-title=\"Aiguablava Costa Brava\" data-image-description=\"\" data-medium-file=\"https:\/\/www.sempreviaggiando.com\/wp-content\/uploads\/2014\/06\/Begur_Costa_Brava_08-300x225.jpg\" data-large-file=\"https:\/\/www.sempreviaggiando.com\/wp-content\/uploads\/2014\/06\/Begur_Costa_Brava_08-1024x768.jpg\" src=\"https:\/\/i0.wp.com\/www.sempreviaggiando.com\/wp-content\/uploads\/2014\/06\/Begur_Costa_Brava_08.jpg?w=421&#038;h=316&#038;ssl=1\" srcset=\"https:\/\/www.sempreviaggiando.com\/wp-content\/uploads\/2014\/06\/Begur_Costa_Brava_08.jpg 1280w, https:\/\/www.sempreviaggiando.com\/wp-content\/uploads\/2014\/06\/Begur_Costa_Brava_08-300x225.jpg 300w, https:\/\/www.sempreviaggiando.com\/wp-content\/uploads\/2014\/06\/Begur_Costa_Brava_08-1024x768.jpg 1024w, https:\/\/www.sempreviaggiando.com\/wp-content\/uploads\/2014\/06\/Begur_Costa_Brava_08-400x300.jpg 400w\" width=\"421\" height=\"316\" loading=\"lazy\" data-original-width=\"421\" data-original-height=\"316\" itemprop=\"http:\/\/schema.org\/image\" title=\"Aiguablava Costa Brava\" alt=\"Camino de Ronda desde Aiguablava\" style=\"width: 421px; height: 316px;\" \/> <\/a> <div class=\"tiled-gallery-caption\" itemprop=\"caption description\"> Camino de Ronda desde Aiguablava <\/div> <\/div> <\/div> <!-- close group --> <div class=\"gallery-group images-1\" style=\"width: 320px; height: 320px;\" data-original-width=\"320\" data-original-height=\"320\" > <div class=\"tiled-gallery-item tiled-gallery-item-large\" itemprop=\"associatedMedia\" itemscope itemtype=\"http:\/\/schema.org\/ImageObject\"> <a href=\"https:\/\/www.sempreviaggiando.com\/ca\/2014\/06\/11\/escapada-amb-encant-begur-cor-de-la-costa-brava\/aiguablava_2-2\/\" border=\"0\" itemprop=\"url\"> <meta itemprop=\"width\" content=\"316\"> <meta itemprop=\"height\" content=\"316\"> <img decoding=\"async\" class=\"\" data-attachment-id=\"19660\" data-orig-file=\"https:\/\/www.sempreviaggiando.com\/wp-content\/uploads\/2014\/06\/Aiguablava_2.jpg\" data-orig-size=\"960,960\" data-comments-opened=\"1\" data-image-meta=\"{&quot;aperture&quot;:&quot;0&quot;,&quot;credit&quot;:&quot;&quot;,&quot;camera&quot;:&quot;&quot;,&quot;caption&quot;:&quot;&quot;,&quot;created_timestamp&quot;:&quot;0&quot;,&quot;copyright&quot;:&quot;&quot;,&quot;focal_length&quot;:&quot;0&quot;,&quot;iso&quot;:&quot;0&quot;,&quot;shutter_speed&quot;:&quot;0&quot;,&quot;title&quot;:&quot;&quot;}\" data-image-title=\"Aiguablava\" data-image-description=\"\" data-medium-file=\"https:\/\/www.sempreviaggiando.com\/wp-content\/uploads\/2014\/06\/Aiguablava_2-300x300.jpg\" data-large-file=\"https:\/\/www.sempreviaggiando.com\/wp-content\/uploads\/2014\/06\/Aiguablava_2.jpg\" src=\"https:\/\/i0.wp.com\/www.sempreviaggiando.com\/wp-content\/uploads\/2014\/06\/Aiguablava_2.jpg?w=316&#038;h=316&#038;crop=1&#038;ssl=1\" srcset=\"https:\/\/www.sempreviaggiando.com\/wp-content\/uploads\/2014\/06\/Aiguablava_2.jpg 960w, https:\/\/www.sempreviaggiando.com\/wp-content\/uploads\/2014\/06\/Aiguablava_2-150x150.jpg 150w, https:\/\/www.sempreviaggiando.com\/wp-content\/uploads\/2014\/06\/Aiguablava_2-300x300.jpg 300w\" width=\"316\" height=\"316\" loading=\"lazy\" data-original-width=\"316\" data-original-height=\"316\" itemprop=\"http:\/\/schema.org\/image\" title=\"Aiguablava\" alt=\"Aiguablava\" style=\"width: 316px; height: 316px;\" \/> <\/a> <div class=\"tiled-gallery-caption\" itemprop=\"caption description\"> Aiguablava <\/div> <\/div> <\/div> <!-- close group --> <\/div> <!-- close row --> <\/div>\n<p><strong>Platja Fonda<\/strong> \u00e9s una de les meves habituals per recomanaci\u00f3 del Jordi i Lala que porten molt\u00edssims anys anant-hi. Una platja ideal per als que saben nedar b\u00e9 i que els agradin les platges fondes. Nom\u00e9s posar el peu a l&#8217;aigua, quedes enfonsat mig metre. Platja Fonda \u00e9s una enorme piscina d&#8217;aigua cristal\u00b7lina (\u00e9s de pedretes) i ben fresqueta. Atenci\u00f3: per baixar a la platja hi ha diverses escales.<\/p>\n<p>A <strong>Fornells<\/strong> hi ha dos caletes petitones\u00a0per\u00f2 paradis\u00edaques, per a aquells que busquin alguna cosa m\u00e9s natural i menys tur\u00edstica. Arribareu a elles a trav\u00e9s del cam\u00ed de ronda. Entre Fornells i Aiguablava hi ha uns 20 minuts caminant (molt ben condicionat per\u00f2 amb diverses escales).<\/p>\n<h5><strong>Platges\u00a0del centre: Aiguafreda, Sa Tuna<\/strong><\/h5>\n<p><strong>D&#8217;Aiguafreda<\/strong> no us en puc explicar gaire cosa, ja que no hi he estat; per\u00f2 \u00e9s bo saber que queda protegida, terra endins. On s\u00ed que hi he estat i us ho recomano molt\u00edssim \u00e9s el poble de<strong> Sa Tuna<\/strong>, un poble pesquer amb casetes blanques precioses i un ambient molt local. La platja no \u00e9s gran cosa per\u00f2 est\u00e0 davant de la platja central del poble (o hauria de dir\u00a0&#8220;barri&#8221; de Begur?).\u00a0Hi\u00a0podreu dinar\/sopar\u00a0tranquil\u00b7lament asseguts. Molt recomanable tamb\u00e9 un passeig pels carrerons al costat de la platja. Parets blanques, buguenv\u00edl\u00b7lies i geranis per totes bandes.<\/p>\n<div class=\"tiled-gallery type-rectangular tiled-gallery-unresized\" data-original-width=\"1170\" data-carousel-extra='{&quot;blog_id&quot;:1,&quot;permalink&quot;:&quot;https:\\\/\\\/www.sempreviaggiando.com\\\/ca\\\/2014\\\/06\\\/11\\\/escapada-amb-encant-begur-cor-de-la-costa-brava\\\/&quot;,&quot;likes_blog_id&quot;:12732733}' itemscope itemtype=\"http:\/\/schema.org\/ImageGallery\" > <div class=\"gallery-row\" style=\"width: 1170px; height: 562px;\" data-original-width=\"1170\" data-original-height=\"562\" > <div class=\"gallery-group images-1\" style=\"width: 748px; height: 562px;\" data-original-width=\"748\" data-original-height=\"562\" > <div class=\"tiled-gallery-item tiled-gallery-item-large\" itemprop=\"associatedMedia\" itemscope itemtype=\"http:\/\/schema.org\/ImageObject\"> <a href=\"https:\/\/www.sempreviaggiando.com\/ca\/2014\/06\/11\/escapada-amb-encant-begur-cor-de-la-costa-brava\/olympus-digital-camera-713-2\/\" border=\"0\" itemprop=\"url\"> <meta itemprop=\"width\" content=\"744\"> <meta itemprop=\"height\" content=\"558\"> <img decoding=\"async\" class=\"\" data-attachment-id=\"19651\" data-orig-file=\"https:\/\/www.sempreviaggiando.com\/wp-content\/uploads\/2014\/06\/Begur_Costa_Brava_12.jpg\" data-orig-size=\"1280,960\" data-comments-opened=\"1\" data-image-meta=\"{&quot;aperture&quot;:&quot;8&quot;,&quot;credit&quot;:&quot;&quot;,&quot;camera&quot;:&quot;TG-2&quot;,&quot;caption&quot;:&quot;&quot;,&quot;created_timestamp&quot;:&quot;1401553301&quot;,&quot;copyright&quot;:&quot;&quot;,&quot;focal_length&quot;:&quot;4.5&quot;,&quot;iso&quot;:&quot;100&quot;,&quot;shutter_speed&quot;:&quot;0.005&quot;,&quot;title&quot;:&quot;OLYMPUS DIGITAL CAMERA&quot;}\" data-image-title=\"Sa Tuna\" data-image-description=\"\" data-medium-file=\"https:\/\/www.sempreviaggiando.com\/wp-content\/uploads\/2014\/06\/Begur_Costa_Brava_12-300x225.jpg\" data-large-file=\"https:\/\/www.sempreviaggiando.com\/wp-content\/uploads\/2014\/06\/Begur_Costa_Brava_12-1024x768.jpg\" src=\"https:\/\/i0.wp.com\/www.sempreviaggiando.com\/wp-content\/uploads\/2014\/06\/Begur_Costa_Brava_12.jpg?w=744&#038;h=558&#038;ssl=1\" srcset=\"https:\/\/www.sempreviaggiando.com\/wp-content\/uploads\/2014\/06\/Begur_Costa_Brava_12.jpg 1280w, https:\/\/www.sempreviaggiando.com\/wp-content\/uploads\/2014\/06\/Begur_Costa_Brava_12-300x225.jpg 300w, https:\/\/www.sempreviaggiando.com\/wp-content\/uploads\/2014\/06\/Begur_Costa_Brava_12-1024x768.jpg 1024w, https:\/\/www.sempreviaggiando.com\/wp-content\/uploads\/2014\/06\/Begur_Costa_Brava_12-400x300.jpg 400w\" width=\"744\" height=\"558\" loading=\"lazy\" data-original-width=\"744\" data-original-height=\"558\" itemprop=\"http:\/\/schema.org\/image\" title=\"Sa Tuna\" alt=\"Sa Tuna\" style=\"width: 744px; height: 558px;\" \/> <\/a> <div class=\"tiled-gallery-caption\" itemprop=\"caption description\"> Sa Tuna <\/div> <\/div> <\/div> <!-- close group --> <div class=\"gallery-group images-1\" style=\"width: 422px; height: 562px;\" data-original-width=\"422\" data-original-height=\"562\" > <div class=\"tiled-gallery-item tiled-gallery-item-large\" itemprop=\"associatedMedia\" itemscope itemtype=\"http:\/\/schema.org\/ImageObject\"> <a href=\"https:\/\/www.sempreviaggiando.com\/ca\/2014\/06\/11\/escapada-amb-encant-begur-cor-de-la-costa-brava\/olympus-digital-camera-714-2\/\" border=\"0\" itemprop=\"url\"> <meta itemprop=\"width\" content=\"418\"> <meta itemprop=\"height\" content=\"558\"> <img decoding=\"async\" class=\"\" data-attachment-id=\"19652\" data-orig-file=\"https:\/\/www.sempreviaggiando.com\/wp-content\/uploads\/2014\/06\/Begur_Costa_Brava_13.jpg\" data-orig-size=\"960,1280\" data-comments-opened=\"1\" data-image-meta=\"{&quot;aperture&quot;:&quot;2.8&quot;,&quot;credit&quot;:&quot;&quot;,&quot;camera&quot;:&quot;TG-2&quot;,&quot;caption&quot;:&quot;&quot;,&quot;created_timestamp&quot;:&quot;1401556843&quot;,&quot;copyright&quot;:&quot;&quot;,&quot;focal_length&quot;:&quot;4.5&quot;,&quot;iso&quot;:&quot;100&quot;,&quot;shutter_speed&quot;:&quot;0.003125&quot;,&quot;title&quot;:&quot;OLYMPUS DIGITAL CAMERA&quot;}\" data-image-title=\"Sa Tuna Costa Brava\" data-image-description=\"\" data-medium-file=\"https:\/\/www.sempreviaggiando.com\/wp-content\/uploads\/2014\/06\/Begur_Costa_Brava_13-225x300.jpg\" data-large-file=\"https:\/\/www.sempreviaggiando.com\/wp-content\/uploads\/2014\/06\/Begur_Costa_Brava_13-768x1024.jpg\" src=\"https:\/\/i0.wp.com\/www.sempreviaggiando.com\/wp-content\/uploads\/2014\/06\/Begur_Costa_Brava_13.jpg?w=418&#038;h=558&#038;ssl=1\" srcset=\"https:\/\/www.sempreviaggiando.com\/wp-content\/uploads\/2014\/06\/Begur_Costa_Brava_13.jpg 960w, https:\/\/www.sempreviaggiando.com\/wp-content\/uploads\/2014\/06\/Begur_Costa_Brava_13-225x300.jpg 225w, https:\/\/www.sempreviaggiando.com\/wp-content\/uploads\/2014\/06\/Begur_Costa_Brava_13-768x1024.jpg 768w\" width=\"418\" height=\"558\" loading=\"lazy\" data-original-width=\"418\" data-original-height=\"558\" itemprop=\"http:\/\/schema.org\/image\" title=\"Sa Tuna Costa Brava\" alt=\"Sa Tuna\" style=\"width: 418px; height: 558px;\" \/> <\/a> <div class=\"tiled-gallery-caption\" itemprop=\"caption description\"> Sa Tuna <\/div> <\/div> <\/div> <!-- close group --> <\/div> <!-- close row --> <\/div>\n<h5><strong>Platges\u00a0del nord: Platja del Rac\u00f3, Illa Roja, Sa Riera<\/strong><\/h5>\n<p><strong>Sa Riera<\/strong> \u00e9s un poble molt animat amb una de les platges m\u00e9s obertes i \u00e0mplies de la zona. Molt a prop queda<strong> Illa Roja,<\/strong> una platja nudista molt coneguda a la qual es troba un dels s\u00edmbols de Begur: un gran illot de color vermell\u00f3s. I m\u00e9s al nord, <strong>Platja del Rac\u00f3<\/strong>, que ja pertany al poble de Pals, una enorme platja amb vistes a les Illes Medes.<\/p>\n<div class=\"tiled-gallery type-square tiled-gallery-unresized\" data-original-width=\"1170\" data-carousel-extra='{&quot;blog_id&quot;:1,&quot;permalink&quot;:&quot;https:\\\/\\\/www.sempreviaggiando.com\\\/ca\\\/2014\\\/06\\\/11\\\/escapada-amb-encant-begur-cor-de-la-costa-brava\\\/&quot;,&quot;likes_blog_id&quot;:12732733}' itemscope itemtype=\"http:\/\/schema.org\/ImageGallery\" > <div class=\"gallery-row\" style=\"width: 1170px; height: 585px;\" data-original-width=\"1170\" data-original-height=\"585\" > <div class=\"gallery-group\" style=\"width: 585px; height: 585px;\" data-original-width=\"585\" data-original-height=\"585\" > <div class=\"tiled-gallery-item \" itemprop=\"associatedMedia\" itemscope itemtype=\"http:\/\/schema.org\/ImageObject\"> <a href=\"https:\/\/www.sempreviaggiando.com\/ca\/2014\/06\/11\/escapada-amb-encant-begur-cor-de-la-costa-brava\/olympus-digital-camera-717-2\/\" border=\"0\" itemprop=\"url\"> <meta itemprop=\"width\" content=\"581\"> <meta itemprop=\"height\" content=\"581\"> <img decoding=\"async\" class=\"\" data-attachment-id=\"19655\" data-orig-file=\"https:\/\/www.sempreviaggiando.com\/wp-content\/uploads\/2014\/06\/Begur_Costa_Brava_16.jpg\" data-orig-size=\"1280,960\" data-comments-opened=\"1\" data-image-meta=\"{&quot;aperture&quot;:&quot;8&quot;,&quot;credit&quot;:&quot;&quot;,&quot;camera&quot;:&quot;TG-2&quot;,&quot;caption&quot;:&quot;&quot;,&quot;created_timestamp&quot;:&quot;1401621689&quot;,&quot;copyright&quot;:&quot;&quot;,&quot;focal_length&quot;:&quot;4.5&quot;,&quot;iso&quot;:&quot;100&quot;,&quot;shutter_speed&quot;:&quot;0.003125&quot;,&quot;title&quot;:&quot;OLYMPUS DIGITAL CAMERA&quot;}\" data-image-title=\"Sa Riera\" data-image-description=\"\" data-medium-file=\"https:\/\/www.sempreviaggiando.com\/wp-content\/uploads\/2014\/06\/Begur_Costa_Brava_16-300x225.jpg\" data-large-file=\"https:\/\/www.sempreviaggiando.com\/wp-content\/uploads\/2014\/06\/Begur_Costa_Brava_16-1024x768.jpg\" src=\"https:\/\/i0.wp.com\/www.sempreviaggiando.com\/wp-content\/uploads\/2014\/06\/Begur_Costa_Brava_16.jpg?w=581&#038;h=581&#038;crop=1&#038;ssl=1\" width=\"581\" height=\"581\" loading=\"lazy\" data-original-width=\"581\" data-original-height=\"581\" itemprop=\"http:\/\/schema.org\/image\" title=\"Sa Riera\" alt=\"Sa Riera\" style=\"width: 581px; height: 581px;\" \/> <\/a> <div class=\"tiled-gallery-caption\" itemprop=\"caption description\"> Sa Riera <\/div> <\/div> <\/div> <div class=\"gallery-group\" style=\"width: 585px; height: 585px;\" data-original-width=\"585\" data-original-height=\"585\" > <div class=\"tiled-gallery-item \" itemprop=\"associatedMedia\" itemscope itemtype=\"http:\/\/schema.org\/ImageObject\"> <a href=\"https:\/\/www.sempreviaggiando.com\/ca\/2014\/06\/11\/escapada-amb-encant-begur-cor-de-la-costa-brava\/olympus-digital-camera-718-2\/\" border=\"0\" itemprop=\"url\"> <meta itemprop=\"width\" content=\"581\"> <meta itemprop=\"height\" content=\"581\"> <img decoding=\"async\" class=\"\" data-attachment-id=\"19656\" data-orig-file=\"https:\/\/www.sempreviaggiando.com\/wp-content\/uploads\/2014\/06\/Begur_Costa_Brava_17.jpg\" data-orig-size=\"1280,960\" data-comments-opened=\"1\" data-image-meta=\"{&quot;aperture&quot;:&quot;2.8&quot;,&quot;credit&quot;:&quot;&quot;,&quot;camera&quot;:&quot;TG-2&quot;,&quot;caption&quot;:&quot;&quot;,&quot;created_timestamp&quot;:&quot;1401621946&quot;,&quot;copyright&quot;:&quot;&quot;,&quot;focal_length&quot;:&quot;4.5&quot;,&quot;iso&quot;:&quot;100&quot;,&quot;shutter_speed&quot;:&quot;0.00125&quot;,&quot;title&quot;:&quot;OLYMPUS DIGITAL CAMERA&quot;}\" data-image-title=\"Sa Riera\" data-image-description=\"\" data-medium-file=\"https:\/\/www.sempreviaggiando.com\/wp-content\/uploads\/2014\/06\/Begur_Costa_Brava_17-300x225.jpg\" data-large-file=\"https:\/\/www.sempreviaggiando.com\/wp-content\/uploads\/2014\/06\/Begur_Costa_Brava_17-1024x768.jpg\" src=\"https:\/\/i0.wp.com\/www.sempreviaggiando.com\/wp-content\/uploads\/2014\/06\/Begur_Costa_Brava_17.jpg?w=581&#038;h=581&#038;crop=1&#038;ssl=1\" width=\"581\" height=\"581\" loading=\"lazy\" data-original-width=\"581\" data-original-height=\"581\" itemprop=\"http:\/\/schema.org\/image\" title=\"Sa Riera\" alt=\"Sa Riera\" style=\"width: 581px; height: 581px;\" \/> <\/a> <div class=\"tiled-gallery-caption\" itemprop=\"caption description\"> Sa Riera <\/div> <\/div> <\/div> <\/div> <\/div>\n<p>&nbsp;<\/p>\n<p><strong>Si bufa Tramuntana:<\/strong> al Cap de Begur \u00e9s freq\u00fcent que bufi el vent. Si bufa tramuntana (vent del nord), en cap d&#8217;aquestes platges estareu protegits del vent. El millor en aquest cas \u00e9s que baixeu m\u00e9s al sud: <strong>Tamariu<\/strong> \u00e9s l&#8217;elecci\u00f3 ideal. Est\u00e0 a uns 15-20 minuts amb cotxe des de Begur i queda totalment fora de perill del vent (comprovat en persona).<\/p>\n<p><strong>Per totes aquestes platges passa el cam\u00ed de ronda (GR), que recorre la Mediterr\u00e0nia.<\/strong> Seria una mica desgavellat voler fer el cam\u00ed d&#8217;una tirada entre Platja del Rac\u00f3 i Aiguablava, per\u00f2 n&#8217;hi ha que s&#8217;ho prenen com una ruta de diversos dies. Informeu-vos b\u00e9 de les dist\u00e0ncies abans de comen\u00e7ar. El que s\u00ed que podeu fer \u00e9s el cam\u00ed en petits trams: d&#8217;Aiguablava a Fornells per exemple; o de Fornells a Platja Fonda. Molt recomanable. No us caldr\u00e0 cal\u00e7at especial; hi ha qui el\u00a0fan amb\u00a0xancletes i la tovallola penjant sobre esquena. <a href=\"https:\/\/mapsengine.google.com\/map\/edit?mid=z_0HaLh2o-jA.klJya7P9nFmc\" target=\"_blank\">Mapa de les platges recomanades en aquest post<\/a>.<\/p>\n<div id=\"attachment_12942\" style=\"width: 969px\" class=\"wp-caption aligncenter\"><img loading=\"lazy\" decoding=\"async\" aria-describedby=\"caption-attachment-12942\" class=\"wp-image-12942 size-full\" src=\"http:\/\/www.sempreviaggiando.com\/wp-content\/uploads\/2014\/06\/tamariu2.jpg\" alt=\"Tamariu\" width=\"959\" height=\"670\" srcset=\"https:\/\/www.sempreviaggiando.com\/wp-content\/uploads\/2014\/06\/tamariu2.jpg 959w, https:\/\/www.sempreviaggiando.com\/wp-content\/uploads\/2014\/06\/tamariu2-300x209.jpg 300w\" sizes=\"auto, (max-width: 959px) 100vw, 959px\" \/><p id=\"caption-attachment-12942\" class=\"wp-caption-text\">Tamariu<\/p><\/div>\n<p>&nbsp;<\/p>\n<h3>Qu\u00e8\u00a0fer\u00a0a\u00a0Begur<\/h3>\n<p>Despr\u00e9s d&#8217;un dia esgotador a la platja, toca tornar a <strong>Begur<\/strong>. Dutxa a l&#8217;hotel i llestos per sortir a veure l&#8217;animaci\u00f3 del poble. Les tardes i nits a Begur s\u00f3n molt animades. Els carrers s\u00f3n peatonals i el <strong>castell<\/strong> (a la part alta d&#8217;un tur\u00f3) \u00e9s de visita obligada. En un dia clar, tindreu vistes a bona part de Catalunya: Illes Medes, Pirineus, Montseny, etc. Espectacular! Per arribar al castell, molt recomanable el passeig pel carrer de Vera (casetes blanques) i Sant Antoni (casetes t\u00edpiques).<\/p>\n<p>Si us interessa <strong>l&#8217;arquitectura<\/strong>, demaneu un mapa a l&#8217;Oficina de Turisme per seguir el recorregut de les cases del centre hist\u00f2ric. Hi ha aunt\u00e8ntiques mansions.<\/p>\n<div class=\"tiled-gallery type-rectangular tiled-gallery-unresized\" data-original-width=\"1170\" data-carousel-extra='{&quot;blog_id&quot;:1,&quot;permalink&quot;:&quot;https:\\\/\\\/www.sempreviaggiando.com\\\/ca\\\/2014\\\/06\\\/11\\\/escapada-amb-encant-begur-cor-de-la-costa-brava\\\/&quot;,&quot;likes_blog_id&quot;:12732733}' itemscope itemtype=\"http:\/\/schema.org\/ImageGallery\" > <div class=\"gallery-row\" style=\"width: 1170px; height: 440px;\" data-original-width=\"1170\" data-original-height=\"440\" > <div class=\"gallery-group images-1\" style=\"width: 585px; height: 440px;\" data-original-width=\"585\" data-original-height=\"440\" > <div class=\"tiled-gallery-item tiled-gallery-item-large\" itemprop=\"associatedMedia\" itemscope itemtype=\"http:\/\/schema.org\/ImageObject\"> <a href=\"https:\/\/www.sempreviaggiando.com\/ca\/2014\/06\/11\/escapada-amb-encant-begur-cor-de-la-costa-brava\/olympus-digital-camera-715-2\/\" border=\"0\" itemprop=\"url\"> <meta itemprop=\"width\" content=\"581\"> <meta itemprop=\"height\" content=\"436\"> <img decoding=\"async\" class=\"\" data-attachment-id=\"19653\" data-orig-file=\"https:\/\/www.sempreviaggiando.com\/wp-content\/uploads\/2014\/06\/Begur_Costa_Brava_14.jpg\" data-orig-size=\"1280,960\" data-comments-opened=\"1\" data-image-meta=\"{&quot;aperture&quot;:&quot;9&quot;,&quot;credit&quot;:&quot;&quot;,&quot;camera&quot;:&quot;TG-2&quot;,&quot;caption&quot;:&quot;&quot;,&quot;created_timestamp&quot;:&quot;1401564512&quot;,&quot;copyright&quot;:&quot;&quot;,&quot;focal_length&quot;:&quot;5.87&quot;,&quot;iso&quot;:&quot;100&quot;,&quot;shutter_speed&quot;:&quot;0.00625&quot;,&quot;title&quot;:&quot;OLYMPUS DIGITAL CAMERA&quot;}\" data-image-title=\"Castillo Begur\" data-image-description=\"\" data-medium-file=\"https:\/\/www.sempreviaggiando.com\/wp-content\/uploads\/2014\/06\/Begur_Costa_Brava_14-300x225.jpg\" data-large-file=\"https:\/\/www.sempreviaggiando.com\/wp-content\/uploads\/2014\/06\/Begur_Costa_Brava_14-1024x768.jpg\" src=\"https:\/\/i0.wp.com\/www.sempreviaggiando.com\/wp-content\/uploads\/2014\/06\/Begur_Costa_Brava_14.jpg?w=581&#038;h=436&#038;ssl=1\" srcset=\"https:\/\/www.sempreviaggiando.com\/wp-content\/uploads\/2014\/06\/Begur_Costa_Brava_14.jpg 1280w, https:\/\/www.sempreviaggiando.com\/wp-content\/uploads\/2014\/06\/Begur_Costa_Brava_14-300x225.jpg 300w, https:\/\/www.sempreviaggiando.com\/wp-content\/uploads\/2014\/06\/Begur_Costa_Brava_14-1024x768.jpg 1024w, https:\/\/www.sempreviaggiando.com\/wp-content\/uploads\/2014\/06\/Begur_Costa_Brava_14-400x300.jpg 400w\" width=\"581\" height=\"436\" loading=\"lazy\" data-original-width=\"581\" data-original-height=\"436\" itemprop=\"http:\/\/schema.org\/image\" title=\"Castillo Begur\" alt=\"Castillo Begur\" style=\"width: 581px; height: 436px;\" \/> <\/a> <div class=\"tiled-gallery-caption\" itemprop=\"caption description\"> Castillo Begur <\/div> <\/div> <\/div> <!-- close group --> <div class=\"gallery-group images-1\" style=\"width: 585px; height: 440px;\" data-original-width=\"585\" data-original-height=\"440\" > <div class=\"tiled-gallery-item tiled-gallery-item-large\" itemprop=\"associatedMedia\" itemscope itemtype=\"http:\/\/schema.org\/ImageObject\"> <a href=\"https:\/\/www.sempreviaggiando.com\/ca\/2014\/06\/11\/escapada-amb-encant-begur-cor-de-la-costa-brava\/olympus-digital-camera-716-2\/\" border=\"0\" itemprop=\"url\"> <meta itemprop=\"width\" content=\"581\"> <meta itemprop=\"height\" content=\"436\"> <img decoding=\"async\" class=\"\" data-attachment-id=\"19654\" data-orig-file=\"https:\/\/www.sempreviaggiando.com\/wp-content\/uploads\/2014\/06\/Begur_Costa_Brava_15.jpg\" data-orig-size=\"1280,960\" data-comments-opened=\"1\" data-image-meta=\"{&quot;aperture&quot;:&quot;8&quot;,&quot;credit&quot;:&quot;&quot;,&quot;camera&quot;:&quot;TG-2&quot;,&quot;caption&quot;:&quot;&quot;,&quot;created_timestamp&quot;:&quot;1401564858&quot;,&quot;copyright&quot;:&quot;&quot;,&quot;focal_length&quot;:&quot;4.5&quot;,&quot;iso&quot;:&quot;100&quot;,&quot;shutter_speed&quot;:&quot;0.008&quot;,&quot;title&quot;:&quot;OLYMPUS DIGITAL CAMERA&quot;}\" data-image-title=\"Castillo Begur\" data-image-description=\"\" data-medium-file=\"https:\/\/www.sempreviaggiando.com\/wp-content\/uploads\/2014\/06\/Begur_Costa_Brava_15-300x225.jpg\" data-large-file=\"https:\/\/www.sempreviaggiando.com\/wp-content\/uploads\/2014\/06\/Begur_Costa_Brava_15-1024x768.jpg\" src=\"https:\/\/i0.wp.com\/www.sempreviaggiando.com\/wp-content\/uploads\/2014\/06\/Begur_Costa_Brava_15.jpg?w=581&#038;h=436&#038;ssl=1\" srcset=\"https:\/\/www.sempreviaggiando.com\/wp-content\/uploads\/2014\/06\/Begur_Costa_Brava_15.jpg 1280w, https:\/\/www.sempreviaggiando.com\/wp-content\/uploads\/2014\/06\/Begur_Costa_Brava_15-300x225.jpg 300w, https:\/\/www.sempreviaggiando.com\/wp-content\/uploads\/2014\/06\/Begur_Costa_Brava_15-1024x768.jpg 1024w, https:\/\/www.sempreviaggiando.com\/wp-content\/uploads\/2014\/06\/Begur_Costa_Brava_15-400x300.jpg 400w\" width=\"581\" height=\"436\" loading=\"lazy\" data-original-width=\"581\" data-original-height=\"436\" itemprop=\"http:\/\/schema.org\/image\" title=\"Castillo Begur\" alt=\"Desde el Castillo de Begur\" style=\"width: 581px; height: 436px;\" \/> <\/a> <div class=\"tiled-gallery-caption\" itemprop=\"caption description\"> Desde el Castillo de Begur <\/div> <\/div> <\/div> <!-- close group --> <\/div> <!-- close row --> <\/div>\n<p>&nbsp;<\/p>\n<h3>On\u00a0dormir: hotels amb\u00a0encant a\u00a0Begur<\/h3>\n<p><strong>Aqu\u00ed teniu dues opcions recomanables i molt agradables<\/strong><\/p>\n<p><strong><a title=\"aiguablava hotel\" href=\"http:\/\/www.hotelaiguablava.com\/\" target=\"_blank\" rel=\"nofollow\">Hotel Aiguablava<\/a>:<\/strong> un hotel molt familiar, c\u00f2mode i amb impressionants vistes al mar. Dels de tota la vida i amb les habitacions situades en petites casetes que aconsegueixen que et sentis a\u00efllat de la resta de viatgers. Est\u00e0 situat a Fornells, davant de la platja. La majoria d&#8217;habitacions tenen vistes al mar (ideals per a una escapada rom\u00e0ntica i amb encant). Un hotel perfecte per a unes vacances tranquil\u00b7les i relaxants. T\u00e9 una gran piscina, un jard\u00ed espl\u00e8ndid i ben cuidat, taules de ping-pong (amb raquetes i pilotes), pistes de tennis i un restaurant exquisit on tindreu podreu esmorzar, dinar i sopar (amb vistes al mar) si no us ve de gust sortir de l&#8217;hotel. I per descomptat, disposa de p\u00e0rquing. Aqu\u00ed tamb\u00e9 se celebren casaments, i quan vam anar ens va sorprendre la quantitat de clients que ja coneixien als cambrers i que fins i tot de acomiadaven dient &#8220;fins l&#8217;any que ve&#8221;. Sens dubte, l&#8217;atenci\u00f3 i tracte del personal de l&#8217;hotel \u00e9s especial i molt acurada, i aix\u00f2 s&#8217;agraeix. L&#8217;hotel Aiguablava \u00e9s ideal per a aquells que es vulguin relaxar i anar a la platja cada dia. Est\u00e0 a peu de cam\u00ed de ronda, aix\u00ed que si us ve de gust fer l&#8217;excursi\u00f3 us ser\u00e0 molt f\u00e0cil per arribar a Platja Fonda o Aiguablava; un excel\u00b7lent hotel a la Costa Brava amb vistes al mar!<strong><br \/>\n<\/strong><\/p>\n<div class=\"tiled-gallery type-rectangular tiled-gallery-unresized\" data-original-width=\"1170\" data-carousel-extra='{&quot;blog_id&quot;:1,&quot;permalink&quot;:&quot;https:\\\/\\\/www.sempreviaggiando.com\\\/ca\\\/2014\\\/06\\\/11\\\/escapada-amb-encant-begur-cor-de-la-costa-brava\\\/&quot;,&quot;likes_blog_id&quot;:12732733}' itemscope itemtype=\"http:\/\/schema.org\/ImageGallery\" > <div class=\"gallery-row\" style=\"width: 1170px; height: 586px;\" data-original-width=\"1170\" data-original-height=\"586\" > <div class=\"gallery-group images-1\" style=\"width: 780px; height: 586px;\" data-original-width=\"780\" data-original-height=\"586\" > <div class=\"tiled-gallery-item tiled-gallery-item-large\" itemprop=\"associatedMedia\" itemscope itemtype=\"http:\/\/schema.org\/ImageObject\"> <a href=\"https:\/\/www.sempreviaggiando.com\/ca\/2014\/06\/11\/escapada-amb-encant-begur-cor-de-la-costa-brava\/aiguablava5-2\/\" border=\"0\" itemprop=\"url\"> <meta itemprop=\"width\" content=\"776\"> <meta itemprop=\"height\" content=\"582\"> <img decoding=\"async\" class=\"\" data-attachment-id=\"19657\" data-orig-file=\"https:\/\/www.sempreviaggiando.com\/wp-content\/uploads\/2014\/06\/Aiguablava5.jpg\" data-orig-size=\"960,720\" data-comments-opened=\"1\" data-image-meta=\"{&quot;aperture&quot;:&quot;0&quot;,&quot;credit&quot;:&quot;&quot;,&quot;camera&quot;:&quot;&quot;,&quot;caption&quot;:&quot;&quot;,&quot;created_timestamp&quot;:&quot;0&quot;,&quot;copyright&quot;:&quot;&quot;,&quot;focal_length&quot;:&quot;0&quot;,&quot;iso&quot;:&quot;0&quot;,&quot;shutter_speed&quot;:&quot;0&quot;,&quot;title&quot;:&quot;&quot;}\" data-image-title=\"Hotel Aiguablava\" data-image-description=\"\" data-medium-file=\"https:\/\/www.sempreviaggiando.com\/wp-content\/uploads\/2014\/06\/Aiguablava5-300x225.jpg\" data-large-file=\"https:\/\/www.sempreviaggiando.com\/wp-content\/uploads\/2014\/06\/Aiguablava5.jpg\" src=\"https:\/\/i0.wp.com\/www.sempreviaggiando.com\/wp-content\/uploads\/2014\/06\/Aiguablava5.jpg?w=776&#038;h=582&#038;ssl=1\" srcset=\"https:\/\/www.sempreviaggiando.com\/wp-content\/uploads\/2014\/06\/Aiguablava5.jpg 960w, https:\/\/www.sempreviaggiando.com\/wp-content\/uploads\/2014\/06\/Aiguablava5-300x225.jpg 300w, https:\/\/www.sempreviaggiando.com\/wp-content\/uploads\/2014\/06\/Aiguablava5-400x300.jpg 400w\" width=\"776\" height=\"582\" loading=\"lazy\" data-original-width=\"776\" data-original-height=\"582\" itemprop=\"http:\/\/schema.org\/image\" title=\"Hotel Aiguablava\" alt=\"Hotel Aiguablava\" style=\"width: 776px; height: 582px;\" \/> <\/a> <div class=\"tiled-gallery-caption\" itemprop=\"caption description\"> Hotel Aiguablava <\/div> <\/div> <\/div> <!-- close group --> <div class=\"gallery-group images-2\" style=\"width: 390px; height: 586px;\" data-original-width=\"390\" data-original-height=\"586\" > <div class=\"tiled-gallery-item tiled-gallery-item-large\" itemprop=\"associatedMedia\" itemscope itemtype=\"http:\/\/schema.org\/ImageObject\"> <a href=\"https:\/\/www.sempreviaggiando.com\/ca\/2014\/06\/11\/escapada-amb-encant-begur-cor-de-la-costa-brava\/aiguablava3-2\/\" border=\"0\" itemprop=\"url\"> <meta itemprop=\"width\" content=\"386\"> <meta itemprop=\"height\" content=\"289\"> <img decoding=\"async\" class=\"\" data-attachment-id=\"19659\" data-orig-file=\"https:\/\/www.sempreviaggiando.com\/wp-content\/uploads\/2014\/06\/Aiguablava3.jpg\" data-orig-size=\"960,720\" data-comments-opened=\"1\" data-image-meta=\"{&quot;aperture&quot;:&quot;0&quot;,&quot;credit&quot;:&quot;&quot;,&quot;camera&quot;:&quot;&quot;,&quot;caption&quot;:&quot;&quot;,&quot;created_timestamp&quot;:&quot;0&quot;,&quot;copyright&quot;:&quot;&quot;,&quot;focal_length&quot;:&quot;0&quot;,&quot;iso&quot;:&quot;0&quot;,&quot;shutter_speed&quot;:&quot;0&quot;,&quot;title&quot;:&quot;&quot;}\" data-image-title=\"Hotel Aiguablava\" data-image-description=\"\" data-medium-file=\"https:\/\/www.sempreviaggiando.com\/wp-content\/uploads\/2014\/06\/Aiguablava3-300x225.jpg\" data-large-file=\"https:\/\/www.sempreviaggiando.com\/wp-content\/uploads\/2014\/06\/Aiguablava3.jpg\" src=\"https:\/\/i0.wp.com\/www.sempreviaggiando.com\/wp-content\/uploads\/2014\/06\/Aiguablava3.jpg?w=386&#038;h=289&#038;ssl=1\" srcset=\"https:\/\/www.sempreviaggiando.com\/wp-content\/uploads\/2014\/06\/Aiguablava3.jpg 960w, https:\/\/www.sempreviaggiando.com\/wp-content\/uploads\/2014\/06\/Aiguablava3-300x225.jpg 300w, https:\/\/www.sempreviaggiando.com\/wp-content\/uploads\/2014\/06\/Aiguablava3-400x300.jpg 400w\" width=\"386\" height=\"289\" loading=\"lazy\" data-original-width=\"386\" data-original-height=\"289\" itemprop=\"http:\/\/schema.org\/image\" title=\"Hotel Aiguablava\" alt=\"Hotel Aiguablava\" style=\"width: 386px; height: 289px;\" \/> <\/a> <div class=\"tiled-gallery-caption\" itemprop=\"caption description\"> Hotel Aiguablava <\/div> <\/div> <div class=\"tiled-gallery-item tiled-gallery-item-large\" itemprop=\"associatedMedia\" itemscope itemtype=\"http:\/\/schema.org\/ImageObject\"> <a href=\"https:\/\/www.sempreviaggiando.com\/ca\/2014\/06\/11\/escapada-amb-encant-begur-cor-de-la-costa-brava\/olympus-digital-camera-702-2\/\" border=\"0\" itemprop=\"url\"> <meta itemprop=\"width\" content=\"386\"> <meta itemprop=\"height\" content=\"289\"> <img decoding=\"async\" class=\"\" data-attachment-id=\"19643\" data-orig-file=\"https:\/\/www.sempreviaggiando.com\/wp-content\/uploads\/2014\/06\/Begur_Costa_Brava_01.jpg\" data-orig-size=\"1280,960\" data-comments-opened=\"1\" data-image-meta=\"{&quot;aperture&quot;:&quot;8&quot;,&quot;credit&quot;:&quot;&quot;,&quot;camera&quot;:&quot;TG-2&quot;,&quot;caption&quot;:&quot;&quot;,&quot;created_timestamp&quot;:&quot;1401533013&quot;,&quot;copyright&quot;:&quot;&quot;,&quot;focal_length&quot;:&quot;4.5&quot;,&quot;iso&quot;:&quot;100&quot;,&quot;shutter_speed&quot;:&quot;0.0025&quot;,&quot;title&quot;:&quot;OLYMPUS DIGITAL CAMERA&quot;}\" data-image-title=\"Hotel aiguablava begur\" data-image-description=\"\" data-medium-file=\"https:\/\/www.sempreviaggiando.com\/wp-content\/uploads\/2014\/06\/Begur_Costa_Brava_01-300x225.jpg\" data-large-file=\"https:\/\/www.sempreviaggiando.com\/wp-content\/uploads\/2014\/06\/Begur_Costa_Brava_01-1024x768.jpg\" src=\"https:\/\/i0.wp.com\/www.sempreviaggiando.com\/wp-content\/uploads\/2014\/06\/Begur_Costa_Brava_01.jpg?w=386&#038;h=289&#038;ssl=1\" srcset=\"https:\/\/www.sempreviaggiando.com\/wp-content\/uploads\/2014\/06\/Begur_Costa_Brava_01.jpg 1280w, https:\/\/www.sempreviaggiando.com\/wp-content\/uploads\/2014\/06\/Begur_Costa_Brava_01-300x225.jpg 300w, https:\/\/www.sempreviaggiando.com\/wp-content\/uploads\/2014\/06\/Begur_Costa_Brava_01-1024x768.jpg 1024w, https:\/\/www.sempreviaggiando.com\/wp-content\/uploads\/2014\/06\/Begur_Costa_Brava_01-400x300.jpg 400w\" width=\"386\" height=\"289\" loading=\"lazy\" data-original-width=\"386\" data-original-height=\"289\" itemprop=\"http:\/\/schema.org\/image\" title=\"Hotel aiguablava begur\" alt=\"Hotel Aiguablava\" style=\"width: 386px; height: 289px;\" \/> <\/a> <div class=\"tiled-gallery-caption\" itemprop=\"caption description\"> Hotel Aiguablava <\/div> <\/div> <\/div> <!-- close group --> <\/div> <!-- close row --> <div class=\"gallery-row\" style=\"width: 1170px; height: 294px;\" data-original-width=\"1170\" data-original-height=\"294\" > <div class=\"gallery-group images-1\" style=\"width: 390px; height: 294px;\" data-original-width=\"390\" data-original-height=\"294\" > <div class=\"tiled-gallery-item tiled-gallery-item-large\" itemprop=\"associatedMedia\" itemscope itemtype=\"http:\/\/schema.org\/ImageObject\"> <a href=\"https:\/\/www.sempreviaggiando.com\/ca\/2014\/06\/11\/escapada-amb-encant-begur-cor-de-la-costa-brava\/aiguablava4-2\/\" border=\"0\" itemprop=\"url\"> <meta itemprop=\"width\" content=\"386\"> <meta itemprop=\"height\" content=\"290\"> <img decoding=\"async\" class=\"\" data-attachment-id=\"19658\" data-orig-file=\"https:\/\/www.sempreviaggiando.com\/wp-content\/uploads\/2014\/06\/Aiguablava4.jpg\" data-orig-size=\"960,720\" data-comments-opened=\"1\" data-image-meta=\"{&quot;aperture&quot;:&quot;0&quot;,&quot;credit&quot;:&quot;&quot;,&quot;camera&quot;:&quot;&quot;,&quot;caption&quot;:&quot;&quot;,&quot;created_timestamp&quot;:&quot;0&quot;,&quot;copyright&quot;:&quot;&quot;,&quot;focal_length&quot;:&quot;0&quot;,&quot;iso&quot;:&quot;0&quot;,&quot;shutter_speed&quot;:&quot;0&quot;,&quot;title&quot;:&quot;&quot;}\" data-image-title=\"Hotel Aiguablava\" data-image-description=\"\" data-medium-file=\"https:\/\/www.sempreviaggiando.com\/wp-content\/uploads\/2014\/06\/Aiguablava4-300x225.jpg\" data-large-file=\"https:\/\/www.sempreviaggiando.com\/wp-content\/uploads\/2014\/06\/Aiguablava4.jpg\" src=\"https:\/\/i0.wp.com\/www.sempreviaggiando.com\/wp-content\/uploads\/2014\/06\/Aiguablava4.jpg?w=386&#038;h=290&#038;ssl=1\" srcset=\"https:\/\/www.sempreviaggiando.com\/wp-content\/uploads\/2014\/06\/Aiguablava4.jpg 960w, https:\/\/www.sempreviaggiando.com\/wp-content\/uploads\/2014\/06\/Aiguablava4-300x225.jpg 300w, https:\/\/www.sempreviaggiando.com\/wp-content\/uploads\/2014\/06\/Aiguablava4-400x300.jpg 400w\" width=\"386\" height=\"290\" loading=\"lazy\" data-original-width=\"386\" data-original-height=\"290\" itemprop=\"http:\/\/schema.org\/image\" title=\"Hotel Aiguablava\" alt=\"Hotel Aiguablava\" style=\"width: 386px; height: 290px;\" \/> <\/a> <div class=\"tiled-gallery-caption\" itemprop=\"caption description\"> Hotel Aiguablava <\/div> <\/div> <\/div> <!-- close group --> <div class=\"gallery-group images-1\" style=\"width: 390px; height: 294px;\" data-original-width=\"390\" data-original-height=\"294\" > <div class=\"tiled-gallery-item tiled-gallery-item-large\" itemprop=\"associatedMedia\" itemscope itemtype=\"http:\/\/schema.org\/ImageObject\"> <a href=\"https:\/\/www.sempreviaggiando.com\/ca\/2014\/06\/11\/escapada-amb-encant-begur-cor-de-la-costa-brava\/olympus-digital-camera-705-2\/\" border=\"0\" itemprop=\"url\"> <meta itemprop=\"width\" content=\"386\"> <meta itemprop=\"height\" content=\"290\"> <img decoding=\"async\" class=\"\" data-attachment-id=\"19645\" data-orig-file=\"https:\/\/www.sempreviaggiando.com\/wp-content\/uploads\/2014\/06\/Begur_Costa_Brava_04.jpg\" data-orig-size=\"1280,960\" data-comments-opened=\"1\" data-image-meta=\"{&quot;aperture&quot;:&quot;5.6&quot;,&quot;credit&quot;:&quot;&quot;,&quot;camera&quot;:&quot;TG-2&quot;,&quot;caption&quot;:&quot;&quot;,&quot;created_timestamp&quot;:&quot;1401534235&quot;,&quot;copyright&quot;:&quot;&quot;,&quot;focal_length&quot;:&quot;4.5&quot;,&quot;iso&quot;:&quot;100&quot;,&quot;shutter_speed&quot;:&quot;0.00625&quot;,&quot;title&quot;:&quot;OLYMPUS DIGITAL CAMERA&quot;}\" data-image-title=\"Aiguablava\" data-image-description=\"\" data-medium-file=\"https:\/\/www.sempreviaggiando.com\/wp-content\/uploads\/2014\/06\/Begur_Costa_Brava_04-300x225.jpg\" data-large-file=\"https:\/\/www.sempreviaggiando.com\/wp-content\/uploads\/2014\/06\/Begur_Costa_Brava_04-1024x768.jpg\" src=\"https:\/\/i0.wp.com\/www.sempreviaggiando.com\/wp-content\/uploads\/2014\/06\/Begur_Costa_Brava_04.jpg?w=386&#038;h=290&#038;ssl=1\" srcset=\"https:\/\/www.sempreviaggiando.com\/wp-content\/uploads\/2014\/06\/Begur_Costa_Brava_04.jpg 1280w, https:\/\/www.sempreviaggiando.com\/wp-content\/uploads\/2014\/06\/Begur_Costa_Brava_04-300x225.jpg 300w, https:\/\/www.sempreviaggiando.com\/wp-content\/uploads\/2014\/06\/Begur_Costa_Brava_04-1024x768.jpg 1024w, https:\/\/www.sempreviaggiando.com\/wp-content\/uploads\/2014\/06\/Begur_Costa_Brava_04-400x300.jpg 400w\" width=\"386\" height=\"290\" loading=\"lazy\" data-original-width=\"386\" data-original-height=\"290\" itemprop=\"http:\/\/schema.org\/image\" title=\"Aiguablava\" alt=\"Hotel Aiguablava\" style=\"width: 386px; height: 290px;\" \/> <\/a> <div class=\"tiled-gallery-caption\" itemprop=\"caption description\"> Hotel Aiguablava <\/div> <\/div> <\/div> <!-- close group --> <div class=\"gallery-group images-1\" style=\"width: 390px; height: 294px;\" data-original-width=\"390\" data-original-height=\"294\" > <div class=\"tiled-gallery-item tiled-gallery-item-large\" itemprop=\"associatedMedia\" itemscope itemtype=\"http:\/\/schema.org\/ImageObject\"> <a href=\"https:\/\/www.sempreviaggiando.com\/ca\/2014\/06\/11\/escapada-amb-encant-begur-cor-de-la-costa-brava\/olympus-digital-camera-703-2\/\" border=\"0\" itemprop=\"url\"> <meta itemprop=\"width\" content=\"386\"> <meta itemprop=\"height\" content=\"290\"> <img decoding=\"async\" class=\"\" data-attachment-id=\"19644\" data-orig-file=\"https:\/\/www.sempreviaggiando.com\/wp-content\/uploads\/2014\/06\/Begur_Costa_Brava_02.jpg\" data-orig-size=\"1280,960\" data-comments-opened=\"1\" data-image-meta=\"{&quot;aperture&quot;:&quot;8&quot;,&quot;credit&quot;:&quot;&quot;,&quot;camera&quot;:&quot;TG-2&quot;,&quot;caption&quot;:&quot;&quot;,&quot;created_timestamp&quot;:&quot;1401533933&quot;,&quot;copyright&quot;:&quot;&quot;,&quot;focal_length&quot;:&quot;4.5&quot;,&quot;iso&quot;:&quot;100&quot;,&quot;shutter_speed&quot;:&quot;0.003125&quot;,&quot;title&quot;:&quot;OLYMPUS DIGITAL CAMERA&quot;}\" data-image-title=\"Hotel aiguablava begur\" data-image-description=\"\" data-medium-file=\"https:\/\/www.sempreviaggiando.com\/wp-content\/uploads\/2014\/06\/Begur_Costa_Brava_02-300x225.jpg\" data-large-file=\"https:\/\/www.sempreviaggiando.com\/wp-content\/uploads\/2014\/06\/Begur_Costa_Brava_02-1024x768.jpg\" src=\"https:\/\/i0.wp.com\/www.sempreviaggiando.com\/wp-content\/uploads\/2014\/06\/Begur_Costa_Brava_02.jpg?w=386&#038;h=290&#038;ssl=1\" srcset=\"https:\/\/www.sempreviaggiando.com\/wp-content\/uploads\/2014\/06\/Begur_Costa_Brava_02.jpg 1280w, https:\/\/www.sempreviaggiando.com\/wp-content\/uploads\/2014\/06\/Begur_Costa_Brava_02-300x225.jpg 300w, https:\/\/www.sempreviaggiando.com\/wp-content\/uploads\/2014\/06\/Begur_Costa_Brava_02-1024x768.jpg 1024w, https:\/\/www.sempreviaggiando.com\/wp-content\/uploads\/2014\/06\/Begur_Costa_Brava_02-400x300.jpg 400w\" width=\"386\" height=\"290\" loading=\"lazy\" data-original-width=\"386\" data-original-height=\"290\" itemprop=\"http:\/\/schema.org\/image\" title=\"Hotel aiguablava begur\" alt=\"Hotel aiguablava begur\" style=\"width: 386px; height: 290px;\" \/> <\/a> <div class=\"tiled-gallery-caption\" itemprop=\"caption description\"> Hotel aiguablava begur <\/div> <\/div> <\/div> <!-- close group --> <\/div> <!-- close row --> <\/div>\n<p><a title=\"aiguaclara\" href=\"http:\/\/www.booking.com\/hotel\/es\/aiguaclara.ca.html?aid=358107\" target=\"_blank\" rel=\"nofollow\"><strong>Hotel Aiguaclara:<\/strong><\/a> si us ve de gust estar m\u00e9s al centre de Begur, l&#8217;hotel boutique Aiguaclara \u00e9s una molt bona opci\u00f3. Un hotel rom\u00e0ntic, amb encant i ideal per a parelles. Un hotel &#8220;fet amb amor&#8221;, tal i com diu\u00a0el seu esl\u00f2gan. Disposa de poques habitacions, cadascuna d&#8217;elles personalitzades d&#8217;una forma diferent. Tamb\u00e9 disposa de p\u00e0rquing i \u00e9s a 5 minuts caminant de la pla\u00e7a central de Begur.<\/p>\n<div class=\"tiled-gallery type-circle tiled-gallery-unresized\" data-original-width=\"1170\" data-carousel-extra='{&quot;blog_id&quot;:1,&quot;permalink&quot;:&quot;https:\\\/\\\/www.sempreviaggiando.com\\\/ca\\\/2014\\\/06\\\/11\\\/escapada-amb-encant-begur-cor-de-la-costa-brava\\\/&quot;,&quot;likes_blog_id&quot;:12732733}' itemscope itemtype=\"http:\/\/schema.org\/ImageGallery\" > <div class=\"gallery-row\" style=\"width: 1170px; height: 390px;\" data-original-width=\"1170\" data-original-height=\"390\" > <div class=\"gallery-group\" style=\"width: 390px; height: 390px;\" data-original-width=\"390\" data-original-height=\"390\" > <div class=\"tiled-gallery-item \" itemprop=\"associatedMedia\" itemscope itemtype=\"http:\/\/schema.org\/ImageObject\"> <a href=\"https:\/\/www.sempreviaggiando.com\/ca\/2014\/06\/11\/escapada-amb-encant-begur-cor-de-la-costa-brava\/olympus-digital-camera-704-2\/\" border=\"0\" itemprop=\"url\"> <meta itemprop=\"width\" content=\"386\"> <meta itemprop=\"height\" content=\"386\"> <img decoding=\"async\" class=\"\" data-attachment-id=\"19664\" data-orig-file=\"https:\/\/www.sempreviaggiando.com\/wp-content\/uploads\/2014\/06\/aiguaclara_1.jpg\" data-orig-size=\"1280,960\" data-comments-opened=\"1\" data-image-meta=\"{&quot;aperture&quot;:&quot;2&quot;,&quot;credit&quot;:&quot;&quot;,&quot;camera&quot;:&quot;TG-2&quot;,&quot;caption&quot;:&quot;&quot;,&quot;created_timestamp&quot;:&quot;1401562780&quot;,&quot;copyright&quot;:&quot;&quot;,&quot;focal_length&quot;:&quot;4.5&quot;,&quot;iso&quot;:&quot;100&quot;,&quot;shutter_speed&quot;:&quot;0.076923076923077&quot;,&quot;title&quot;:&quot;OLYMPUS DIGITAL CAMERA&quot;}\" data-image-title=\"Hotel Aiguaclara\" data-image-description=\"\" data-medium-file=\"https:\/\/www.sempreviaggiando.com\/wp-content\/uploads\/2014\/06\/aiguaclara_1-300x225.jpg\" data-large-file=\"https:\/\/www.sempreviaggiando.com\/wp-content\/uploads\/2014\/06\/aiguaclara_1-1024x768.jpg\" src=\"https:\/\/i0.wp.com\/www.sempreviaggiando.com\/wp-content\/uploads\/2014\/06\/aiguaclara_1.jpg?w=386&#038;h=386&#038;crop=1&#038;ssl=1\" width=\"386\" height=\"386\" loading=\"lazy\" data-original-width=\"386\" data-original-height=\"386\" itemprop=\"http:\/\/schema.org\/image\" title=\"Hotel Aiguaclara\" alt=\"Hotel Aiguaclara\" style=\"width: 386px; height: 386px;\" \/> <\/a> <\/div> <\/div> <div class=\"gallery-group\" style=\"width: 390px; height: 390px;\" data-original-width=\"390\" data-original-height=\"390\" > <div class=\"tiled-gallery-item \" itemprop=\"associatedMedia\" itemscope itemtype=\"http:\/\/schema.org\/ImageObject\"> <a href=\"https:\/\/www.sempreviaggiando.com\/ca\/2014\/06\/11\/escapada-amb-encant-begur-cor-de-la-costa-brava\/olympus-digital-camera-711-2\/\" border=\"0\" itemprop=\"url\"> <meta itemprop=\"width\" content=\"386\"> <meta itemprop=\"height\" content=\"386\"> <img decoding=\"async\" class=\"\" data-attachment-id=\"19666\" data-orig-file=\"https:\/\/www.sempreviaggiando.com\/wp-content\/uploads\/2014\/06\/aiguaclara_3.jpg\" data-orig-size=\"2976,3968\" data-comments-opened=\"1\" data-image-meta=\"{&quot;aperture&quot;:&quot;2.8&quot;,&quot;credit&quot;:&quot;&quot;,&quot;camera&quot;:&quot;TG-2&quot;,&quot;caption&quot;:&quot;&quot;,&quot;created_timestamp&quot;:&quot;1401617546&quot;,&quot;copyright&quot;:&quot;&quot;,&quot;focal_length&quot;:&quot;4.5&quot;,&quot;iso&quot;:&quot;100&quot;,&quot;shutter_speed&quot;:&quot;0.008&quot;,&quot;title&quot;:&quot;OLYMPUS DIGITAL CAMERA&quot;}\" data-image-title=\"Hotel Aiguaclara\" data-image-description=\"\" data-medium-file=\"https:\/\/www.sempreviaggiando.com\/wp-content\/uploads\/2014\/06\/aiguaclara_3-225x300.jpg\" data-large-file=\"https:\/\/www.sempreviaggiando.com\/wp-content\/uploads\/2014\/06\/aiguaclara_3-768x1024.jpg\" src=\"https:\/\/i0.wp.com\/www.sempreviaggiando.com\/wp-content\/uploads\/2014\/06\/aiguaclara_3.jpg?w=386&#038;h=386&#038;crop=1&#038;ssl=1\" width=\"386\" height=\"386\" loading=\"lazy\" data-original-width=\"386\" data-original-height=\"386\" itemprop=\"http:\/\/schema.org\/image\" title=\"Hotel Aiguaclara\" alt=\"Hotel Aiguaclara\" style=\"width: 386px; height: 386px;\" \/> <\/a> <\/div> <\/div> <div class=\"gallery-group\" style=\"width: 390px; height: 390px;\" data-original-width=\"390\" data-original-height=\"390\" > <div class=\"tiled-gallery-item \" itemprop=\"associatedMedia\" itemscope itemtype=\"http:\/\/schema.org\/ImageObject\"> <a href=\"https:\/\/www.sempreviaggiando.com\/ca\/2014\/06\/11\/escapada-amb-encant-begur-cor-de-la-costa-brava\/olympus-digital-camera-706-2\/\" border=\"0\" itemprop=\"url\"> <meta itemprop=\"width\" content=\"386\"> <meta itemprop=\"height\" content=\"386\"> <img decoding=\"async\" class=\"\" data-attachment-id=\"19665\" data-orig-file=\"https:\/\/www.sempreviaggiando.com\/wp-content\/uploads\/2014\/06\/aiguaclara_2.jpg\" data-orig-size=\"1280,960\" data-comments-opened=\"1\" data-image-meta=\"{&quot;aperture&quot;:&quot;2&quot;,&quot;credit&quot;:&quot;&quot;,&quot;camera&quot;:&quot;TG-2&quot;,&quot;caption&quot;:&quot;&quot;,&quot;created_timestamp&quot;:&quot;1401562881&quot;,&quot;copyright&quot;:&quot;&quot;,&quot;focal_length&quot;:&quot;4.5&quot;,&quot;iso&quot;:&quot;320&quot;,&quot;shutter_speed&quot;:&quot;0.033333333333333&quot;,&quot;title&quot;:&quot;OLYMPUS DIGITAL CAMERA&quot;}\" data-image-title=\"Hotel Aiguaclara\" data-image-description=\"\" data-medium-file=\"https:\/\/www.sempreviaggiando.com\/wp-content\/uploads\/2014\/06\/aiguaclara_2-300x225.jpg\" data-large-file=\"https:\/\/www.sempreviaggiando.com\/wp-content\/uploads\/2014\/06\/aiguaclara_2-1024x768.jpg\" src=\"https:\/\/i0.wp.com\/www.sempreviaggiando.com\/wp-content\/uploads\/2014\/06\/aiguaclara_2.jpg?w=386&#038;h=386&#038;crop=1&#038;ssl=1\" width=\"386\" height=\"386\" loading=\"lazy\" data-original-width=\"386\" data-original-height=\"386\" itemprop=\"http:\/\/schema.org\/image\" title=\"Hotel Aiguaclara\" alt=\"Hotel Aiguaclara\" style=\"width: 386px; height: 386px;\" \/> <\/a> <\/div> <\/div> <\/div> <\/div>\n<p>&nbsp;<\/p>\n<p>[booking_ad]<\/p>\n<p>&nbsp;<\/p>\n","protected":false},"excerpt":{"rendered":"<p>[summary]Com\u00a0m&#8217;agrada la Costa Brava! Un dels meus llocs\u00a0preferits: el cap de Begur. Aig\u00fces cristal\u00b7lines, vegetaci\u00f3 a primera l\u00ednia de mar i una infinitat de penya-segats que recorren les mil caletes que hi ha.[\/summary] &nbsp; Begur \u00e9s al cor de la Costa Brava, a la zona central. A 45min de Girona i a 1: 30h de<\/p>\n<div class=\"read-more-wrapper\"><a class=\"read-more\" href=\"https:\/\/www.sempreviaggiando.com\/ca\/2014\/06\/11\/escapada-amb-encant-begur-cor-de-la-costa-brava\/\" title=\"Read More\"> <span class=\"button \">Read More<\/span><\/a><\/div>\n","protected":false},"author":2,"featured_media":12929,"comment_status":"open","ping_status":"open","sticky":false,"template":"","format":"standard","meta":{"_acf_changed":false,"_bos_mb_destination":[""],"_jetpack_memberships_contains_paid_content":false,"footnotes":""},"categories":[121],"tags":[],"class_list":["post-14187","post","type-post","status-publish","format-standard","has-post-thumbnail","hentry","category-rutes-per-catalunya"],"acf":[],"jetpack_featured_media_url":"https:\/\/www.sempreviaggiando.com\/wp-content\/uploads\/2014\/06\/Aiguablava.jpg","jetpack_sharing_enabled":true,"_links":{"self":[{"href":"https:\/\/www.sempreviaggiando.com\/ca\/wp-json\/wp\/v2\/posts\/14187","targetHints":{"allow":["GET"]}}],"collection":[{"href":"https:\/\/www.sempreviaggiando.com\/ca\/wp-json\/wp\/v2\/posts"}],"about":[{"href":"https:\/\/www.sempreviaggiando.com\/ca\/wp-json\/wp\/v2\/types\/post"}],"author":[{"embeddable":true,"href":"https:\/\/www.sempreviaggiando.com\/ca\/wp-json\/wp\/v2\/users\/2"}],"replies":[{"embeddable":true,"href":"https:\/\/www.sempreviaggiando.com\/ca\/wp-json\/wp\/v2\/comments?post=14187"}],"version-history":[{"count":4,"href":"https:\/\/www.sempreviaggiando.com\/ca\/wp-json\/wp\/v2\/posts\/14187\/revisions"}],"predecessor-version":[{"id":14191,"href":"https:\/\/www.sempreviaggiando.com\/ca\/wp-json\/wp\/v2\/posts\/14187\/revisions\/14191"}],"wp:featuredmedia":[{"embeddable":true,"href":"https:\/\/www.sempreviaggiando.com\/ca\/wp-json\/wp\/v2\/media\/12929"}],"wp:attachment":[{"href":"https:\/\/www.sempreviaggiando.com\/ca\/wp-json\/wp\/v2\/media?parent=14187"}],"wp:term":[{"taxonomy":"category","embeddable":true,"href":"https:\/\/www.sempreviaggiando.com\/ca\/wp-json\/wp\/v2\/categories?post=14187"},{"taxonomy":"post_tag","embeddable":true,"href":"https:\/\/www.sempreviaggiando.com\/ca\/wp-json\/wp\/v2\/tags?post=14187"}],"curies":[{"name":"wp","href":"https:\/\/api.w.org\/{rel}","templated":true}]}}