{"id":14262,"date":"2015-11-04T15:23:06","date_gmt":"2015-11-04T14:23:06","guid":{"rendered":"http:\/\/www.sempreviaggiando.com\/?p=14262"},"modified":"2016-03-02T18:16:36","modified_gmt":"2016-03-02T17:16:36","slug":"escapada-de-tardor-a-camprodon","status":"publish","type":"post","link":"https:\/\/www.sempreviaggiando.com\/ca\/2015\/11\/04\/escapada-de-tardor-a-camprodon\/","title":{"rendered":"Escapada de tardor a Camprodon"},"content":{"rendered":"<p>[summary]<strong>Novembre \u00e9s temps de fotografia;<\/strong>\u00a0de fotografia d&#8217;arbres de color groc, vermell, verd, ocre, marr\u00f3&#8230; La foto que deixa el paisatge de la tardor \u00e9s preciosa i el nostre lloc favorit per gaudir-lo&#8230;<strong> la vall de Camprodon, al Pirineu de Girona<\/strong>.[\/summary]<\/p>\n<p>Viure a<strong> <a href=\"http:\/\/www.sempreviaggiando.com\/ca\/2015\/08\/14\/10-coses-a-fer-a-olot-i-la-garrotxa\/\" target=\"_blank\">Olot<\/a><\/strong> facilita escapar-nos a <strong>Camprodon<\/strong> sovint. Est\u00e0 a menys de 30 minuts amb cotxe i \u00e9s el lloc perfecte per fer-hi una passejada.<\/p>\n<p><strong>A finals d&#8217;octubre i principis de novembre \u00e9s el millor moment per anar a la vall de Camprodon per fotografiar la tardor<\/strong>. El canvi de color de les fulles dep\u00e8n del clima que hagi fet a l&#8217;octubre. Per exemple, aquest any 2015 amb el bon temps que ha fet fins ara, les fulles estaven precioses aquest cap de setmana passat (dia de Tots Sants -31 octubre, 1 novembre)&#8211; sembla ser que els colors aguantaran uns quants dies m\u00e9s amb el bon temps. <strong>Si sou fans de la fotografia i del senderisme, apunteu a l&#8217;agenda una escapada a Camprodon per a principis de novembre!<\/strong><\/p>\n<p><em>(Nota: La resta de l&#8217;any, la vall de Camprodon \u00e9s igualment preci\u00f3sa. A l&#8217;estiu hi estareu fresquets i a l&#8217;hivern podreu aprofitar per anar a tocar neu. Per\u00f2 amb perm\u00eds de les altres estacions de l&#8217;any, crec que la tardor a la <em><a href=\"http:\/\/www.valldecamprodon.org\/\" target=\"_blank\">Vall de Camprodon<\/a><\/em> \u00e9s el millor que hi ha!).<\/em><\/p>\n<p><img loading=\"lazy\" decoding=\"async\" class=\"aligncenter size-full wp-image-14221\" src=\"http:\/\/www.sempreviaggiando.com\/wp-content\/uploads\/2015\/11\/camprodon-maristany.jpg\" alt=\"camprodon-maristany\" width=\"1200\" height=\"800\" srcset=\"https:\/\/www.sempreviaggiando.com\/wp-content\/uploads\/2015\/11\/camprodon-maristany.jpg 1200w, https:\/\/www.sempreviaggiando.com\/wp-content\/uploads\/2015\/11\/camprodon-maristany-300x200.jpg 300w, https:\/\/www.sempreviaggiando.com\/wp-content\/uploads\/2015\/11\/camprodon-maristany-1024x683.jpg 1024w\" sizes=\"auto, (max-width: 1200px) 100vw, 1200px\" \/><\/p>\n<p><img loading=\"lazy\" decoding=\"async\" class=\"aligncenter size-full wp-image-14220\" src=\"http:\/\/www.sempreviaggiando.com\/wp-content\/uploads\/2015\/11\/camprodon-maristany-2.jpg\" alt=\"camprodon-maristany-2\" width=\"900\" height=\"600\" srcset=\"https:\/\/www.sempreviaggiando.com\/wp-content\/uploads\/2015\/11\/camprodon-maristany-2.jpg 900w, https:\/\/www.sempreviaggiando.com\/wp-content\/uploads\/2015\/11\/camprodon-maristany-2-300x200.jpg 300w\" sizes=\"auto, (max-width: 900px) 100vw, 900px\" \/><\/p>\n<h3>Qu\u00e8 fer\u00a0a Camprodon<\/h3>\n<p>Camprodon \u00e9s coneguda pel seu<strong> pont de pedra (el &#8220;Pont Nou&#8221;)<\/strong>. I tamb\u00e9 pels seus <strong>embotits i pastisseries<\/strong>. El centre \u00e9s petit\u00f3 i es recorre f\u00e0cilment caminant. Hi ha<strong> mercat setmanal els diumenges<\/strong> &#8211;tot i que cal avisar que aix\u00f2 complica la circulaci\u00f3 i el fet de trobar aparcament. Si us ve de gust\u00a0fer un\u00a0berenar (o vermut), la meva recomanaci\u00f3 \u00e9s la <strong>cafeteria\u00a0<a href=\"https:\/\/es.foursquare.com\/v\/can-prodon\/4cdee6fc70bba1cd515463c4\" target=\"_blank\" rel=\"nofollow\">Can Prodon<\/a><\/strong>, <strong>just davant del pont.<\/strong> T\u00e9 unes vistes fabuloses (i un mini balconet) i el millor \u00e9s la seva oferta de creps, sucs naturals, gelats casolans, caf\u00e8s i su\u00efssos. I caminant una mica m\u00e9s enll\u00e0, <strong>al passeig de Maristany<\/strong> (sortint de Camprodon, en direcci\u00f3 Setcases-Vallter) podreu fer-vos el reportatge fotogr\u00e0fic amb els arbres al fons &#8211; <em>com nosaltres!<\/em> Per als m\u00e9s llaminers, potser<strong> us sonar\u00e0 la marca de<\/strong>\u00a0<strong><a href=\"http:\/\/www.birba.es\/\" target=\"_blank\" rel=\"nofollow\">galetes Birba<\/a><\/strong>, <strong>que s\u00f3n de Camprodon<\/strong>. Ho veureu r\u00e0pidament per la imatge de la caixa. La f\u00e0brica est\u00e0 als afores de Camprodon, per\u00f2 que jo s\u00e0piga no es fan visites al p\u00fablic general (ll\u00e0stima!!!).<\/p>\n<div id=\"attachment_14224\" style=\"width: 1210px\" class=\"wp-caption aligncenter\"><img loading=\"lazy\" decoding=\"async\" aria-describedby=\"caption-attachment-14224\" class=\"size-full wp-image-14224\" src=\"http:\/\/www.sempreviaggiando.com\/wp-content\/uploads\/2015\/11\/camprodon.jpg\" alt=\"Puente Nuevo, Camprodon\" width=\"1200\" height=\"684\" srcset=\"https:\/\/www.sempreviaggiando.com\/wp-content\/uploads\/2015\/11\/camprodon.jpg 1200w, https:\/\/www.sempreviaggiando.com\/wp-content\/uploads\/2015\/11\/camprodon-300x171.jpg 300w, https:\/\/www.sempreviaggiando.com\/wp-content\/uploads\/2015\/11\/camprodon-1024x584.jpg 1024w\" sizes=\"auto, (max-width: 1200px) 100vw, 1200px\" \/><p id=\"caption-attachment-14224\" class=\"wp-caption-text\">Pont Nou, Camprodon<\/p><\/div>\n<div class=\"tiled-gallery type-rectangular tiled-gallery-unresized\" data-original-width=\"1170\" data-carousel-extra='{&quot;blog_id&quot;:1,&quot;permalink&quot;:&quot;https:\\\/\\\/www.sempreviaggiando.com\\\/ca\\\/2015\\\/11\\\/04\\\/escapada-de-tardor-a-camprodon\\\/&quot;,&quot;likes_blog_id&quot;:12732733}' itemscope itemtype=\"http:\/\/schema.org\/ImageGallery\" > <div class=\"gallery-row\" style=\"width: 1170px; height: 359px;\" data-original-width=\"1170\" data-original-height=\"359\" > <div class=\"gallery-group images-1\" style=\"width: 634px; height: 359px;\" data-original-width=\"634\" data-original-height=\"359\" > <div class=\"tiled-gallery-item tiled-gallery-item-large\" itemprop=\"associatedMedia\" itemscope itemtype=\"http:\/\/schema.org\/ImageObject\"> <a href=\"https:\/\/www.sempreviaggiando.com\/ca\/2015\/11\/04\/escapada-de-tardor-a-camprodon\/bty-5\/\" border=\"0\" itemprop=\"url\"> <meta itemprop=\"width\" content=\"630\"> <meta itemprop=\"height\" content=\"355\"> <img decoding=\"async\" class=\"\" data-attachment-id=\"20035\" data-orig-file=\"https:\/\/www.sempreviaggiando.com\/wp-content\/uploads\/2015\/11\/roser-arnau.jpg\" data-orig-size=\"900,507\" data-comments-opened=\"\" data-image-meta=\"{&quot;aperture&quot;:&quot;2.4&quot;,&quot;credit&quot;:&quot;&quot;,&quot;camera&quot;:&quot;HUAWEI GRA-L09&quot;,&quot;caption&quot;:&quot;bty&quot;,&quot;created_timestamp&quot;:&quot;1446304612&quot;,&quot;copyright&quot;:&quot;&quot;,&quot;focal_length&quot;:&quot;2.38&quot;,&quot;iso&quot;:&quot;100&quot;,&quot;shutter_speed&quot;:&quot;0.009984&quot;,&quot;title&quot;:&quot;bty&quot;,&quot;orientation&quot;:&quot;1&quot;}\" data-image-title=\"bty\" data-image-description=\"\" data-medium-file=\"https:\/\/www.sempreviaggiando.com\/wp-content\/uploads\/2015\/11\/roser-arnau-300x169.jpg\" data-large-file=\"https:\/\/www.sempreviaggiando.com\/wp-content\/uploads\/2015\/11\/roser-arnau.jpg\" src=\"https:\/\/i0.wp.com\/www.sempreviaggiando.com\/wp-content\/uploads\/2015\/11\/roser-arnau.jpg?w=630&#038;h=355&#038;ssl=1\" srcset=\"https:\/\/www.sempreviaggiando.com\/wp-content\/uploads\/2015\/11\/roser-arnau.jpg 900w, https:\/\/www.sempreviaggiando.com\/wp-content\/uploads\/2015\/11\/roser-arnau-300x169.jpg 300w\" width=\"630\" height=\"355\" loading=\"lazy\" data-original-width=\"630\" data-original-height=\"355\" itemprop=\"http:\/\/schema.org\/image\" title=\"bty\" alt=\"bty\" style=\"width: 630px; height: 355px;\" \/> <\/a> <\/div> <\/div> <!-- close group --> <div class=\"gallery-group images-1\" style=\"width: 536px; height: 359px;\" data-original-width=\"536\" data-original-height=\"359\" > <div class=\"tiled-gallery-item tiled-gallery-item-large\" itemprop=\"associatedMedia\" itemscope itemtype=\"http:\/\/schema.org\/ImageObject\"> <a href=\"https:\/\/www.sempreviaggiando.com\/ca\/2015\/11\/04\/escapada-de-tardor-a-camprodon\/camprodon-otono-3\/\" border=\"0\" itemprop=\"url\"> <meta itemprop=\"width\" content=\"532\"> <meta itemprop=\"height\" content=\"355\"> <img decoding=\"async\" class=\"\" data-attachment-id=\"20032\" data-orig-file=\"https:\/\/www.sempreviaggiando.com\/wp-content\/uploads\/2015\/11\/camprodon-otono.jpg\" data-orig-size=\"900,600\" data-comments-opened=\"\" data-image-meta=\"{&quot;aperture&quot;:&quot;0&quot;,&quot;credit&quot;:&quot;&quot;,&quot;camera&quot;:&quot;&quot;,&quot;caption&quot;:&quot;&quot;,&quot;created_timestamp&quot;:&quot;0&quot;,&quot;copyright&quot;:&quot;&quot;,&quot;focal_length&quot;:&quot;0&quot;,&quot;iso&quot;:&quot;0&quot;,&quot;shutter_speed&quot;:&quot;0&quot;,&quot;title&quot;:&quot;&quot;,&quot;orientation&quot;:&quot;1&quot;}\" data-image-title=\"camprodon-otono\" data-image-description=\"\" data-medium-file=\"https:\/\/www.sempreviaggiando.com\/wp-content\/uploads\/2015\/11\/camprodon-otono-300x200.jpg\" data-large-file=\"https:\/\/www.sempreviaggiando.com\/wp-content\/uploads\/2015\/11\/camprodon-otono.jpg\" src=\"https:\/\/i0.wp.com\/www.sempreviaggiando.com\/wp-content\/uploads\/2015\/11\/camprodon-otono.jpg?w=532&#038;h=355&#038;ssl=1\" srcset=\"https:\/\/www.sempreviaggiando.com\/wp-content\/uploads\/2015\/11\/camprodon-otono.jpg 900w, https:\/\/www.sempreviaggiando.com\/wp-content\/uploads\/2015\/11\/camprodon-otono-300x200.jpg 300w\" width=\"532\" height=\"355\" loading=\"lazy\" data-original-width=\"532\" data-original-height=\"355\" itemprop=\"http:\/\/schema.org\/image\" title=\"camprodon-otono\" alt=\"Paseo Maristany\" style=\"width: 532px; height: 355px;\" \/> <\/a> <div class=\"tiled-gallery-caption\" itemprop=\"caption description\"> Paseo Maristany <\/div> <\/div> <\/div> <!-- close group --> <\/div> <!-- close row --> <\/div>\n<h3>Petita\u00a0excursi\u00f3\u00a0prop\u00a0de Camprodon<\/h3>\n<p>Si fa bo i us ve de gust estirar les cames, hi ha diverses excursions als voltants immediats de Camprodon. Una que vam fer nosaltres i ens va encantar \u00e9s el <strong>Passeig de les Fonts<\/strong>. \u00c9s ben senzilla, puja poc i pot fer-se amb un nad\u00f3, que \u00e9s el que ens interessava a nosaltres. La major part del trajecte est\u00e0 asfaltat i despr\u00e9s hi ha petits camins de terra fins a cadascuna de les fonts. A <strong>l&#8217;oficina de Turisme (a la rotonda d&#8217;entrada a Camprodon)<\/strong> us donaran m\u00e9s informaci\u00f3 i un mapa detallat amb la ruta.<\/p>\n<div class=\"tiled-gallery type-rectangular tiled-gallery-unresized\" data-original-width=\"1170\" data-carousel-extra='{&quot;blog_id&quot;:1,&quot;permalink&quot;:&quot;https:\\\/\\\/www.sempreviaggiando.com\\\/ca\\\/2015\\\/11\\\/04\\\/escapada-de-tardor-a-camprodon\\\/&quot;,&quot;likes_blog_id&quot;:12732733}' itemscope itemtype=\"http:\/\/schema.org\/ImageGallery\" > <div class=\"gallery-row\" style=\"width: 1170px; height: 391px;\" data-original-width=\"1170\" data-original-height=\"391\" > <div class=\"gallery-group images-1\" style=\"width: 585px; height: 391px;\" data-original-width=\"585\" data-original-height=\"391\" > <div class=\"tiled-gallery-item tiled-gallery-item-large\" itemprop=\"associatedMedia\" itemscope itemtype=\"http:\/\/schema.org\/ImageObject\"> <a href=\"https:\/\/www.sempreviaggiando.com\/ca\/2015\/11\/04\/escapada-de-tardor-a-camprodon\/camprodon-excursion-2\/\" border=\"0\" itemprop=\"url\"> <meta itemprop=\"width\" content=\"581\"> <meta itemprop=\"height\" content=\"387\"> <img decoding=\"async\" class=\"\" data-attachment-id=\"20044\" data-orig-file=\"https:\/\/www.sempreviaggiando.com\/wp-content\/uploads\/2015\/11\/camprodon-excursion.jpeg\" data-orig-size=\"900,600\" data-comments-opened=\"\" data-image-meta=\"{&quot;aperture&quot;:&quot;0&quot;,&quot;credit&quot;:&quot;&quot;,&quot;camera&quot;:&quot;&quot;,&quot;caption&quot;:&quot;&quot;,&quot;created_timestamp&quot;:&quot;0&quot;,&quot;copyright&quot;:&quot;&quot;,&quot;focal_length&quot;:&quot;0&quot;,&quot;iso&quot;:&quot;0&quot;,&quot;shutter_speed&quot;:&quot;0&quot;,&quot;title&quot;:&quot;&quot;,&quot;orientation&quot;:&quot;1&quot;}\" data-image-title=\"camprodon-excursion\" data-image-description=\"\" data-medium-file=\"https:\/\/www.sempreviaggiando.com\/wp-content\/uploads\/2015\/11\/camprodon-excursion-300x200.jpeg\" data-large-file=\"https:\/\/www.sempreviaggiando.com\/wp-content\/uploads\/2015\/11\/camprodon-excursion.jpeg\" src=\"https:\/\/i0.wp.com\/www.sempreviaggiando.com\/wp-content\/uploads\/2015\/11\/camprodon-excursion.jpeg?w=581&#038;h=387&#038;ssl=1\" srcset=\"https:\/\/www.sempreviaggiando.com\/wp-content\/uploads\/2015\/11\/camprodon-excursion.jpeg 900w, https:\/\/www.sempreviaggiando.com\/wp-content\/uploads\/2015\/11\/camprodon-excursion-300x200.jpeg 300w\" width=\"581\" height=\"387\" loading=\"lazy\" data-original-width=\"581\" data-original-height=\"387\" itemprop=\"http:\/\/schema.org\/image\" title=\"camprodon-excursion\" alt=\"camprodon-excursion\" style=\"width: 581px; height: 387px;\" \/> <\/a> <\/div> <\/div> <!-- close group --> <div class=\"gallery-group images-1\" style=\"width: 585px; height: 391px;\" data-original-width=\"585\" data-original-height=\"391\" > <div class=\"tiled-gallery-item tiled-gallery-item-large\" itemprop=\"associatedMedia\" itemscope itemtype=\"http:\/\/schema.org\/ImageObject\"> <a href=\"https:\/\/www.sempreviaggiando.com\/ca\/2015\/11\/04\/escapada-de-tardor-a-camprodon\/burro-catala-2\/\" border=\"0\" itemprop=\"url\"> <meta itemprop=\"width\" content=\"581\"> <meta itemprop=\"height\" content=\"387\"> <img decoding=\"async\" class=\"\" data-attachment-id=\"20043\" data-orig-file=\"https:\/\/www.sempreviaggiando.com\/wp-content\/uploads\/2015\/11\/burro-catala.jpeg\" data-orig-size=\"900,600\" data-comments-opened=\"\" data-image-meta=\"{&quot;aperture&quot;:&quot;0&quot;,&quot;credit&quot;:&quot;&quot;,&quot;camera&quot;:&quot;&quot;,&quot;caption&quot;:&quot;&quot;,&quot;created_timestamp&quot;:&quot;0&quot;,&quot;copyright&quot;:&quot;&quot;,&quot;focal_length&quot;:&quot;0&quot;,&quot;iso&quot;:&quot;0&quot;,&quot;shutter_speed&quot;:&quot;0&quot;,&quot;title&quot;:&quot;&quot;,&quot;orientation&quot;:&quot;1&quot;}\" data-image-title=\"burro-catala\" data-image-description=\"\" data-medium-file=\"https:\/\/www.sempreviaggiando.com\/wp-content\/uploads\/2015\/11\/burro-catala-300x200.jpeg\" data-large-file=\"https:\/\/www.sempreviaggiando.com\/wp-content\/uploads\/2015\/11\/burro-catala.jpeg\" src=\"https:\/\/i0.wp.com\/www.sempreviaggiando.com\/wp-content\/uploads\/2015\/11\/burro-catala.jpeg?w=581&#038;h=387&#038;ssl=1\" srcset=\"https:\/\/www.sempreviaggiando.com\/wp-content\/uploads\/2015\/11\/burro-catala.jpeg 900w, https:\/\/www.sempreviaggiando.com\/wp-content\/uploads\/2015\/11\/burro-catala-300x200.jpeg 300w\" width=\"581\" height=\"387\" loading=\"lazy\" data-original-width=\"581\" data-original-height=\"387\" itemprop=\"http:\/\/schema.org\/image\" title=\"burro-catala\" alt=\"burro-catala\" style=\"width: 581px; height: 387px;\" \/> <\/a> <\/div> <\/div> <!-- close group --> <\/div> <!-- close row --> <\/div>\n<h3>Afores\u00a0de Camprodon: Setcases i Vallter<\/h3>\n<p>Si Camprodon se us fa curt, no dubteu a seguir la carretera. Us esperen el<strong> poble de Setcases i l&#8217;estaci\u00f3 d&#8217;esqu\u00ed de Vallter 2000 <\/strong>(a dos mil metres).<\/p>\n<p>Setcases \u00e9s un poble t\u00edpic del Pirineu catal\u00e0. Amb una situaci\u00f3 id\u00f2nia per anar a esquiar a Vallter o per fer senderisme durant tot l&#8217;any, s&#8217;ha anat fent popular i t\u00e9 ara una mica m\u00e9s de &#8220;set cases&#8221;. <strong>Un poble amb molt\u00edssim encant, amb flors als balcons i cases de pedra<\/strong>.<\/p>\n<p>Si us quedeu a dinar,\u00a0<a href=\"http:\/\/www.tripadvisor.es\/Restaurant_Review-g1591154-d2535720-Reviews-Can_Jepet-Setcases_Province_of_Girona_Catalonia.html\" target=\"_blank\" rel=\"nofollow\">Can Jepet<\/a> \u00e9s el restaurant m\u00e9s conegut de Setcases. Encara que el nostre favorit es troba al poble ve\u00ed de <strong>Tregur\u00e0<\/strong>, situat a la part alta d&#8217;una muntanya escarpat. El\u00a0<a href=\"http:\/\/www.fondariga.com\/restaurant.php\" target=\"_blank\" rel=\"nofollow\">restaurant Fonda Rig\u00e0<\/a> t\u00e9 unes vistes espectaculars.<strong>\u00a0<\/strong><\/p>\n<div class=\"tiled-gallery type-rectangular tiled-gallery-unresized\" data-original-width=\"1170\" data-carousel-extra='{&quot;blog_id&quot;:1,&quot;permalink&quot;:&quot;https:\\\/\\\/www.sempreviaggiando.com\\\/ca\\\/2015\\\/11\\\/04\\\/escapada-de-tardor-a-camprodon\\\/&quot;,&quot;likes_blog_id&quot;:12732733}' itemscope itemtype=\"http:\/\/schema.org\/ImageGallery\" > <div class=\"gallery-row\" style=\"width: 1170px; height: 1039px;\" data-original-width=\"1170\" data-original-height=\"1039\" > <div class=\"gallery-group images-1\" style=\"width: 585px; height: 1039px;\" data-original-width=\"585\" data-original-height=\"1039\" > <div class=\"tiled-gallery-item tiled-gallery-item-large\" itemprop=\"associatedMedia\" itemscope itemtype=\"http:\/\/schema.org\/ImageObject\"> <a href=\"https:\/\/www.sempreviaggiando.com\/ca\/2015\/11\/04\/escapada-de-tardor-a-camprodon\/dav-17-2\/\" border=\"0\" itemprop=\"url\"> <meta itemprop=\"width\" content=\"581\"> <meta itemprop=\"height\" content=\"1035\"> <img decoding=\"async\" class=\"\" data-attachment-id=\"20036\" data-orig-file=\"https:\/\/www.sempreviaggiando.com\/wp-content\/uploads\/2015\/11\/setcases.jpg\" data-orig-size=\"505,900\" data-comments-opened=\"\" data-image-meta=\"{&quot;aperture&quot;:&quot;2&quot;,&quot;credit&quot;:&quot;&quot;,&quot;camera&quot;:&quot;HUAWEI GRA-L09&quot;,&quot;caption&quot;:&quot;dav&quot;,&quot;created_timestamp&quot;:&quot;1440329138&quot;,&quot;copyright&quot;:&quot;&quot;,&quot;focal_length&quot;:&quot;2.38&quot;,&quot;iso&quot;:&quot;64&quot;,&quot;shutter_speed&quot;:&quot;0.0016920000559339&quot;,&quot;title&quot;:&quot;dav&quot;,&quot;orientation&quot;:&quot;1&quot;}\" data-image-title=\"dav\" data-image-description=\"\" data-medium-file=\"https:\/\/www.sempreviaggiando.com\/wp-content\/uploads\/2015\/11\/setcases-168x300.jpg\" data-large-file=\"https:\/\/www.sempreviaggiando.com\/wp-content\/uploads\/2015\/11\/setcases.jpg\" src=\"https:\/\/i0.wp.com\/www.sempreviaggiando.com\/wp-content\/uploads\/2015\/11\/setcases.jpg?w=581&#038;h=1035&#038;ssl=1\" srcset=\"https:\/\/www.sempreviaggiando.com\/wp-content\/uploads\/2015\/11\/setcases.jpg 505w, https:\/\/www.sempreviaggiando.com\/wp-content\/uploads\/2015\/11\/setcases-168x300.jpg 168w\" width=\"581\" height=\"1035\" loading=\"lazy\" data-original-width=\"581\" data-original-height=\"1035\" itemprop=\"http:\/\/schema.org\/image\" title=\"dav\" alt=\"Setcases\" style=\"width: 581px; height: 1035px;\" \/> <\/a> <div class=\"tiled-gallery-caption\" itemprop=\"caption description\"> Setcases <\/div> <\/div> <\/div> <!-- close group --> <div class=\"gallery-group images-1\" style=\"width: 585px; height: 1039px;\" data-original-width=\"585\" data-original-height=\"1039\" > <div class=\"tiled-gallery-item tiled-gallery-item-large\" itemprop=\"associatedMedia\" itemscope itemtype=\"http:\/\/schema.org\/ImageObject\"> <a href=\"https:\/\/www.sempreviaggiando.com\/ca\/2015\/11\/04\/escapada-de-tardor-a-camprodon\/sdr-16-2\/\" border=\"0\" itemprop=\"url\"> <meta itemprop=\"width\" content=\"581\"> <meta itemprop=\"height\" content=\"1035\"> <img decoding=\"async\" class=\"\" data-attachment-id=\"20037\" data-orig-file=\"https:\/\/www.sempreviaggiando.com\/wp-content\/uploads\/2015\/11\/setcases-2.jpg\" data-orig-size=\"505,900\" data-comments-opened=\"\" data-image-meta=\"{&quot;aperture&quot;:&quot;2&quot;,&quot;credit&quot;:&quot;&quot;,&quot;camera&quot;:&quot;HUAWEI GRA-L09&quot;,&quot;caption&quot;:&quot;sdr&quot;,&quot;created_timestamp&quot;:&quot;1440328546&quot;,&quot;copyright&quot;:&quot;&quot;,&quot;focal_length&quot;:&quot;2.38&quot;,&quot;iso&quot;:&quot;64&quot;,&quot;shutter_speed&quot;:&quot;0.0024530001341484&quot;,&quot;title&quot;:&quot;sdr&quot;,&quot;orientation&quot;:&quot;1&quot;}\" data-image-title=\"sdr\" data-image-description=\"\" data-medium-file=\"https:\/\/www.sempreviaggiando.com\/wp-content\/uploads\/2015\/11\/setcases-2-168x300.jpg\" data-large-file=\"https:\/\/www.sempreviaggiando.com\/wp-content\/uploads\/2015\/11\/setcases-2.jpg\" src=\"https:\/\/i0.wp.com\/www.sempreviaggiando.com\/wp-content\/uploads\/2015\/11\/setcases-2.jpg?w=581&#038;h=1035&#038;ssl=1\" srcset=\"https:\/\/www.sempreviaggiando.com\/wp-content\/uploads\/2015\/11\/setcases-2.jpg 505w, https:\/\/www.sempreviaggiando.com\/wp-content\/uploads\/2015\/11\/setcases-2-168x300.jpg 168w\" width=\"581\" height=\"1035\" loading=\"lazy\" data-original-width=\"581\" data-original-height=\"1035\" itemprop=\"http:\/\/schema.org\/image\" title=\"sdr\" alt=\"Setcases\" style=\"width: 581px; height: 1035px;\" \/> <\/a> <div class=\"tiled-gallery-caption\" itemprop=\"caption description\"> Setcases <\/div> <\/div> <\/div> <!-- close group --> <\/div> <!-- close row --> <\/div>\n<p>Precisament a <strong>Setcases<\/strong> es troba <strong><a href=\"http:\/\/www.hotellacoma.com\" target=\"_blank\">l&#8217;hotel La Coma<\/a>.<a href=\"http:\/\/www.hotellacoma.com\" target=\"_blank\"> Un hotel amb encant<\/a><\/strong> per anar en fam\u00edlia o en parella. A mig cam\u00ed <strong>entre Camprodon i Vallter<\/strong>, \u00e9s un bon allotjament per a una escapada al Pirineu. Disposa d&#8217;un <strong>spa i molts serveis per a fam\u00edlies que vulguin passar un cap de setmana envoltats de natura<\/strong>; centre wellness, sala de jocs, taula de ping-pong, camp de golf, petanca, gimn\u00e0s &#8230; i tamb\u00e9 piscina exterior per a l&#8217;estiu. Hi ha possibilitat de reservar tant apartaments com habitacions, segons el que us vagi millor.<\/p>\n<div class=\"tiled-gallery type-rectangular tiled-gallery-unresized\" data-original-width=\"1170\" data-carousel-extra='{&quot;blog_id&quot;:1,&quot;permalink&quot;:&quot;https:\\\/\\\/www.sempreviaggiando.com\\\/ca\\\/2015\\\/11\\\/04\\\/escapada-de-tardor-a-camprodon\\\/&quot;,&quot;likes_blog_id&quot;:12732733}' itemscope itemtype=\"http:\/\/schema.org\/ImageGallery\" > <div class=\"gallery-row\" style=\"width: 1170px; height: 388px;\" data-original-width=\"1170\" data-original-height=\"388\" > <div class=\"gallery-group images-1\" style=\"width: 582px; height: 388px;\" data-original-width=\"582\" data-original-height=\"388\" > <div class=\"tiled-gallery-item tiled-gallery-item-large\" itemprop=\"associatedMedia\" itemscope itemtype=\"http:\/\/schema.org\/ImageObject\"> <a href=\"https:\/\/www.sempreviaggiando.com\/ca\/2015\/11\/04\/escapada-de-tardor-a-camprodon\/hotel-la-coma-2-2\/\" border=\"0\" itemprop=\"url\"> <meta itemprop=\"width\" content=\"578\"> <meta itemprop=\"height\" content=\"384\"> <img decoding=\"async\" class=\"\" data-attachment-id=\"20039\" data-orig-file=\"https:\/\/www.sempreviaggiando.com\/wp-content\/uploads\/2015\/11\/hotel-la-coma-2.png\" data-orig-size=\"753,500\" data-comments-opened=\"\" data-image-meta=\"{&quot;aperture&quot;:&quot;0&quot;,&quot;credit&quot;:&quot;&quot;,&quot;camera&quot;:&quot;&quot;,&quot;caption&quot;:&quot;&quot;,&quot;created_timestamp&quot;:&quot;0&quot;,&quot;copyright&quot;:&quot;&quot;,&quot;focal_length&quot;:&quot;0&quot;,&quot;iso&quot;:&quot;0&quot;,&quot;shutter_speed&quot;:&quot;0&quot;,&quot;title&quot;:&quot;&quot;,&quot;orientation&quot;:&quot;0&quot;}\" data-image-title=\"Hotel La Coma\" data-image-description=\"\" data-medium-file=\"https:\/\/www.sempreviaggiando.com\/wp-content\/uploads\/2015\/11\/hotel-la-coma-2-300x199.png\" data-large-file=\"https:\/\/www.sempreviaggiando.com\/wp-content\/uploads\/2015\/11\/hotel-la-coma-2.png\" src=\"https:\/\/i0.wp.com\/www.sempreviaggiando.com\/wp-content\/uploads\/2015\/11\/hotel-la-coma-2.png?w=578&#038;h=384&#038;ssl=1\" srcset=\"https:\/\/www.sempreviaggiando.com\/wp-content\/uploads\/2015\/11\/hotel-la-coma-2.png 753w, https:\/\/www.sempreviaggiando.com\/wp-content\/uploads\/2015\/11\/hotel-la-coma-2-300x199.png 300w\" width=\"578\" height=\"384\" loading=\"lazy\" data-original-width=\"578\" data-original-height=\"384\" itemprop=\"http:\/\/schema.org\/image\" title=\"Hotel La Coma\" alt=\"Hotel La Coma\" style=\"width: 578px; height: 384px;\" \/> <\/a> <\/div> <\/div> <!-- close group --> <div class=\"gallery-group images-1\" style=\"width: 588px; height: 388px;\" data-original-width=\"588\" data-original-height=\"388\" > <div class=\"tiled-gallery-item tiled-gallery-item-large\" itemprop=\"associatedMedia\" itemscope itemtype=\"http:\/\/schema.org\/ImageObject\"> <a href=\"https:\/\/www.sempreviaggiando.com\/ca\/2015\/11\/04\/escapada-de-tardor-a-camprodon\/hotel-rural-la-coma-2\/\" border=\"0\" itemprop=\"url\"> <meta itemprop=\"width\" content=\"584\"> <meta itemprop=\"height\" content=\"384\"> <img decoding=\"async\" class=\"\" data-attachment-id=\"20040\" data-orig-file=\"https:\/\/www.sempreviaggiando.com\/wp-content\/uploads\/2015\/11\/Hotel-Rural-La-Coma.png\" data-orig-size=\"755,496\" data-comments-opened=\"\" data-image-meta=\"{&quot;aperture&quot;:&quot;0&quot;,&quot;credit&quot;:&quot;&quot;,&quot;camera&quot;:&quot;&quot;,&quot;caption&quot;:&quot;&quot;,&quot;created_timestamp&quot;:&quot;0&quot;,&quot;copyright&quot;:&quot;&quot;,&quot;focal_length&quot;:&quot;0&quot;,&quot;iso&quot;:&quot;0&quot;,&quot;shutter_speed&quot;:&quot;0&quot;,&quot;title&quot;:&quot;&quot;,&quot;orientation&quot;:&quot;0&quot;}\" data-image-title=\"Hotel La Coma\" data-image-description=\"\" data-medium-file=\"https:\/\/www.sempreviaggiando.com\/wp-content\/uploads\/2015\/11\/Hotel-Rural-La-Coma-300x197.png\" data-large-file=\"https:\/\/www.sempreviaggiando.com\/wp-content\/uploads\/2015\/11\/Hotel-Rural-La-Coma.png\" src=\"https:\/\/i0.wp.com\/www.sempreviaggiando.com\/wp-content\/uploads\/2015\/11\/Hotel-Rural-La-Coma.png?w=584&#038;h=384&#038;ssl=1\" srcset=\"https:\/\/www.sempreviaggiando.com\/wp-content\/uploads\/2015\/11\/Hotel-Rural-La-Coma.png 755w, https:\/\/www.sempreviaggiando.com\/wp-content\/uploads\/2015\/11\/Hotel-Rural-La-Coma-300x197.png 300w\" width=\"584\" height=\"384\" loading=\"lazy\" data-original-width=\"584\" data-original-height=\"384\" itemprop=\"http:\/\/schema.org\/image\" title=\"Hotel La Coma\" alt=\"Hotel La Coma\" style=\"width: 584px; height: 384px;\" \/> <\/a> <div class=\"tiled-gallery-caption\" itemprop=\"caption description\"> Hotel La Coma <\/div> <\/div> <\/div> <!-- close group --> <\/div> <!-- close row --> <\/div>\n<p>Una mica m\u00e9s amunt, seguint la carretera des de Setcases, i despr\u00e9s de diverses corbes i un paisatge preci\u00f3s, trobareu l&#8217;estaci\u00f3 de\u00a0<strong><a href=\"http:\/\/www.vallter2000.cat\/\" target=\"_blank\">Vallter 2000<\/a><\/strong>, a dos mil metres. Aquesta \u00e9s l&#8217;estaci\u00f3 m\u00e9s oriental del Pirineu catal\u00e0. \u00c9s petitona per\u00f2 \u00e9s <strong>id\u00f2nia per anar a esquiar amb nens, baixar en trineu o anar a tocar la neu per primera vegada<\/strong>. A\u00a0la mateixa estaci\u00f3 podreu llogar esqu\u00eds i trineus, si us fan falta. Pels que ja sabeu esquiar, un dels avantatges que trobareu a Vallter \u00e9s que per la seva grand\u00e0ria i situaci\u00f3 \u00e9s molt menys freq\u00fcentada que altres estacions com La Molina o la Masella.<\/p>\n<div class=\"tiled-gallery type-rectangular tiled-gallery-unresized\" data-original-width=\"1170\" data-carousel-extra='{&quot;blog_id&quot;:1,&quot;permalink&quot;:&quot;https:\\\/\\\/www.sempreviaggiando.com\\\/ca\\\/2015\\\/11\\\/04\\\/escapada-de-tardor-a-camprodon\\\/&quot;,&quot;likes_blog_id&quot;:12732733}' itemscope itemtype=\"http:\/\/schema.org\/ImageGallery\" > <div class=\"gallery-row\" style=\"width: 1170px; height: 230px;\" data-original-width=\"1170\" data-original-height=\"230\" > <div class=\"gallery-group images-1\" style=\"width: 580px; height: 230px;\" data-original-width=\"580\" data-original-height=\"230\" > <div class=\"tiled-gallery-item tiled-gallery-item-large\" itemprop=\"associatedMedia\" itemscope itemtype=\"http:\/\/schema.org\/ImageObject\"> <a href=\"https:\/\/www.sempreviaggiando.com\/ca\/2015\/11\/04\/escapada-de-tardor-a-camprodon\/vallter2000-2-2\/\" border=\"0\" itemprop=\"url\"> <meta itemprop=\"width\" content=\"576\"> <meta itemprop=\"height\" content=\"226\"> <img decoding=\"async\" class=\"\" data-attachment-id=\"20042\" data-orig-file=\"https:\/\/www.sempreviaggiando.com\/wp-content\/uploads\/2015\/11\/vallter2000-2.png\" data-orig-size=\"1181,463\" data-comments-opened=\"\" data-image-meta=\"{&quot;aperture&quot;:&quot;0&quot;,&quot;credit&quot;:&quot;&quot;,&quot;camera&quot;:&quot;&quot;,&quot;caption&quot;:&quot;&quot;,&quot;created_timestamp&quot;:&quot;0&quot;,&quot;copyright&quot;:&quot;&quot;,&quot;focal_length&quot;:&quot;0&quot;,&quot;iso&quot;:&quot;0&quot;,&quot;shutter_speed&quot;:&quot;0&quot;,&quot;title&quot;:&quot;&quot;,&quot;orientation&quot;:&quot;0&quot;}\" data-image-title=\"vallter2000-2\" data-image-description=\"\" data-medium-file=\"https:\/\/www.sempreviaggiando.com\/wp-content\/uploads\/2015\/11\/vallter2000-2-300x118.png\" data-large-file=\"https:\/\/www.sempreviaggiando.com\/wp-content\/uploads\/2015\/11\/vallter2000-2-1024x401.png\" src=\"https:\/\/i0.wp.com\/www.sempreviaggiando.com\/wp-content\/uploads\/2015\/11\/vallter2000-2.png?w=576&#038;h=226&#038;ssl=1\" srcset=\"https:\/\/www.sempreviaggiando.com\/wp-content\/uploads\/2015\/11\/vallter2000-2.png 1181w, https:\/\/www.sempreviaggiando.com\/wp-content\/uploads\/2015\/11\/vallter2000-2-300x118.png 300w, https:\/\/www.sempreviaggiando.com\/wp-content\/uploads\/2015\/11\/vallter2000-2-1024x401.png 1024w\" width=\"576\" height=\"226\" loading=\"lazy\" data-original-width=\"576\" data-original-height=\"226\" itemprop=\"http:\/\/schema.org\/image\" title=\"vallter2000-2\" alt=\"Vallter 2000. Foto: Web Vallter2000.cat\" style=\"width: 576px; height: 226px;\" \/> <\/a> <div class=\"tiled-gallery-caption\" itemprop=\"caption description\"> Vallter 2000. Foto: Web Vallter2000.cat <\/div> <\/div> <\/div> <!-- close group --> <div class=\"gallery-group images-1\" style=\"width: 590px; height: 230px;\" data-original-width=\"590\" data-original-height=\"230\" > <div class=\"tiled-gallery-item tiled-gallery-item-large\" itemprop=\"associatedMedia\" itemscope itemtype=\"http:\/\/schema.org\/ImageObject\"> <a href=\"https:\/\/www.sempreviaggiando.com\/ca\/2015\/11\/04\/escapada-de-tardor-a-camprodon\/vallter2000-1-2\/\" border=\"0\" itemprop=\"url\"> <meta itemprop=\"width\" content=\"586\"> <meta itemprop=\"height\" content=\"226\"> <img decoding=\"async\" class=\"\" data-attachment-id=\"20041\" data-orig-file=\"https:\/\/www.sempreviaggiando.com\/wp-content\/uploads\/2015\/11\/vallter2000-1.png\" data-orig-size=\"1203,463\" data-comments-opened=\"\" data-image-meta=\"{&quot;aperture&quot;:&quot;0&quot;,&quot;credit&quot;:&quot;&quot;,&quot;camera&quot;:&quot;&quot;,&quot;caption&quot;:&quot;&quot;,&quot;created_timestamp&quot;:&quot;0&quot;,&quot;copyright&quot;:&quot;&quot;,&quot;focal_length&quot;:&quot;0&quot;,&quot;iso&quot;:&quot;0&quot;,&quot;shutter_speed&quot;:&quot;0&quot;,&quot;title&quot;:&quot;&quot;,&quot;orientation&quot;:&quot;0&quot;}\" data-image-title=\"vallter2000-1\" data-image-description=\"\" data-medium-file=\"https:\/\/www.sempreviaggiando.com\/wp-content\/uploads\/2015\/11\/vallter2000-1-300x115.png\" data-large-file=\"https:\/\/www.sempreviaggiando.com\/wp-content\/uploads\/2015\/11\/vallter2000-1-1024x394.png\" src=\"https:\/\/i0.wp.com\/www.sempreviaggiando.com\/wp-content\/uploads\/2015\/11\/vallter2000-1.png?w=586&#038;h=226&#038;ssl=1\" srcset=\"https:\/\/www.sempreviaggiando.com\/wp-content\/uploads\/2015\/11\/vallter2000-1.png 1203w, https:\/\/www.sempreviaggiando.com\/wp-content\/uploads\/2015\/11\/vallter2000-1-300x115.png 300w, https:\/\/www.sempreviaggiando.com\/wp-content\/uploads\/2015\/11\/vallter2000-1-1024x394.png 1024w\" width=\"586\" height=\"226\" loading=\"lazy\" data-original-width=\"586\" data-original-height=\"226\" itemprop=\"http:\/\/schema.org\/image\" title=\"vallter2000-1\" alt=\"Vallter 2000. Foto: Web Vallter2000.cat\" style=\"width: 586px; height: 226px;\" \/> <\/a> <div class=\"tiled-gallery-caption\" itemprop=\"caption description\"> Vallter 2000. Foto: Web Vallter2000.cat <\/div> <\/div> <\/div> <!-- close group --> <\/div> <!-- close row --> <\/div>\n<p>Si aneu a\u00a0<strong><a href=\"http:\/\/www.vallter2000.cat\/estiu\/estacio\/telecadira\/\" target=\"_blank\" rel=\"nofollow\">Vallter a l&#8217;estiu<\/a><\/strong>, tindreu l&#8217;oportunitat de pujar amb el <strong>tele-cadires fins a dalt<\/strong> &#8211; Resulta molt curios pujar en tele-cadires sense neu als peus! Si sou fans del senderisme, el telecadires us portar\u00e0 al\u00a0<a href=\"https:\/\/ca.wikipedia.org\/wiki\/Pic_de_Bastiments\" target=\"_blank\">pic de Bastiments<\/a>, <a href=\"https:\/\/ca.wikipedia.org\/wiki\/Coll_de_la_Marrana\" target=\"_blank\">Coll de la Marrana<\/a>\u00a0i\u00a0<a href=\"https:\/\/ca.wikipedia.org\/wiki\/Gra_de_Fajol\" target=\"_blank\">Gra de Fajol<\/a>.<strong>.<\/strong><\/p>\n<p><em>Bona escapada!<\/em><\/p>\n","protected":false},"excerpt":{"rendered":"<p>[summary]Novembre \u00e9s temps de fotografia;\u00a0de fotografia d&#8217;arbres de color groc, vermell, verd, ocre, marr\u00f3&#8230; La foto que deixa el paisatge de la tardor \u00e9s preciosa i el nostre lloc favorit per gaudir-lo&#8230; la vall de Camprodon, al Pirineu de Girona.[\/summary] Viure a Olot facilita escapar-nos a Camprodon sovint. Est\u00e0 a menys de 30 minuts amb<\/p>\n<div class=\"read-more-wrapper\"><a class=\"read-more\" href=\"https:\/\/www.sempreviaggiando.com\/ca\/2015\/11\/04\/escapada-de-tardor-a-camprodon\/\" title=\"Read More\"> <span class=\"button \">Read More<\/span><\/a><\/div>\n","protected":false},"author":2,"featured_media":14222,"comment_status":"open","ping_status":"open","sticky":false,"template":"","format":"standard","meta":{"_acf_changed":false,"_bos_mb_destination":[""],"_jetpack_memberships_contains_paid_content":false,"footnotes":""},"categories":[120],"tags":[],"class_list":["post-14262","post","type-post","status-publish","format-standard","has-post-thumbnail","hentry","category-si-no-estoy-viajando-ca"],"acf":[],"jetpack_featured_media_url":"https:\/\/www.sempreviaggiando.com\/wp-content\/uploads\/2015\/11\/camprodon-otono-2.jpg","jetpack_sharing_enabled":true,"_links":{"self":[{"href":"https:\/\/www.sempreviaggiando.com\/ca\/wp-json\/wp\/v2\/posts\/14262","targetHints":{"allow":["GET"]}}],"collection":[{"href":"https:\/\/www.sempreviaggiando.com\/ca\/wp-json\/wp\/v2\/posts"}],"about":[{"href":"https:\/\/www.sempreviaggiando.com\/ca\/wp-json\/wp\/v2\/types\/post"}],"author":[{"embeddable":true,"href":"https:\/\/www.sempreviaggiando.com\/ca\/wp-json\/wp\/v2\/users\/2"}],"replies":[{"embeddable":true,"href":"https:\/\/www.sempreviaggiando.com\/ca\/wp-json\/wp\/v2\/comments?post=14262"}],"version-history":[{"count":8,"href":"https:\/\/www.sempreviaggiando.com\/ca\/wp-json\/wp\/v2\/posts\/14262\/revisions"}],"predecessor-version":[{"id":14335,"href":"https:\/\/www.sempreviaggiando.com\/ca\/wp-json\/wp\/v2\/posts\/14262\/revisions\/14335"}],"wp:featuredmedia":[{"embeddable":true,"href":"https:\/\/www.sempreviaggiando.com\/ca\/wp-json\/wp\/v2\/media\/14222"}],"wp:attachment":[{"href":"https:\/\/www.sempreviaggiando.com\/ca\/wp-json\/wp\/v2\/media?parent=14262"}],"wp:term":[{"taxonomy":"category","embeddable":true,"href":"https:\/\/www.sempreviaggiando.com\/ca\/wp-json\/wp\/v2\/categories?post=14262"},{"taxonomy":"post_tag","embeddable":true,"href":"https:\/\/www.sempreviaggiando.com\/ca\/wp-json\/wp\/v2\/tags?post=14262"}],"curies":[{"name":"wp","href":"https:\/\/api.w.org\/{rel}","templated":true}]}}