{"id":14387,"date":"2015-11-16T15:00:33","date_gmt":"2015-11-16T14:00:33","guid":{"rendered":"http:\/\/www.sempreviaggiando.com\/?p=14387"},"modified":"2015-11-16T15:50:13","modified_gmt":"2015-11-16T14:50:13","slug":"excursio-nens-roques-encantades-la-salut-garrotxa-olot","status":"publish","type":"post","link":"https:\/\/www.sempreviaggiando.com\/ca\/2015\/11\/16\/excursio-nens-roques-encantades-la-salut-garrotxa-olot\/","title":{"rendered":"Excursi\u00f3 a les Roques Encantades, des de La Salut (Garrotxa)"},"content":{"rendered":"<p>[summary]La comarca de la <strong>Garrotxa<\/strong> \u00e9s un parad\u00eds per als amants del senderisme i la natura. Volcans, vies verdes, fagedes&#8230; i fins i tot<strong> roques encantades!<\/strong>[\/summary]<\/p>\n<p><em><strong>Explica la llegenda que&#8230;<\/strong> el dimoni vivia\u00a0a la part alta de la serra del\u00a0<em><a href=\"https:\/\/es.wikipedia.org\/wiki\/Collsacabra\" target=\"_blank\">Collsacabra<\/a><\/em> i passava l&#8217;estona llan\u00e7ant grans roques muntanya avall. A\u00a0la vall, els ve\u00efns de <a href=\"https:\/\/ca.wikipedia.org\/wiki\/Sant_Feliu_de_Pallerols\" target=\"_blank\">Sant Feliu de Pallerols<\/a>, cansats de les seves entremaliadures i de les roques que queien per la muntanya, van cridar l&#8217;\u00e0ngel de la guarda perqu\u00e8 els ajud\u00e9s a posar-hi remei. L&#8217;\u00e0ngel va encadener les roques a la muntanya perqu\u00e8 el dimoni no pogu\u00e9s llan\u00e7ar-les mai m\u00e9s; i, com que s&#8217;avorria sense el seu joc preferit, va decidir anar-se&#8217;n a un altre lloc.<\/em><\/p>\n<p>&nbsp;<\/p>\n<p>Amb llegenda o sense, el cert \u00e9s que<strong> les Roques Encantades (o Encadenades) \u00e9s una excursi\u00f3 preciosa que deixar\u00e0 encantada a tota la fam\u00edlia<\/strong> \ud83d\ude09<\/p>\n<div id=\"attachment_14351\" style=\"width: 1210px\" class=\"wp-caption aligncenter\"><img loading=\"lazy\" decoding=\"async\" aria-describedby=\"caption-attachment-14351\" class=\"wp-image-14351 size-full\" src=\"http:\/\/www.sempreviaggiando.com\/wp-content\/uploads\/2015\/11\/la_salut_rocas_encantadas_14.jpg\" alt=\"Rocas Encadenadas\" width=\"1200\" height=\"637\" srcset=\"https:\/\/www.sempreviaggiando.com\/wp-content\/uploads\/2015\/11\/la_salut_rocas_encantadas_14.jpg 1200w, https:\/\/www.sempreviaggiando.com\/wp-content\/uploads\/2015\/11\/la_salut_rocas_encantadas_14-300x159.jpg 300w, https:\/\/www.sempreviaggiando.com\/wp-content\/uploads\/2015\/11\/la_salut_rocas_encantadas_14-1024x544.jpg 1024w\" sizes=\"auto, (max-width: 1200px) 100vw, 1200px\" \/><p id=\"caption-attachment-14351\" class=\"wp-caption-text\">Las Rocas Encadenadas o Encantadas<\/p><\/div>\n<h3>Excursi\u00f3 a les Roques\u00a0Encantades des del Santuari de la Salut<\/h3>\n<p><strong>A les Roques Encantades o Encadenades s&#8217;hi pot accedir per diversos llocs; <\/strong>nosaltres coneixem la pista principal, que surt<strong>\u00a0des del Santuari de la Salut, situat a la carretera entre <a href=\"http:\/\/www.sempreviaggiando.com\/ca\/2015\/08\/14\/10-coses-a-fer-a-olot-i-la-garrotxa\/\" target=\"_blank\">Olot<\/a> i Vic<\/strong> (30 min des d&#8217;Olot). La pista \u00e9s molt senzilla, sense perills ni problemes. Puja una miqueta per\u00f2 pot fer-se f\u00e0cilment amb nens. \u00c9s mitja hora d&#8217;anada (fins i tot 45 min si pareu per descansar o fer fotos) i una mica menys de mitja hora de tornada. Hi ha trams de sol i trams d&#8217;ombra, per\u00f2 passa la major part del temps dins del bosc, per un cam\u00ed molt f\u00e0cil de seguir.<\/p>\n<div id=\"attachment_14356\" style=\"width: 970px\" class=\"wp-caption aligncenter\"><img loading=\"lazy\" decoding=\"async\" aria-describedby=\"caption-attachment-14356\" class=\"wp-image-14356 size-full\" src=\"http:\/\/www.sempreviaggiando.com\/wp-content\/uploads\/2015\/11\/santuari_la_salut_olot.jpg\" alt=\"Terraza panor\u00e1mica Restaurant La Salut\" width=\"960\" height=\"539\" srcset=\"https:\/\/www.sempreviaggiando.com\/wp-content\/uploads\/2015\/11\/santuari_la_salut_olot.jpg 960w, https:\/\/www.sempreviaggiando.com\/wp-content\/uploads\/2015\/11\/santuari_la_salut_olot-300x168.jpg 300w\" sizes=\"auto, (max-width: 960px) 100vw, 960px\" \/><p id=\"caption-attachment-14356\" class=\"wp-caption-text\">Terraza panor\u00e1mica Restaurant La Salut. Un d\u00eda con niebla en el valle.<\/p><\/div>\n<p><strong>Deixeu el cotxe al Santuari de la Salut. Aprofiteu per fer fotos de la vista panor\u00e0mica<\/strong> i agafeu\u00a0el cam\u00ed que surt a l&#8217;esquerra del Santuari. Veureu que t\u00e9 una petita pendent; aquest \u00e9s el desnivell m\u00e0xim que\u00a0trobareu\u00a0en tota l&#8217;excursi\u00f3. Seguint aquest mateix cam\u00ed entre boscos arribareu a una tanca per al bestiar. Obriu-la, passeu i despr\u00e9s no us oblideu tancar-la! Seguint el cam\u00ed, anireu per\u00a0camp obert fins arribar de nou a un altre bosc. Una indicaci\u00f3 us dir\u00e0 per on seguir. \u00c0nims, ja gaireb\u00e9 heu arribat. <strong>Quan veieu\u00a0les roques, no tindreu cap dubte; s\u00f3n enormes! Podeu pujar-hi\u00a0i rec\u00f3rrer els seus caminets entremig. S\u00f3n com un aut\u00e8ntic laberint natural!<\/strong><\/p>\n<div id=\"attachment_14345\" style=\"width: 910px\" class=\"wp-caption aligncenter\"><img loading=\"lazy\" decoding=\"async\" aria-describedby=\"caption-attachment-14345\" class=\"size-full wp-image-14345\" src=\"http:\/\/www.sempreviaggiando.com\/wp-content\/uploads\/2015\/11\/la_salut_rocas_encantadas_7.jpg\" alt=\"Rocas Encantadas\" width=\"900\" height=\"675\" srcset=\"https:\/\/www.sempreviaggiando.com\/wp-content\/uploads\/2015\/11\/la_salut_rocas_encantadas_7.jpg 900w, https:\/\/www.sempreviaggiando.com\/wp-content\/uploads\/2015\/11\/la_salut_rocas_encantadas_7-300x225.jpg 300w, https:\/\/www.sempreviaggiando.com\/wp-content\/uploads\/2015\/11\/la_salut_rocas_encantadas_7-400x300.jpg 400w\" sizes=\"auto, (max-width: 900px) 100vw, 900px\" \/><p id=\"caption-attachment-14345\" class=\"wp-caption-text\">Rocas Encantadas<\/p><\/div>\n<div class=\"tiled-gallery type-rectangular tiled-gallery-unresized\" data-original-width=\"1170\" data-carousel-extra='{&quot;blog_id&quot;:1,&quot;permalink&quot;:&quot;https:\\\/\\\/www.sempreviaggiando.com\\\/ca\\\/2015\\\/11\\\/16\\\/excursio-nens-roques-encantades-la-salut-garrotxa-olot\\\/&quot;,&quot;likes_blog_id&quot;:12732733}' itemscope itemtype=\"http:\/\/schema.org\/ImageGallery\" > <div class=\"gallery-row\" style=\"width: 1170px; height: 714px;\" data-original-width=\"1170\" data-original-height=\"714\" > <div class=\"gallery-group images-1\" style=\"width: 537px; height: 714px;\" data-original-width=\"537\" data-original-height=\"714\" > <div class=\"tiled-gallery-item tiled-gallery-item-large\" itemprop=\"associatedMedia\" itemscope itemtype=\"http:\/\/schema.org\/ImageObject\"> <a href=\"https:\/\/www.sempreviaggiando.com\/ca\/2015\/11\/16\/excursio-nens-roques-encantades-la-salut-garrotxa-olot\/olympus-digital-camera-799-2\/\" border=\"0\" itemprop=\"url\"> <meta itemprop=\"width\" content=\"533\"> <meta itemprop=\"height\" content=\"710\"> <img decoding=\"async\" class=\"\" data-attachment-id=\"20064\" data-orig-file=\"https:\/\/www.sempreviaggiando.com\/wp-content\/uploads\/2015\/11\/la_salut_rocas_encantadas_5.jpg\" data-orig-size=\"675,900\" data-comments-opened=\"\" data-image-meta=\"{&quot;aperture&quot;:&quot;2.8&quot;,&quot;credit&quot;:&quot;&quot;,&quot;camera&quot;:&quot;TG-2&quot;,&quot;caption&quot;:&quot;OLYMPUS DIGITAL CAMERA&quot;,&quot;created_timestamp&quot;:&quot;1446990756&quot;,&quot;copyright&quot;:&quot;&quot;,&quot;focal_length&quot;:&quot;4.5&quot;,&quot;iso&quot;:&quot;100&quot;,&quot;shutter_speed&quot;:&quot;0.0015625&quot;,&quot;title&quot;:&quot;OLYMPUS DIGITAL CAMERA&quot;,&quot;orientation&quot;:&quot;1&quot;}\" data-image-title=\"Camino a las Rocas Encantadas\" data-image-description=\"\" data-medium-file=\"https:\/\/www.sempreviaggiando.com\/wp-content\/uploads\/2015\/11\/la_salut_rocas_encantadas_5-225x300.jpg\" data-large-file=\"https:\/\/www.sempreviaggiando.com\/wp-content\/uploads\/2015\/11\/la_salut_rocas_encantadas_5.jpg\" src=\"https:\/\/i0.wp.com\/www.sempreviaggiando.com\/wp-content\/uploads\/2015\/11\/la_salut_rocas_encantadas_5.jpg?w=533&#038;h=710&#038;ssl=1\" srcset=\"https:\/\/www.sempreviaggiando.com\/wp-content\/uploads\/2015\/11\/la_salut_rocas_encantadas_5.jpg 675w, https:\/\/www.sempreviaggiando.com\/wp-content\/uploads\/2015\/11\/la_salut_rocas_encantadas_5-225x300.jpg 225w\" width=\"533\" height=\"710\" loading=\"lazy\" data-original-width=\"533\" data-original-height=\"710\" itemprop=\"http:\/\/schema.org\/image\" title=\"Camino a las Rocas Encantadas\" alt=\"Camino a las Rocas Encantadas\" style=\"width: 533px; height: 710px;\" \/> <\/a> <div class=\"tiled-gallery-caption\" itemprop=\"caption description\"> Camino a las Rocas Encantadas <\/div> <\/div> <\/div> <!-- close group --> <div class=\"gallery-group images-2\" style=\"width: 633px; height: 714px;\" data-original-width=\"633\" data-original-height=\"714\" > <div class=\"tiled-gallery-item tiled-gallery-item-large\" itemprop=\"associatedMedia\" itemscope itemtype=\"http:\/\/schema.org\/ImageObject\"> <a href=\"https:\/\/www.sempreviaggiando.com\/ca\/2015\/11\/16\/excursio-nens-roques-encantades-la-salut-garrotxa-olot\/sdr-18-2\/\" border=\"0\" itemprop=\"url\"> <meta itemprop=\"width\" content=\"629\"> <meta itemprop=\"height\" content=\"353\"> <img decoding=\"async\" class=\"\" data-attachment-id=\"20061\" data-orig-file=\"https:\/\/www.sempreviaggiando.com\/wp-content\/uploads\/2015\/11\/la_salut_rocas_encantadas_1.jpg\" data-orig-size=\"900,505\" data-comments-opened=\"\" data-image-meta=\"{&quot;aperture&quot;:&quot;2&quot;,&quot;credit&quot;:&quot;&quot;,&quot;camera&quot;:&quot;HUAWEI GRA-L09&quot;,&quot;caption&quot;:&quot;sdr&quot;,&quot;created_timestamp&quot;:&quot;1446986301&quot;,&quot;copyright&quot;:&quot;&quot;,&quot;focal_length&quot;:&quot;2.38&quot;,&quot;iso&quot;:&quot;50&quot;,&quot;shutter_speed&quot;:&quot;0.01999400179946&quot;,&quot;title&quot;:&quot;sdr&quot;,&quot;orientation&quot;:&quot;1&quot;}\" data-image-title=\"Camino a las Rocas Encantadas\" data-image-description=\"\" data-medium-file=\"https:\/\/www.sempreviaggiando.com\/wp-content\/uploads\/2015\/11\/la_salut_rocas_encantadas_1-300x168.jpg\" data-large-file=\"https:\/\/www.sempreviaggiando.com\/wp-content\/uploads\/2015\/11\/la_salut_rocas_encantadas_1.jpg\" src=\"https:\/\/i0.wp.com\/www.sempreviaggiando.com\/wp-content\/uploads\/2015\/11\/la_salut_rocas_encantadas_1.jpg?w=629&#038;h=353&#038;ssl=1\" srcset=\"https:\/\/www.sempreviaggiando.com\/wp-content\/uploads\/2015\/11\/la_salut_rocas_encantadas_1.jpg 900w, https:\/\/www.sempreviaggiando.com\/wp-content\/uploads\/2015\/11\/la_salut_rocas_encantadas_1-300x168.jpg 300w\" width=\"629\" height=\"353\" loading=\"lazy\" data-original-width=\"629\" data-original-height=\"353\" itemprop=\"http:\/\/schema.org\/image\" title=\"Camino a las Rocas Encantadas\" alt=\"Camino a las Rocas Encantadas\" style=\"width: 629px; height: 353px;\" \/> <\/a> <div class=\"tiled-gallery-caption\" itemprop=\"caption description\"> Camino a las Rocas Encantadas <\/div> <\/div> <div class=\"tiled-gallery-item tiled-gallery-item-large\" itemprop=\"associatedMedia\" itemscope itemtype=\"http:\/\/schema.org\/ImageObject\"> <a href=\"https:\/\/www.sempreviaggiando.com\/ca\/2015\/11\/16\/excursio-nens-roques-encantades-la-salut-garrotxa-olot\/dav-19-2\/\" border=\"0\" itemprop=\"url\"> <meta itemprop=\"width\" content=\"629\"> <meta itemprop=\"height\" content=\"353\"> <img decoding=\"async\" class=\"\" data-attachment-id=\"20062\" data-orig-file=\"https:\/\/www.sempreviaggiando.com\/wp-content\/uploads\/2015\/11\/la_salut_rocas_encantadas_2.jpg\" data-orig-size=\"900,505\" data-comments-opened=\"\" data-image-meta=\"{&quot;aperture&quot;:&quot;2&quot;,&quot;credit&quot;:&quot;&quot;,&quot;camera&quot;:&quot;HUAWEI GRA-L09&quot;,&quot;caption&quot;:&quot;dav&quot;,&quot;created_timestamp&quot;:&quot;1446985695&quot;,&quot;copyright&quot;:&quot;&quot;,&quot;focal_length&quot;:&quot;2.38&quot;,&quot;iso&quot;:&quot;80&quot;,&quot;shutter_speed&quot;:&quot;0.01999400179946&quot;,&quot;title&quot;:&quot;dav&quot;,&quot;orientation&quot;:&quot;1&quot;}\" data-image-title=\"Camino a las Rocas Encantadas\" data-image-description=\"\" data-medium-file=\"https:\/\/www.sempreviaggiando.com\/wp-content\/uploads\/2015\/11\/la_salut_rocas_encantadas_2-300x168.jpg\" data-large-file=\"https:\/\/www.sempreviaggiando.com\/wp-content\/uploads\/2015\/11\/la_salut_rocas_encantadas_2.jpg\" src=\"https:\/\/i0.wp.com\/www.sempreviaggiando.com\/wp-content\/uploads\/2015\/11\/la_salut_rocas_encantadas_2.jpg?w=629&#038;h=353&#038;ssl=1\" srcset=\"https:\/\/www.sempreviaggiando.com\/wp-content\/uploads\/2015\/11\/la_salut_rocas_encantadas_2.jpg 900w, https:\/\/www.sempreviaggiando.com\/wp-content\/uploads\/2015\/11\/la_salut_rocas_encantadas_2-300x168.jpg 300w\" width=\"629\" height=\"353\" loading=\"lazy\" data-original-width=\"629\" data-original-height=\"353\" itemprop=\"http:\/\/schema.org\/image\" title=\"Camino a las Rocas Encantadas\" alt=\"Camino a las Rocas Encantadas\" style=\"width: 629px; height: 353px;\" \/> <\/a> <div class=\"tiled-gallery-caption\" itemprop=\"caption description\"> Camino a las Rocas Encantadas <\/div> <\/div> <\/div> <!-- close group --> <\/div> <!-- close row --> <div class=\"gallery-row\" style=\"width: 1170px; height: 617px;\" data-original-width=\"1170\" data-original-height=\"617\" > <div class=\"gallery-group images-1\" style=\"width: 348px; height: 617px;\" data-original-width=\"348\" data-original-height=\"617\" > <div class=\"tiled-gallery-item tiled-gallery-item-large\" itemprop=\"associatedMedia\" itemscope itemtype=\"http:\/\/schema.org\/ImageObject\"> <a href=\"https:\/\/www.sempreviaggiando.com\/ca\/2015\/11\/16\/excursio-nens-roques-encantades-la-salut-garrotxa-olot\/sdr-19-2\/\" border=\"0\" itemprop=\"url\"> <meta itemprop=\"width\" content=\"344\"> <meta itemprop=\"height\" content=\"613\"> <img decoding=\"async\" class=\"\" data-attachment-id=\"20063\" data-orig-file=\"https:\/\/www.sempreviaggiando.com\/wp-content\/uploads\/2015\/11\/la_salut_rocas_encantadas_3.jpg\" data-orig-size=\"505,900\" data-comments-opened=\"\" data-image-meta=\"{&quot;aperture&quot;:&quot;2&quot;,&quot;credit&quot;:&quot;&quot;,&quot;camera&quot;:&quot;HUAWEI GRA-L09&quot;,&quot;caption&quot;:&quot;sdr&quot;,&quot;created_timestamp&quot;:&quot;1446988291&quot;,&quot;copyright&quot;:&quot;&quot;,&quot;focal_length&quot;:&quot;2.38&quot;,&quot;iso&quot;:&quot;50&quot;,&quot;shutter_speed&quot;:&quot;0.01999400179946&quot;,&quot;title&quot;:&quot;sdr&quot;,&quot;orientation&quot;:&quot;1&quot;}\" data-image-title=\"Rocas Encantadas\" data-image-description=\"\" data-medium-file=\"https:\/\/www.sempreviaggiando.com\/wp-content\/uploads\/2015\/11\/la_salut_rocas_encantadas_3-168x300.jpg\" data-large-file=\"https:\/\/www.sempreviaggiando.com\/wp-content\/uploads\/2015\/11\/la_salut_rocas_encantadas_3.jpg\" src=\"https:\/\/i0.wp.com\/www.sempreviaggiando.com\/wp-content\/uploads\/2015\/11\/la_salut_rocas_encantadas_3.jpg?w=344&#038;h=613&#038;ssl=1\" srcset=\"https:\/\/www.sempreviaggiando.com\/wp-content\/uploads\/2015\/11\/la_salut_rocas_encantadas_3.jpg 505w, https:\/\/www.sempreviaggiando.com\/wp-content\/uploads\/2015\/11\/la_salut_rocas_encantadas_3-168x300.jpg 168w\" width=\"344\" height=\"613\" loading=\"lazy\" data-original-width=\"344\" data-original-height=\"613\" itemprop=\"http:\/\/schema.org\/image\" title=\"Rocas Encantadas\" alt=\"Rocas Encantadas\" style=\"width: 344px; height: 613px;\" \/> <\/a> <div class=\"tiled-gallery-caption\" itemprop=\"caption description\"> Rocas Encantadas <\/div> <\/div> <\/div> <!-- close group --> <div class=\"gallery-group images-1\" style=\"width: 822px; height: 617px;\" data-original-width=\"822\" data-original-height=\"617\" > <div class=\"tiled-gallery-item tiled-gallery-item-large\" itemprop=\"associatedMedia\" itemscope itemtype=\"http:\/\/schema.org\/ImageObject\"> <a href=\"https:\/\/www.sempreviaggiando.com\/ca\/2015\/11\/16\/excursio-nens-roques-encantades-la-salut-garrotxa-olot\/olympus-digital-camera-800-2\/\" border=\"0\" itemprop=\"url\"> <meta itemprop=\"width\" content=\"818\"> <meta itemprop=\"height\" content=\"613\"> <img decoding=\"async\" class=\"\" data-attachment-id=\"20065\" data-orig-file=\"https:\/\/www.sempreviaggiando.com\/wp-content\/uploads\/2015\/11\/la_salut_rocas_encantadas_6.jpg\" data-orig-size=\"900,675\" data-comments-opened=\"\" data-image-meta=\"{&quot;aperture&quot;:&quot;2.8&quot;,&quot;credit&quot;:&quot;&quot;,&quot;camera&quot;:&quot;TG-2&quot;,&quot;caption&quot;:&quot;OLYMPUS DIGITAL CAMERA&quot;,&quot;created_timestamp&quot;:&quot;1446993226&quot;,&quot;copyright&quot;:&quot;&quot;,&quot;focal_length&quot;:&quot;4.5&quot;,&quot;iso&quot;:&quot;100&quot;,&quot;shutter_speed&quot;:&quot;0.004&quot;,&quot;title&quot;:&quot;OLYMPUS DIGITAL CAMERA&quot;,&quot;orientation&quot;:&quot;1&quot;}\" data-image-title=\"Rocas Encantadas\" data-image-description=\"\" data-medium-file=\"https:\/\/www.sempreviaggiando.com\/wp-content\/uploads\/2015\/11\/la_salut_rocas_encantadas_6-300x225.jpg\" data-large-file=\"https:\/\/www.sempreviaggiando.com\/wp-content\/uploads\/2015\/11\/la_salut_rocas_encantadas_6.jpg\" src=\"https:\/\/i0.wp.com\/www.sempreviaggiando.com\/wp-content\/uploads\/2015\/11\/la_salut_rocas_encantadas_6.jpg?w=818&#038;h=613&#038;ssl=1\" srcset=\"https:\/\/www.sempreviaggiando.com\/wp-content\/uploads\/2015\/11\/la_salut_rocas_encantadas_6.jpg 900w, https:\/\/www.sempreviaggiando.com\/wp-content\/uploads\/2015\/11\/la_salut_rocas_encantadas_6-300x225.jpg 300w, https:\/\/www.sempreviaggiando.com\/wp-content\/uploads\/2015\/11\/la_salut_rocas_encantadas_6-400x300.jpg 400w\" width=\"818\" height=\"613\" loading=\"lazy\" data-original-width=\"818\" data-original-height=\"613\" itemprop=\"http:\/\/schema.org\/image\" title=\"Rocas Encantadas\" alt=\"Rocas Encantadas\" style=\"width: 818px; height: 613px;\" \/> <\/a> <div class=\"tiled-gallery-caption\" itemprop=\"caption description\"> Rocas Encantadas <\/div> <\/div> <\/div> <!-- close group --> <\/div> <!-- close row --> <\/div>\n<p><strong>Si teniu ocasi\u00f3 de fer l&#8217;excursi\u00f3 a la tardor<\/strong>, quan hi ha el canvi de color de les fulles, no us la perdeu. Els colors s\u00f3n preciosos!! Tot i que\u00a0\u00e9s una <strong>excursi\u00f3 preciosa\u00a0a\u00a0qualsevol \u00e8poca de l&#8217;any<\/strong>. Nom\u00e9s recordeu que estareu a una mica m\u00e9s de mil metres aix\u00ed que <strong>porteu alguna cosa d&#8217;abric o un tallavents.<\/strong><\/p>\n<p><img loading=\"lazy\" decoding=\"async\" class=\"aligncenter wp-image-14352 size-full\" src=\"http:\/\/www.sempreviaggiando.com\/wp-content\/uploads\/2015\/11\/la_salut_tardor.jpg\" alt=\"oto\u00f1o\" width=\"960\" height=\"428\" srcset=\"https:\/\/www.sempreviaggiando.com\/wp-content\/uploads\/2015\/11\/la_salut_tardor.jpg 960w, https:\/\/www.sempreviaggiando.com\/wp-content\/uploads\/2015\/11\/la_salut_tardor-300x134.jpg 300w\" sizes=\"auto, (max-width: 960px) 100vw, 960px\" \/><\/p>\n<h3>Restaurant (i Hotel de Muntanya) La Salut<\/h3>\n<p>Just al costat del <strong><a href=\"http:\/\/www.santfeliudepallerols.cat\/seccions.asp?ids=60&amp;idp=10\" target=\"_blank\">Santuari de la Salut<\/a>\u00a0<\/strong>robareu\u00a0el <strong>Restaurant i Hotel<\/strong> del mateix nom. <strong>Una molt bona opci\u00f3 per menjar despr\u00e9s de l&#8217;excursi\u00f3 o per recuperar forces amb un<\/strong> <strong>vermut amb vistes<\/strong>. El seu impressionant balc\u00f3 panor\u00e0mic us deixar\u00e0 sense al\u00e8, sobretot si, com nosaltres, agafeu un dia meteorol\u00f2gicament espectacular.<\/p>\n<div class=\"tiled-gallery type-rectangular tiled-gallery-unresized\" data-original-width=\"1170\" data-carousel-extra='{&quot;blog_id&quot;:1,&quot;permalink&quot;:&quot;https:\\\/\\\/www.sempreviaggiando.com\\\/ca\\\/2015\\\/11\\\/16\\\/excursio-nens-roques-encantades-la-salut-garrotxa-olot\\\/&quot;,&quot;likes_blog_id&quot;:12732733}' itemscope itemtype=\"http:\/\/schema.org\/ImageGallery\" > <div class=\"gallery-row\" style=\"width: 1170px; height: 304px;\" data-original-width=\"1170\" data-original-height=\"304\" > <div class=\"gallery-group images-1\" style=\"width: 403px; height: 304px;\" data-original-width=\"403\" data-original-height=\"304\" > <div class=\"tiled-gallery-item tiled-gallery-item-large\" itemprop=\"associatedMedia\" itemscope itemtype=\"http:\/\/schema.org\/ImageObject\"> <a href=\"https:\/\/www.sempreviaggiando.com\/ca\/2015\/11\/16\/excursio-nens-roques-encantades-la-salut-garrotxa-olot\/olympus-digital-camera-808-2\/\" border=\"0\" itemprop=\"url\"> <meta itemprop=\"width\" content=\"399\"> <meta itemprop=\"height\" content=\"300\"> <img decoding=\"async\" class=\"\" data-attachment-id=\"20070\" data-orig-file=\"https:\/\/www.sempreviaggiando.com\/wp-content\/uploads\/2015\/11\/la_salut_rocas_encantadas_11.jpg\" data-orig-size=\"900,675\" data-comments-opened=\"\" data-image-meta=\"{&quot;aperture&quot;:&quot;8&quot;,&quot;credit&quot;:&quot;&quot;,&quot;camera&quot;:&quot;TG-2&quot;,&quot;caption&quot;:&quot;OLYMPUS DIGITAL CAMERA&quot;,&quot;created_timestamp&quot;:&quot;1447002757&quot;,&quot;copyright&quot;:&quot;&quot;,&quot;focal_length&quot;:&quot;4.5&quot;,&quot;iso&quot;:&quot;100&quot;,&quot;shutter_speed&quot;:&quot;0.00625&quot;,&quot;title&quot;:&quot;OLYMPUS DIGITAL CAMERA&quot;,&quot;orientation&quot;:&quot;1&quot;}\" data-image-title=\"Terraza panor\u00e1mica Restaurant La Salut\" data-image-description=\"\" data-medium-file=\"https:\/\/www.sempreviaggiando.com\/wp-content\/uploads\/2015\/11\/la_salut_rocas_encantadas_11-300x225.jpg\" data-large-file=\"https:\/\/www.sempreviaggiando.com\/wp-content\/uploads\/2015\/11\/la_salut_rocas_encantadas_11.jpg\" src=\"https:\/\/i0.wp.com\/www.sempreviaggiando.com\/wp-content\/uploads\/2015\/11\/la_salut_rocas_encantadas_11.jpg?w=399&#038;h=300&#038;ssl=1\" srcset=\"https:\/\/www.sempreviaggiando.com\/wp-content\/uploads\/2015\/11\/la_salut_rocas_encantadas_11.jpg 900w, https:\/\/www.sempreviaggiando.com\/wp-content\/uploads\/2015\/11\/la_salut_rocas_encantadas_11-300x225.jpg 300w, https:\/\/www.sempreviaggiando.com\/wp-content\/uploads\/2015\/11\/la_salut_rocas_encantadas_11-400x300.jpg 400w\" width=\"399\" height=\"300\" loading=\"lazy\" data-original-width=\"399\" data-original-height=\"300\" itemprop=\"http:\/\/schema.org\/image\" title=\"Terraza panor\u00e1mica Restaurant La Salut\" alt=\"Terraza panor\u00e1mica Restaurant La Salut\" style=\"width: 399px; height: 300px;\" \/> <\/a> <div class=\"tiled-gallery-caption\" itemprop=\"caption description\"> Terraza panor\u00e1mica Restaurant La Salut <\/div> <\/div> <\/div> <!-- close group --> <div class=\"gallery-group images-1\" style=\"width: 229px; height: 304px;\" data-original-width=\"229\" data-original-height=\"304\" > <div class=\"tiled-gallery-item tiled-gallery-item-small\" itemprop=\"associatedMedia\" itemscope itemtype=\"http:\/\/schema.org\/ImageObject\"> <a href=\"https:\/\/www.sempreviaggiando.com\/ca\/2015\/11\/16\/excursio-nens-roques-encantades-la-salut-garrotxa-olot\/olympus-digital-camera-809-2\/\" border=\"0\" itemprop=\"url\"> <meta itemprop=\"width\" content=\"225\"> <meta itemprop=\"height\" content=\"300\"> <img decoding=\"async\" class=\"\" data-attachment-id=\"20071\" data-orig-file=\"https:\/\/www.sempreviaggiando.com\/wp-content\/uploads\/2015\/11\/la_salut_rocas_encantadas_12.jpg\" data-orig-size=\"675,900\" data-comments-opened=\"\" data-image-meta=\"{&quot;aperture&quot;:&quot;8&quot;,&quot;credit&quot;:&quot;&quot;,&quot;camera&quot;:&quot;TG-2&quot;,&quot;caption&quot;:&quot;OLYMPUS DIGITAL CAMERA&quot;,&quot;created_timestamp&quot;:&quot;1447002789&quot;,&quot;copyright&quot;:&quot;&quot;,&quot;focal_length&quot;:&quot;4.5&quot;,&quot;iso&quot;:&quot;100&quot;,&quot;shutter_speed&quot;:&quot;0.005&quot;,&quot;title&quot;:&quot;OLYMPUS DIGITAL CAMERA&quot;,&quot;orientation&quot;:&quot;1&quot;}\" data-image-title=\"Terraza panor\u00e1mica Restaurant La Salut\" data-image-description=\"\" data-medium-file=\"https:\/\/www.sempreviaggiando.com\/wp-content\/uploads\/2015\/11\/la_salut_rocas_encantadas_12-225x300.jpg\" data-large-file=\"https:\/\/www.sempreviaggiando.com\/wp-content\/uploads\/2015\/11\/la_salut_rocas_encantadas_12.jpg\" src=\"https:\/\/i0.wp.com\/www.sempreviaggiando.com\/wp-content\/uploads\/2015\/11\/la_salut_rocas_encantadas_12.jpg?w=225&#038;h=300&#038;ssl=1\" srcset=\"https:\/\/www.sempreviaggiando.com\/wp-content\/uploads\/2015\/11\/la_salut_rocas_encantadas_12.jpg 675w, https:\/\/www.sempreviaggiando.com\/wp-content\/uploads\/2015\/11\/la_salut_rocas_encantadas_12-225x300.jpg 225w\" width=\"225\" height=\"300\" loading=\"lazy\" data-original-width=\"225\" data-original-height=\"300\" itemprop=\"http:\/\/schema.org\/image\" title=\"Terraza panor\u00e1mica Restaurant La Salut\" alt=\"Terraza panor\u00e1mica Restaurant La Salut\" style=\"width: 225px; height: 300px;\" \/> <\/a> <div class=\"tiled-gallery-caption\" itemprop=\"caption description\"> Terraza panor\u00e1mica Restaurant La Salut <\/div> <\/div> <\/div> <!-- close group --> <div class=\"gallery-group images-1\" style=\"width: 538px; height: 304px;\" data-original-width=\"538\" data-original-height=\"304\" > <div class=\"tiled-gallery-item tiled-gallery-item-large\" itemprop=\"associatedMedia\" itemscope itemtype=\"http:\/\/schema.org\/ImageObject\"> <a href=\"https:\/\/www.sempreviaggiando.com\/ca\/2015\/11\/16\/excursio-nens-roques-encantades-la-salut-garrotxa-olot\/la_salut-boira-2\/\" border=\"0\" itemprop=\"url\"> <meta itemprop=\"width\" content=\"534\"> <meta itemprop=\"height\" content=\"300\"> <img decoding=\"async\" class=\"\" data-attachment-id=\"20074\" data-orig-file=\"https:\/\/www.sempreviaggiando.com\/wp-content\/uploads\/2015\/11\/la_salut-boira.jpg\" data-orig-size=\"960,539\" data-comments-opened=\"\" data-image-meta=\"{&quot;aperture&quot;:&quot;0&quot;,&quot;credit&quot;:&quot;&quot;,&quot;camera&quot;:&quot;&quot;,&quot;caption&quot;:&quot;&quot;,&quot;created_timestamp&quot;:&quot;0&quot;,&quot;copyright&quot;:&quot;&quot;,&quot;focal_length&quot;:&quot;0&quot;,&quot;iso&quot;:&quot;0&quot;,&quot;shutter_speed&quot;:&quot;0&quot;,&quot;title&quot;:&quot;&quot;,&quot;orientation&quot;:&quot;0&quot;}\" data-image-title=\"Terraza panor\u00e1mica Restaurant La Salut\" data-image-description=\"\" data-medium-file=\"https:\/\/www.sempreviaggiando.com\/wp-content\/uploads\/2015\/11\/la_salut-boira-300x168.jpg\" data-large-file=\"https:\/\/www.sempreviaggiando.com\/wp-content\/uploads\/2015\/11\/la_salut-boira.jpg\" src=\"https:\/\/i0.wp.com\/www.sempreviaggiando.com\/wp-content\/uploads\/2015\/11\/la_salut-boira.jpg?w=534&#038;h=300&#038;ssl=1\" srcset=\"https:\/\/www.sempreviaggiando.com\/wp-content\/uploads\/2015\/11\/la_salut-boira.jpg 960w, https:\/\/www.sempreviaggiando.com\/wp-content\/uploads\/2015\/11\/la_salut-boira-300x168.jpg 300w\" width=\"534\" height=\"300\" loading=\"lazy\" data-original-width=\"534\" data-original-height=\"300\" itemprop=\"http:\/\/schema.org\/image\" title=\"Terraza panor\u00e1mica Restaurant La Salut\" alt=\"Terraza panor\u00e1mica Restaurant La Salut\" style=\"width: 534px; height: 300px;\" \/> <\/a> <div class=\"tiled-gallery-caption\" itemprop=\"caption description\"> Terraza panor\u00e1mica Restaurant La Salut <\/div> <\/div> <\/div> <!-- close group --> <\/div> <!-- close row --> <\/div>\n<p><strong>El men\u00fa del restaurant s\u00f3n 15 \u20ac entre setmana, i 20 \u20ac els caps de setmana<\/strong>, amb elecci\u00f3 de diversos primers i segons, i postres. (tamb\u00e9 hi ha l&#8217;opci\u00f3 de fer mig men\u00fa i men\u00fa infantil). <strong>Els plats, un 10!<\/strong> La nostra elecci\u00f3: canelons de bolets, coca amb pernil ib\u00e8ric (exquisit!) i carn de xai a la brasa. Vam poder parlar amb en Francesc, l&#8217;encarregat de l&#8217;hotel-restaurant des de mar\u00e7 a 2015; un noi jove que li posa ganes i esfor\u00e7 perqu\u00e8 el restaurant segueixi endavant. Som-hi!<\/p>\n<div class=\"tiled-gallery type-rectangular tiled-gallery-unresized\" data-original-width=\"1170\" data-carousel-extra='{&quot;blog_id&quot;:1,&quot;permalink&quot;:&quot;https:\\\/\\\/www.sempreviaggiando.com\\\/ca\\\/2015\\\/11\\\/16\\\/excursio-nens-roques-encantades-la-salut-garrotxa-olot\\\/&quot;,&quot;likes_blog_id&quot;:12732733}' itemscope itemtype=\"http:\/\/schema.org\/ImageGallery\" > <div class=\"gallery-row\" style=\"width: 1170px; height: 562px;\" data-original-width=\"1170\" data-original-height=\"562\" > <div class=\"gallery-group images-1\" style=\"width: 748px; height: 562px;\" data-original-width=\"748\" data-original-height=\"562\" > <div class=\"tiled-gallery-item tiled-gallery-item-large\" itemprop=\"associatedMedia\" itemscope itemtype=\"http:\/\/schema.org\/ImageObject\"> <a href=\"https:\/\/www.sempreviaggiando.com\/ca\/2015\/11\/16\/excursio-nens-roques-encantades-la-salut-garrotxa-olot\/olympus-digital-camera-806-2\/\" border=\"0\" itemprop=\"url\"> <meta itemprop=\"width\" content=\"744\"> <meta itemprop=\"height\" content=\"558\"> <img decoding=\"async\" class=\"\" data-attachment-id=\"20068\" data-orig-file=\"https:\/\/www.sempreviaggiando.com\/wp-content\/uploads\/2015\/11\/la_salut_rocas_encantadas_9.jpg\" data-orig-size=\"900,675\" data-comments-opened=\"\" data-image-meta=\"{&quot;aperture&quot;:&quot;2&quot;,&quot;credit&quot;:&quot;&quot;,&quot;camera&quot;:&quot;TG-2&quot;,&quot;caption&quot;:&quot;OLYMPUS DIGITAL CAMERA&quot;,&quot;created_timestamp&quot;:&quot;1447001121&quot;,&quot;copyright&quot;:&quot;&quot;,&quot;focal_length&quot;:&quot;4.5&quot;,&quot;iso&quot;:&quot;100&quot;,&quot;shutter_speed&quot;:&quot;0.016666666666667&quot;,&quot;title&quot;:&quot;OLYMPUS DIGITAL CAMERA&quot;,&quot;orientation&quot;:&quot;1&quot;}\" data-image-title=\"Restaurante La Salut\" data-image-description=\"\" data-medium-file=\"https:\/\/www.sempreviaggiando.com\/wp-content\/uploads\/2015\/11\/la_salut_rocas_encantadas_9-300x225.jpg\" data-large-file=\"https:\/\/www.sempreviaggiando.com\/wp-content\/uploads\/2015\/11\/la_salut_rocas_encantadas_9.jpg\" src=\"https:\/\/i0.wp.com\/www.sempreviaggiando.com\/wp-content\/uploads\/2015\/11\/la_salut_rocas_encantadas_9.jpg?w=744&#038;h=558&#038;ssl=1\" srcset=\"https:\/\/www.sempreviaggiando.com\/wp-content\/uploads\/2015\/11\/la_salut_rocas_encantadas_9.jpg 900w, https:\/\/www.sempreviaggiando.com\/wp-content\/uploads\/2015\/11\/la_salut_rocas_encantadas_9-300x225.jpg 300w, https:\/\/www.sempreviaggiando.com\/wp-content\/uploads\/2015\/11\/la_salut_rocas_encantadas_9-400x300.jpg 400w\" width=\"744\" height=\"558\" loading=\"lazy\" data-original-width=\"744\" data-original-height=\"558\" itemprop=\"http:\/\/schema.org\/image\" title=\"Restaurante La Salut\" alt=\"Restaurante La Salut\" style=\"width: 744px; height: 558px;\" \/> <\/a> <div class=\"tiled-gallery-caption\" itemprop=\"caption description\"> Restaurante La Salut <\/div> <\/div> <\/div> <!-- close group --> <div class=\"gallery-group images-1\" style=\"width: 422px; height: 562px;\" data-original-width=\"422\" data-original-height=\"562\" > <div class=\"tiled-gallery-item tiled-gallery-item-large\" itemprop=\"associatedMedia\" itemscope itemtype=\"http:\/\/schema.org\/ImageObject\"> <a href=\"https:\/\/www.sempreviaggiando.com\/ca\/2015\/11\/16\/excursio-nens-roques-encantades-la-salut-garrotxa-olot\/olympus-digital-camera-807-2\/\" border=\"0\" itemprop=\"url\"> <meta itemprop=\"width\" content=\"418\"> <meta itemprop=\"height\" content=\"558\"> <img decoding=\"async\" class=\"\" data-attachment-id=\"20069\" data-orig-file=\"https:\/\/www.sempreviaggiando.com\/wp-content\/uploads\/2015\/11\/la_salut_rocas_encantadas_10.jpg\" data-orig-size=\"675,900\" data-comments-opened=\"\" data-image-meta=\"{&quot;aperture&quot;:&quot;8&quot;,&quot;credit&quot;:&quot;&quot;,&quot;camera&quot;:&quot;TG-2&quot;,&quot;caption&quot;:&quot;OLYMPUS DIGITAL CAMERA&quot;,&quot;created_timestamp&quot;:&quot;1447001146&quot;,&quot;copyright&quot;:&quot;&quot;,&quot;focal_length&quot;:&quot;4.5&quot;,&quot;iso&quot;:&quot;100&quot;,&quot;shutter_speed&quot;:&quot;0.008&quot;,&quot;title&quot;:&quot;OLYMPUS DIGITAL CAMERA&quot;,&quot;orientation&quot;:&quot;1&quot;}\" data-image-title=\"Restaurante La Salut\" data-image-description=\"\" data-medium-file=\"https:\/\/www.sempreviaggiando.com\/wp-content\/uploads\/2015\/11\/la_salut_rocas_encantadas_10-225x300.jpg\" data-large-file=\"https:\/\/www.sempreviaggiando.com\/wp-content\/uploads\/2015\/11\/la_salut_rocas_encantadas_10.jpg\" src=\"https:\/\/i0.wp.com\/www.sempreviaggiando.com\/wp-content\/uploads\/2015\/11\/la_salut_rocas_encantadas_10.jpg?w=418&#038;h=558&#038;ssl=1\" srcset=\"https:\/\/www.sempreviaggiando.com\/wp-content\/uploads\/2015\/11\/la_salut_rocas_encantadas_10.jpg 675w, https:\/\/www.sempreviaggiando.com\/wp-content\/uploads\/2015\/11\/la_salut_rocas_encantadas_10-225x300.jpg 225w\" width=\"418\" height=\"558\" loading=\"lazy\" data-original-width=\"418\" data-original-height=\"558\" itemprop=\"http:\/\/schema.org\/image\" title=\"Restaurante La Salut\" alt=\"Restaurante La Salut\" style=\"width: 418px; height: 558px;\" \/> <\/a> <div class=\"tiled-gallery-caption\" itemprop=\"caption description\"> Restaurante La Salut <\/div> <\/div> <\/div> <!-- close group --> <\/div> <!-- close row --> <\/div>\n<p><strong>Al Santuari fan misses els diumenges a les 13:15h<\/strong> &#8211; el diumenge al migdia el restaurant sol estar ben ple aix\u00ed\u00a0que no est\u00e0 de m\u00e9s <strong>reservar taula per assegurar-ho.<\/strong> <strong>Telf: (+34) 972 44 40 06 o via <a href=\"https:\/\/www.facebook.com\/lasalutsantfeliu\/\" target=\"_blank\">Facebook<\/a><\/strong><\/p>\n<p>La Salut \u00e9s tamb\u00e9 un<strong> hotel de muntanya<\/strong> amb 25 habitacions. Pot ser una bona opci\u00f3 per a un cap de setmana de desconnexi\u00f3 urbana total! <strong><a href=\"http:\/\/www.booking.com\/hotel\/es\/santuari-sant-feliu.ca.html?aid=358107\" target=\"_blank\">Reservar amb\u00a0Booking<\/a><\/strong>.<\/p>\n<p>&nbsp;<\/p>\n<div class=\"well\">\n<h3>Com\u00a0anar a La Salut<\/h3>\n<p><strong>Des d&#8217;Olot:\u00a0<\/strong>carretera c-153 direcci\u00f3 Sant Esteve d&#8217;en Bas i despr\u00e9s direcci\u00f3 Rupit. Veureu una indicaci\u00f3 per girar a la dreta cap al Restaurant \/ Santuari. Cal anar-hi amb cotxe, s\u00f3n uns 30 minuts des d&#8217;<a href=\"http:\/\/www.sempreviaggiando.com\/ca\/2015\/08\/14\/10-coses-a-fer-a-olot-i-la-garrotxa\/\" target=\"_blank\">Olot<\/a>. S\u00ed, hi ha diversos revolts per\u00f2 es passen r\u00e0pid i el paisatge \u00e9s veritablement preci\u00f3s. Atenci\u00f3 amb les bicis i motos:\u00a0\u00e9s una carretera de muntanya freq\u00fcentada per ciclistes i motoristes per les seves espectaculars vistes!<\/p>\n<\/div>\n<h3>I a la tarda? El Far i \/ o Rupit<\/h3>\n<p>Un bon plan pot ser realitzar l&#8217;excursi\u00f3 de les Roques Encandenades pel mat\u00ed, dinar a La Salut i per la tarda <strong>visitar Rupit o veure les vistes des del Far<\/strong>.<\/p>\n<div class=\"tiled-gallery type-rectangular tiled-gallery-unresized\" data-original-width=\"1170\" data-carousel-extra='{&quot;blog_id&quot;:1,&quot;permalink&quot;:&quot;https:\\\/\\\/www.sempreviaggiando.com\\\/ca\\\/2015\\\/11\\\/16\\\/excursio-nens-roques-encantades-la-salut-garrotxa-olot\\\/&quot;,&quot;likes_blog_id&quot;:12732733}' itemscope itemtype=\"http:\/\/schema.org\/ImageGallery\" > <div class=\"gallery-row\" style=\"width: 1170px; height: 534px;\" data-original-width=\"1170\" data-original-height=\"534\" > <div class=\"gallery-group images-1\" style=\"width: 797px; height: 534px;\" data-original-width=\"797\" data-original-height=\"534\" > <div class=\"tiled-gallery-item tiled-gallery-item-large\" itemprop=\"associatedMedia\" itemscope itemtype=\"http:\/\/schema.org\/ImageObject\"> <a href=\"https:\/\/www.sempreviaggiando.com\/ca\/2015\/11\/16\/excursio-nens-roques-encantades-la-salut-garrotxa-olot\/4148239782_40a28c4d50_o-2\/\" border=\"0\" itemprop=\"url\"> <meta itemprop=\"width\" content=\"793\"> <meta itemprop=\"height\" content=\"530\"> <img decoding=\"async\" class=\"\" data-attachment-id=\"20078\" data-orig-file=\"https:\/\/www.sempreviaggiando.com\/wp-content\/uploads\/2015\/11\/4148239782_40a28c4d50_o.jpg\" data-orig-size=\"1034,691\" data-comments-opened=\"\" data-image-meta=\"{&quot;aperture&quot;:&quot;5.6&quot;,&quot;credit&quot;:&quot;&quot;,&quot;camera&quot;:&quot;NIKON D70s&quot;,&quot;caption&quot;:&quot;&quot;,&quot;created_timestamp&quot;:&quot;1257607951&quot;,&quot;copyright&quot;:&quot;&quot;,&quot;focal_length&quot;:&quot;17&quot;,&quot;iso&quot;:&quot;200&quot;,&quot;shutter_speed&quot;:&quot;0.008&quot;,&quot;title&quot;:&quot;&quot;,&quot;orientation&quot;:&quot;0&quot;}\" data-image-title=\"Rupit\" data-image-description=\"\" data-medium-file=\"https:\/\/www.sempreviaggiando.com\/wp-content\/uploads\/2015\/11\/4148239782_40a28c4d50_o-300x200.jpg\" data-large-file=\"https:\/\/www.sempreviaggiando.com\/wp-content\/uploads\/2015\/11\/4148239782_40a28c4d50_o-1024x684.jpg\" src=\"https:\/\/i0.wp.com\/www.sempreviaggiando.com\/wp-content\/uploads\/2015\/11\/4148239782_40a28c4d50_o.jpg?w=793&#038;h=530&#038;ssl=1\" srcset=\"https:\/\/www.sempreviaggiando.com\/wp-content\/uploads\/2015\/11\/4148239782_40a28c4d50_o.jpg 1034w, https:\/\/www.sempreviaggiando.com\/wp-content\/uploads\/2015\/11\/4148239782_40a28c4d50_o-300x200.jpg 300w, https:\/\/www.sempreviaggiando.com\/wp-content\/uploads\/2015\/11\/4148239782_40a28c4d50_o-1024x684.jpg 1024w\" width=\"793\" height=\"530\" loading=\"lazy\" data-original-width=\"793\" data-original-height=\"530\" itemprop=\"http:\/\/schema.org\/image\" title=\"Rupit\" alt=\"Rupit. Foto de Jose Manuel Mota. Via Flickr. Licencia CC\" style=\"width: 793px; height: 530px;\" \/> <\/a> <div class=\"tiled-gallery-caption\" itemprop=\"caption description\"> Rupit. Foto de Jose Manuel Mota. Via Flickr. Licencia CC <\/div> <\/div> <\/div> <!-- close group --> <div class=\"gallery-group images-2\" style=\"width: 373px; height: 534px;\" data-original-width=\"373\" data-original-height=\"534\" > <div class=\"tiled-gallery-item tiled-gallery-item-large\" itemprop=\"associatedMedia\" itemscope itemtype=\"http:\/\/schema.org\/ImageObject\"> <a href=\"https:\/\/www.sempreviaggiando.com\/ca\/2015\/11\/16\/excursio-nens-roques-encantades-la-salut-garrotxa-olot\/el_far-2\/\" border=\"0\" itemprop=\"url\"> <meta itemprop=\"width\" content=\"369\"> <meta itemprop=\"height\" content=\"277\"> <img decoding=\"async\" class=\"\" data-attachment-id=\"20080\" data-orig-file=\"https:\/\/www.sempreviaggiando.com\/wp-content\/uploads\/2015\/11\/el_far.jpg\" data-orig-size=\"500,375\" data-comments-opened=\"\" data-image-meta=\"{&quot;aperture&quot;:&quot;5.6&quot;,&quot;credit&quot;:&quot;&quot;,&quot;camera&quot;:&quot;DSC-W7&quot;,&quot;caption&quot;:&quot;&quot;,&quot;created_timestamp&quot;:&quot;1277892570&quot;,&quot;copyright&quot;:&quot;&quot;,&quot;focal_length&quot;:&quot;7.9&quot;,&quot;iso&quot;:&quot;100&quot;,&quot;shutter_speed&quot;:&quot;0.003125&quot;,&quot;title&quot;:&quot;&quot;,&quot;orientation&quot;:&quot;1&quot;}\" data-image-title=\"El Far\" data-image-description=\"\" data-medium-file=\"https:\/\/www.sempreviaggiando.com\/wp-content\/uploads\/2015\/11\/el_far-300x225.jpg\" data-large-file=\"https:\/\/www.sempreviaggiando.com\/wp-content\/uploads\/2015\/11\/el_far.jpg\" src=\"https:\/\/i0.wp.com\/www.sempreviaggiando.com\/wp-content\/uploads\/2015\/11\/el_far.jpg?w=369&#038;h=277&#038;ssl=1\" srcset=\"https:\/\/www.sempreviaggiando.com\/wp-content\/uploads\/2015\/11\/el_far.jpg 500w, https:\/\/www.sempreviaggiando.com\/wp-content\/uploads\/2015\/11\/el_far-300x225.jpg 300w, https:\/\/www.sempreviaggiando.com\/wp-content\/uploads\/2015\/11\/el_far-400x300.jpg 400w\" width=\"369\" height=\"277\" loading=\"lazy\" data-original-width=\"369\" data-original-height=\"277\" itemprop=\"http:\/\/schema.org\/image\" title=\"El Far\" alt=\"El Far\" style=\"width: 369px; height: 277px;\" \/> <\/a> <div class=\"tiled-gallery-caption\" itemprop=\"caption description\"> El Far <\/div> <\/div> <div class=\"tiled-gallery-item tiled-gallery-item-large\" itemprop=\"associatedMedia\" itemscope itemtype=\"http:\/\/schema.org\/ImageObject\"> <a href=\"https:\/\/www.sempreviaggiando.com\/ca\/2015\/11\/16\/excursio-nens-roques-encantades-la-salut-garrotxa-olot\/16533169354_cca78e4b6c_z-2\/\" border=\"0\" itemprop=\"url\"> <meta itemprop=\"width\" content=\"369\"> <meta itemprop=\"height\" content=\"249\"> <img decoding=\"async\" class=\"\" data-attachment-id=\"20079\" data-orig-file=\"https:\/\/www.sempreviaggiando.com\/wp-content\/uploads\/2015\/11\/16533169354_cca78e4b6c_z.jpg\" data-orig-size=\"640,432\" data-comments-opened=\"\" data-image-meta=\"{&quot;aperture&quot;:&quot;0&quot;,&quot;credit&quot;:&quot;&quot;,&quot;camera&quot;:&quot;&quot;,&quot;caption&quot;:&quot;&quot;,&quot;created_timestamp&quot;:&quot;0&quot;,&quot;copyright&quot;:&quot;&quot;,&quot;focal_length&quot;:&quot;0&quot;,&quot;iso&quot;:&quot;0&quot;,&quot;shutter_speed&quot;:&quot;0&quot;,&quot;title&quot;:&quot;&quot;,&quot;orientation&quot;:&quot;0&quot;}\" data-image-title=\"Rupit\" data-image-description=\"\" data-medium-file=\"https:\/\/www.sempreviaggiando.com\/wp-content\/uploads\/2015\/11\/16533169354_cca78e4b6c_z-300x203.jpg\" data-large-file=\"https:\/\/www.sempreviaggiando.com\/wp-content\/uploads\/2015\/11\/16533169354_cca78e4b6c_z.jpg\" src=\"https:\/\/i0.wp.com\/www.sempreviaggiando.com\/wp-content\/uploads\/2015\/11\/16533169354_cca78e4b6c_z.jpg?w=369&#038;h=249&#038;ssl=1\" srcset=\"https:\/\/www.sempreviaggiando.com\/wp-content\/uploads\/2015\/11\/16533169354_cca78e4b6c_z.jpg 640w, https:\/\/www.sempreviaggiando.com\/wp-content\/uploads\/2015\/11\/16533169354_cca78e4b6c_z-300x203.jpg 300w\" width=\"369\" height=\"249\" loading=\"lazy\" data-original-width=\"369\" data-original-height=\"249\" itemprop=\"http:\/\/schema.org\/image\" title=\"Rupit\" alt=\"Rupit. Foto de Miquel Fabre. Via Flickr licencia CC\" style=\"width: 369px; height: 249px;\" \/> <\/a> <div class=\"tiled-gallery-caption\" itemprop=\"caption description\"> Rupit. Foto de Miquel Fabre. Via Flickr licencia CC <\/div> <\/div> <\/div> <!-- close group --> <\/div> <!-- close row --> <\/div>\n<p><strong>La muntanya del Far<\/strong> est\u00e0 situada uns quil\u00f2metres m\u00e9s amunt, seguint la carretera c-153 direcci\u00f3 Rupit. Deixeu el cotxe a\u00a0l&#8217;aparcament i pugeu\u00a0caminant el tram final. Les\u00a0vistes mereixen la pena; es diu que en un dia clar, des del Far podreu veure Mallorca!!!<\/p>\n<p><strong>Rupit<\/strong> \u00e9s un petit poblet\u00a0medieval\u00a0encantador. Quan hi arribeu\u00a0haureu canviat de comarca i de prov\u00edncia. Ara ja sou\u00a0a la prov\u00edncia de Barcelona (Olot \u00e9s prov\u00edncia Girona) i estareu m\u00e9s a prop de Cantonigr\u00f2s i Vic.<\/p>\n<p>&nbsp;<\/p>\n<p><strong>Mapa de situaci\u00f3<\/strong>:<br \/>\n<iframe loading=\"lazy\" style=\"border: 0;\" src=\"https:\/\/www.google.com\/maps\/embed?pb=!1m40!1m12!1m3!1d189452.2748683251!2d2.3523700125073543!3d42.10336300906747!2m3!1f0!2f0!3f0!3m2!1i1024!2i768!4f13.1!4m25!3e0!4m5!1s0x12bacadf6bbc6837%3A0x9f69041cffd33b7b!2sOlot%2C+Girona!3m2!1d42.1822078!2d2.4880242!4m5!1s0x12bacd772267b76d%3A0xfeea94d3ee3d1001!2sSantuari+de+la+Salut%2C+Carretera+C-153%2C+Km+40%2C+17174+Sant+Feliu+de+Pallerols%2C+Girona%2C+Espanya!3m2!1d42.06304!2d2.4959928!4m5!1s0x12bad2263ad35301%3A0xd1be8884cdfa3665!2sEl+Far!3m2!1d42.021098099999996!2d2.5365846!4m5!1s0x12bad2ce80215c2d%3A0xa5dbe78a7e794f82!2sRupit+i+Pruit!3m2!1d42.024504199999996!2d2.4655228!5e0!3m2!1sca!2ses!4v1447263055614\" width=\"750\" height=\"450\" frameborder=\"0\" allowfullscreen=\"allowfullscreen\"><\/iframe><\/p>\n","protected":false},"excerpt":{"rendered":"<p>La comarca de la Garrotxa \u00e9s un parad\u00eds per als amants del senderisme i la natura. Volcans, vies verdes, fagedes&#8230; i fins i tot roques encantades!<\/p>\n<div class=\"read-more-wrapper\"><a class=\"read-more\" href=\"https:\/\/www.sempreviaggiando.com\/ca\/2015\/11\/16\/excursio-nens-roques-encantades-la-salut-garrotxa-olot\/\" title=\"Read More\"> <span class=\"button \">Read More<\/span><\/a><\/div>\n","protected":false},"author":2,"featured_media":14354,"comment_status":"open","ping_status":"open","sticky":false,"template":"","format":"standard","meta":{"_acf_changed":false,"_bos_mb_destination":[""],"_jetpack_memberships_contains_paid_content":false,"footnotes":""},"categories":[121],"tags":[],"class_list":["post-14387","post","type-post","status-publish","format-standard","has-post-thumbnail","hentry","category-rutes-per-catalunya"],"acf":[],"jetpack_featured_media_url":"https:\/\/www.sempreviaggiando.com\/wp-content\/uploads\/2015\/11\/roques_encantades.jpg","jetpack_sharing_enabled":true,"_links":{"self":[{"href":"https:\/\/www.sempreviaggiando.com\/ca\/wp-json\/wp\/v2\/posts\/14387","targetHints":{"allow":["GET"]}}],"collection":[{"href":"https:\/\/www.sempreviaggiando.com\/ca\/wp-json\/wp\/v2\/posts"}],"about":[{"href":"https:\/\/www.sempreviaggiando.com\/ca\/wp-json\/wp\/v2\/types\/post"}],"author":[{"embeddable":true,"href":"https:\/\/www.sempreviaggiando.com\/ca\/wp-json\/wp\/v2\/users\/2"}],"replies":[{"embeddable":true,"href":"https:\/\/www.sempreviaggiando.com\/ca\/wp-json\/wp\/v2\/comments?post=14387"}],"version-history":[{"count":7,"href":"https:\/\/www.sempreviaggiando.com\/ca\/wp-json\/wp\/v2\/posts\/14387\/revisions"}],"predecessor-version":[{"id":14398,"href":"https:\/\/www.sempreviaggiando.com\/ca\/wp-json\/wp\/v2\/posts\/14387\/revisions\/14398"}],"wp:featuredmedia":[{"embeddable":true,"href":"https:\/\/www.sempreviaggiando.com\/ca\/wp-json\/wp\/v2\/media\/14354"}],"wp:attachment":[{"href":"https:\/\/www.sempreviaggiando.com\/ca\/wp-json\/wp\/v2\/media?parent=14387"}],"wp:term":[{"taxonomy":"category","embeddable":true,"href":"https:\/\/www.sempreviaggiando.com\/ca\/wp-json\/wp\/v2\/categories?post=14387"},{"taxonomy":"post_tag","embeddable":true,"href":"https:\/\/www.sempreviaggiando.com\/ca\/wp-json\/wp\/v2\/tags?post=14387"}],"curies":[{"name":"wp","href":"https:\/\/api.w.org\/{rel}","templated":true}]}}