{"id":14448,"date":"2015-12-08T18:21:52","date_gmt":"2015-12-08T17:21:52","guid":{"rendered":"http:\/\/www.sempreviaggiando.com\/?p=14448"},"modified":"2021-01-28T09:40:14","modified_gmt":"2021-01-28T08:40:14","slug":"ruta-en-bici-dolot-als-hostalets-den-bas","status":"publish","type":"post","link":"https:\/\/www.sempreviaggiando.com\/ca\/2015\/12\/08\/ruta-en-bici-dolot-als-hostalets-den-bas\/","title":{"rendered":"Ruta en Bici d&#8217;Olot als Hostalets d&#8217;en Bas"},"content":{"rendered":"<p>Esta entrada tambi\u00e9n est\u00e1 disponible en <a href=\"http:\/\/www.sempreviaggiando.com\/2015\/12\/08\/excursion-bici-olot-hostalets-de-bas\/\" target=\"_blank\" rel=\"noopener\">castellano<\/a><\/p>\n<p>[summary]Una de les activitats m\u00e9s boniques a fer si passes <strong><a href=\"http:\/\/www.sempreviaggiando.com\/ca\/2015\/08\/14\/10-coses-a-fer-a-olot-i-la-garrotxa\/\" target=\"_blank\" rel=\"noopener\">uns dies a Olot o a La Garrotxa<\/a> \u00e9s la ruta en\u00a0bici que va des d&#8217;Olot fins als Hostalets d&#8217;en Bas, atravessant la Vall d&#8217;en Bas<\/strong>.[\/summary]<\/p>\n<p>\u00c9s l&#8217;anomenada <strong>&#8220;Ruta del Carrilet&#8221; i forma part de la <a href=\"http:\/\/www.viesverdes.cat\/ca\/53\/ruta-del-carrilet-i.html\" target=\"_blank\" rel=\"nofollow noopener\">Via Verda Olot &#8211; Girona<\/a><\/strong>. <strong>Jo us proposo rec\u00f3rre&#8217;n un tram: el que va d&#8217;<a href=\"https:\/\/descobreixolot.cat\" target=\"_blank\" rel=\"noopener\">Olot<\/a> als Hostalets, anada i tornada.<\/strong> L&#8217;anada, pel carril bici del Carrilet; i la tornada\u00a0per la carretera de la Parcel\u00b7l\u00e0ria. Passareu pobles encantadors com <strong>Sant Privat, El Mallol i Joanetes<\/strong> i gaudireu d&#8217;un Carril Bici f\u00e0cil i pla, perfecte per a les bicis i allunyat\u00a0del tr\u00e0nsit de cotxes. \u00c9s una ruta apta per a tota la fam\u00edlia, fins i tot per als m\u00e9s menuts. Tot i que\u00a0podr\u00edeu rec\u00f3rrer la vall a peu o en cotxe, <strong>la bicicleta \u00e9s el millor transport per a aquesta excursi\u00f3<\/strong>: us permetr\u00e0 gaudir d&#8217;anar a poc a poc, tot veient\u00a0el paisatge, parar a fer fotos i alhora despla\u00e7ar-vos\u00a0suficientment\u00a0r\u00e0pid per arribar d&#8217;un punt a un altre i veure-ho tot en un mig dia. <strong>Visca <em>l&#8217;slow-travel<\/em><\/strong>!<\/p>\n<div id=\"attachment_14413\" style=\"width: 1010px\" class=\"wp-caption alignnone\"><img loading=\"lazy\" decoding=\"async\" aria-describedby=\"caption-attachment-14413\" class=\"wp-image-14413 size-full\" src=\"http:\/\/www.sempreviaggiando.com\/wp-content\/uploads\/2015\/12\/bicicarril_olot_1.jpg\" alt=\"carril bici Olot ruta carrilet\" width=\"1000\" height=\"562\" srcset=\"https:\/\/www.sempreviaggiando.com\/wp-content\/uploads\/2015\/12\/bicicarril_olot_1.jpg 1000w, https:\/\/www.sempreviaggiando.com\/wp-content\/uploads\/2015\/12\/bicicarril_olot_1-300x169.jpg 300w\" sizes=\"auto, (max-width: 1000px) 100vw, 1000px\" \/><p id=\"caption-attachment-14413\" class=\"wp-caption-text\">Carril Bici Olot &#8211; Ruta Via Verda del Carrilet<\/p><\/div>\n<p>Tot i que\u00a0podeu fer\u00a0nom\u00e9s un tros,\u00a0el que us proposo en aquest bloc \u00e9s<strong> una ruta circular d&#8217;uns 30 km<\/strong>. <strong>Una molt bona opci\u00f3 per als que no som professionals de la bici \u00e9s reservar una bici el\u00e8ctrica<\/strong> i no cansar-nos tant, gaudint molt m\u00e9s del paisatge. Podeu llogar bicis el\u00e8ctriques\u00a0al <strong><a href=\"http:\/\/bicicletes.atma.cat\/\" target=\"_blank\" rel=\"nofollow noopener\">Centre Log\u00edstic de Bicicletes<\/a><\/strong>, on a m\u00e9s us atendran de meravella i us ajudaran amb la vostra ruta (demaneu un mapa si no coneixeu la zona). I pels m\u00e9s valents, tamb\u00e9 us oferiran una bici BTT normal que no porti ajuda externa del motor \ud83d\ude09<\/p>\n<div class=\"well\">\n<h4>+\u00a0info:<\/h4>\n<p><strong>Centre Log\u00edstic de\u00a0Bicicletes. <a href=\"http:\/\/bicicletes.atma.cat\/\" target=\"_blank\" rel=\"nofollow noopener\">P\u00e0gina web.<\/a>\u00a0<\/strong>\u00a0lloguer de bicis BTT, bicis\u00a0el\u00e8ctriques, t\u00e0ndems, i tot tipus d&#8217;accesoris per\u00a0la ruta en bici com\u00a0cadires per a beb\u00e8s. Tamb\u00e9 realitzen trasllats.\u00a0<strong>Adre\u00e7a<\/strong>: Avinguda\u00a0de l\u2019Estaci\u00f3, 3.\u00a0<strong>Preu<\/strong>: 25\u20ac les bicis el\u00e8ctriques\u00a0(mig dia).\u00a0<a href=\"http:\/\/bicicletes.atma.cat\/tarifes\/\" target=\"_blank\" rel=\"nofollow noopener\">Veure preus<\/a>.<\/p>\n<\/div>\n<p>La ruta comen\u00e7a a les <strong>fonts de Sant Roc<\/strong>. All\u00e0 podeu assegurar-vos que teniu l&#8217;ampolla d&#8217;aigua ben plena abans de sortir. <strong>Iniciareu la &#8220;Ruta del Carrilet&#8221; en aquest punt. \u00c9s l&#8217;antiga via del tren<\/strong>, adaptada actualment a un preci\u00f3s carril bici de terra i totalment pla, que passa pel mig del bosc.<\/p>\n<div class=\"tiled-gallery type-rectangular tiled-gallery-unresized\" data-original-width=\"1170\" data-carousel-extra='{&quot;blog_id&quot;:1,&quot;permalink&quot;:&quot;https:\\\/\\\/www.sempreviaggiando.com\\\/ca\\\/2015\\\/12\\\/08\\\/ruta-en-bici-dolot-als-hostalets-den-bas\\\/&quot;,&quot;likes_blog_id&quot;:12732733}' itemscope itemtype=\"http:\/\/schema.org\/ImageGallery\" > <div class=\"gallery-row\" style=\"width: 1170px; height: 476px;\" data-original-width=\"1170\" data-original-height=\"476\" > <div class=\"gallery-group images-1\" style=\"width: 325px; height: 476px;\" data-original-width=\"325\" data-original-height=\"476\" > <div class=\"tiled-gallery-item tiled-gallery-item-large\" itemprop=\"associatedMedia\" itemscope itemtype=\"http:\/\/schema.org\/ImageObject\"> <a href=\"https:\/\/www.sempreviaggiando.com\/ca\/2015\/12\/08\/ruta-en-bici-dolot-als-hostalets-den-bas\/hdr-2-2\/\" border=\"0\" itemprop=\"url\"> <meta itemprop=\"width\" content=\"321\"> <meta itemprop=\"height\" content=\"472\"> <img decoding=\"async\" class=\"\" data-attachment-id=\"20090\" data-orig-file=\"https:\/\/www.sempreviaggiando.com\/wp-content\/uploads\/2015\/12\/bicicarril_olot_2.jpg\" data-orig-size=\"999,1469\" data-comments-opened=\"\" data-image-meta=\"{&quot;aperture&quot;:&quot;2&quot;,&quot;credit&quot;:&quot;&quot;,&quot;camera&quot;:&quot;HUAWEI GRA-L09&quot;,&quot;caption&quot;:&quot;hdr&quot;,&quot;created_timestamp&quot;:&quot;1448707768&quot;,&quot;copyright&quot;:&quot;&quot;,&quot;focal_length&quot;:&quot;2.38&quot;,&quot;iso&quot;:&quot;64&quot;,&quot;shutter_speed&quot;:&quot;0.0014690000051185&quot;,&quot;title&quot;:&quot;hdr&quot;,&quot;orientation&quot;:&quot;1&quot;}\" data-image-title=\"Ruta Bici Olot\" data-image-description=\"\" data-medium-file=\"https:\/\/www.sempreviaggiando.com\/wp-content\/uploads\/2015\/12\/bicicarril_olot_2-204x300.jpg\" data-large-file=\"https:\/\/www.sempreviaggiando.com\/wp-content\/uploads\/2015\/12\/bicicarril_olot_2-696x1024.jpg\" src=\"https:\/\/i0.wp.com\/www.sempreviaggiando.com\/wp-content\/uploads\/2015\/12\/bicicarril_olot_2.jpg?w=321&#038;h=472&#038;ssl=1\" srcset=\"https:\/\/www.sempreviaggiando.com\/wp-content\/uploads\/2015\/12\/bicicarril_olot_2.jpg 999w, https:\/\/www.sempreviaggiando.com\/wp-content\/uploads\/2015\/12\/bicicarril_olot_2-204x300.jpg 204w, https:\/\/www.sempreviaggiando.com\/wp-content\/uploads\/2015\/12\/bicicarril_olot_2-696x1024.jpg 696w\" width=\"321\" height=\"472\" loading=\"lazy\" data-original-width=\"321\" data-original-height=\"472\" itemprop=\"http:\/\/schema.org\/image\" title=\"Ruta Bici Olot\" alt=\"Ruta Bici Olot\" style=\"width: 321px; height: 472px;\" \/> <\/a> <div class=\"tiled-gallery-caption\" itemprop=\"caption description\"> Ruta Bici Olot <\/div> <\/div> <\/div> <!-- close group --> <div class=\"gallery-group images-1\" style=\"width: 845px; height: 476px;\" data-original-width=\"845\" data-original-height=\"476\" > <div class=\"tiled-gallery-item tiled-gallery-item-large\" itemprop=\"associatedMedia\" itemscope itemtype=\"http:\/\/schema.org\/ImageObject\"> <a href=\"https:\/\/www.sempreviaggiando.com\/ca\/2015\/12\/08\/ruta-en-bici-dolot-als-hostalets-den-bas\/sdr-20-2\/\" border=\"0\" itemprop=\"url\"> <meta itemprop=\"width\" content=\"841\"> <meta itemprop=\"height\" content=\"472\"> <img decoding=\"async\" class=\"\" data-attachment-id=\"20082\" data-orig-file=\"https:\/\/www.sempreviaggiando.com\/wp-content\/uploads\/2015\/12\/bicicarril_olot_3.jpg\" data-orig-size=\"1000,562\" data-comments-opened=\"\" data-image-meta=\"{&quot;aperture&quot;:&quot;2&quot;,&quot;credit&quot;:&quot;&quot;,&quot;camera&quot;:&quot;HUAWEI GRA-L09&quot;,&quot;caption&quot;:&quot;sdr&quot;,&quot;created_timestamp&quot;:&quot;1448707816&quot;,&quot;copyright&quot;:&quot;&quot;,&quot;focal_length&quot;:&quot;2.38&quot;,&quot;iso&quot;:&quot;64&quot;,&quot;shutter_speed&quot;:&quot;0.0049979999919192&quot;,&quot;title&quot;:&quot;sdr&quot;,&quot;orientation&quot;:&quot;1&quot;}\" data-image-title=\"Parc de Pedratosca\" data-image-description=\"\" data-medium-file=\"https:\/\/www.sempreviaggiando.com\/wp-content\/uploads\/2015\/12\/bicicarril_olot_3-300x169.jpg\" data-large-file=\"https:\/\/www.sempreviaggiando.com\/wp-content\/uploads\/2015\/12\/bicicarril_olot_3.jpg\" src=\"https:\/\/i0.wp.com\/www.sempreviaggiando.com\/wp-content\/uploads\/2015\/12\/bicicarril_olot_3.jpg?w=841&#038;h=472&#038;ssl=1\" srcset=\"https:\/\/www.sempreviaggiando.com\/wp-content\/uploads\/2015\/12\/bicicarril_olot_3.jpg 1000w, https:\/\/www.sempreviaggiando.com\/wp-content\/uploads\/2015\/12\/bicicarril_olot_3-300x169.jpg 300w\" width=\"841\" height=\"472\" loading=\"lazy\" data-original-width=\"841\" data-original-height=\"472\" itemprop=\"http:\/\/schema.org\/image\" title=\"Parc de Pedratosca\" alt=\"Parc de Pedratosca\" style=\"width: 841px; height: 472px;\" \/> <\/a> <div class=\"tiled-gallery-caption\" itemprop=\"caption description\"> Parc de Pedratosca <\/div> <\/div> <\/div> <!-- close group --> <\/div> <!-- close row --> <\/div>\n<p>Pedalejant arribareu aviat a la <strong>Pista d&#8217;Atletisme<\/strong> (preciosa, enmig de la natura) constru\u00efda pels<strong> famosos\u00a0<a href=\"https:\/\/www.descobreixolot.cat\/descobrint-joies-pritzker-arquitectura-olot\/\" target=\"_blank\" rel=\"noopener\">arquitectes RCR d&#8217;Olot<\/a>.<\/strong> Una mica m\u00e9s enll\u00e0 trobareu el <strong>bar Codella i el\u00a0<strong><a href=\"https:\/\/ca.wikipedia.org\/wiki\/Parc_de_Pedra_Tosca\" target=\"_blank\" rel=\"noopener\">Parc de Pedratosca<\/a><\/strong> -un parc volc\u00e0nic que podreu rec\u00f3rrer en visita lliure i gratu\u00efta<\/strong> per con\u00e8ixer l&#8217;entorn natural volc\u00e0nic de la zona. Es tracta d&#8217;un laberint de camins, corriols i cabanes que ofereixen un passeig molt agradable.<\/p>\n<p>Despr\u00e9s d&#8217;atravessar l&#8217;encreuament amb la carretera, seguireu entre els camps de conreu, en paral\u00b7lel a la poblaci\u00f3 de <strong>Les Preses<\/strong>. Sense arbres al voltant, ser\u00e0 un gran moment per veure el paisatge de la vall amb les muntanyes de fons.<\/p>\n<div class=\"tiled-gallery type-rectangular tiled-gallery-unresized\" data-original-width=\"1170\" data-carousel-extra='{&quot;blog_id&quot;:1,&quot;permalink&quot;:&quot;https:\\\/\\\/www.sempreviaggiando.com\\\/ca\\\/2015\\\/12\\\/08\\\/ruta-en-bici-dolot-als-hostalets-den-bas\\\/&quot;,&quot;likes_blog_id&quot;:12732733}' itemscope itemtype=\"http:\/\/schema.org\/ImageGallery\" > <div class=\"gallery-row\" style=\"width: 1170px; height: 330px;\" data-original-width=\"1170\" data-original-height=\"330\" > <div class=\"gallery-group images-1\" style=\"width: 585px; height: 330px;\" data-original-width=\"585\" data-original-height=\"330\" > <div class=\"tiled-gallery-item tiled-gallery-item-large\" itemprop=\"associatedMedia\" itemscope itemtype=\"http:\/\/schema.org\/ImageObject\"> <a href=\"https:\/\/www.sempreviaggiando.com\/ca\/2015\/12\/08\/ruta-en-bici-dolot-als-hostalets-den-bas\/dav-25-2\/\" border=\"0\" itemprop=\"url\"> <meta itemprop=\"width\" content=\"581\"> <meta itemprop=\"height\" content=\"326\"> <img decoding=\"async\" class=\"\" data-attachment-id=\"20092\" data-orig-file=\"https:\/\/www.sempreviaggiando.com\/wp-content\/uploads\/2015\/12\/bicicarril_olot_8.jpg\" data-orig-size=\"4160,2336\" data-comments-opened=\"\" data-image-meta=\"{&quot;aperture&quot;:&quot;2&quot;,&quot;credit&quot;:&quot;&quot;,&quot;camera&quot;:&quot;HUAWEI GRA-L09&quot;,&quot;caption&quot;:&quot;dav&quot;,&quot;created_timestamp&quot;:&quot;1448709833&quot;,&quot;copyright&quot;:&quot;&quot;,&quot;focal_length&quot;:&quot;2.38&quot;,&quot;iso&quot;:&quot;64&quot;,&quot;shutter_speed&quot;:&quot;0.000918&quot;,&quot;title&quot;:&quot;dav&quot;,&quot;orientation&quot;:&quot;1&quot;}\" data-image-title=\"Carril Bici Olot &#8211; en Sant Esteve d&#8217;en Bas\" data-image-description=\"\" data-medium-file=\"https:\/\/www.sempreviaggiando.com\/wp-content\/uploads\/2015\/12\/bicicarril_olot_8-300x168.jpg\" data-large-file=\"https:\/\/www.sempreviaggiando.com\/wp-content\/uploads\/2015\/12\/bicicarril_olot_8-1024x575.jpg\" src=\"https:\/\/i0.wp.com\/www.sempreviaggiando.com\/wp-content\/uploads\/2015\/12\/bicicarril_olot_8.jpg?w=581&#038;h=326&#038;ssl=1\" srcset=\"https:\/\/www.sempreviaggiando.com\/wp-content\/uploads\/2015\/12\/bicicarril_olot_8.jpg 4160w, https:\/\/www.sempreviaggiando.com\/wp-content\/uploads\/2015\/12\/bicicarril_olot_8-300x168.jpg 300w, https:\/\/www.sempreviaggiando.com\/wp-content\/uploads\/2015\/12\/bicicarril_olot_8-1024x575.jpg 1024w\" width=\"581\" height=\"326\" loading=\"lazy\" data-original-width=\"581\" data-original-height=\"326\" itemprop=\"http:\/\/schema.org\/image\" title=\"Carril Bici Olot - en Sant Esteve d&#039;en Bas\" alt=\"Carril Bici Olot - en Sant Esteve d&#039;en Bas\" style=\"width: 581px; height: 326px;\" \/> <\/a> <div class=\"tiled-gallery-caption\" itemprop=\"caption description\"> Carril Bici Olot &#8211; en Sant Esteve d&#8217;en Bas <\/div> <\/div> <\/div> <!-- close group --> <div class=\"gallery-group images-1\" style=\"width: 585px; height: 330px;\" data-original-width=\"585\" data-original-height=\"330\" > <div class=\"tiled-gallery-item tiled-gallery-item-large\" itemprop=\"associatedMedia\" itemscope itemtype=\"http:\/\/schema.org\/ImageObject\"> <a href=\"https:\/\/www.sempreviaggiando.com\/ca\/2015\/12\/08\/ruta-en-bici-dolot-als-hostalets-den-bas\/dav-20-2\/\" border=\"0\" itemprop=\"url\"> <meta itemprop=\"width\" content=\"581\"> <meta itemprop=\"height\" content=\"326\"> <img decoding=\"async\" class=\"\" data-attachment-id=\"20083\" data-orig-file=\"https:\/\/www.sempreviaggiando.com\/wp-content\/uploads\/2015\/12\/bicicarril_olot_4.jpg\" data-orig-size=\"1000,562\" data-comments-opened=\"\" data-image-meta=\"{&quot;aperture&quot;:&quot;2&quot;,&quot;credit&quot;:&quot;&quot;,&quot;camera&quot;:&quot;HUAWEI GRA-L09&quot;,&quot;caption&quot;:&quot;dav&quot;,&quot;created_timestamp&quot;:&quot;1448708138&quot;,&quot;copyright&quot;:&quot;&quot;,&quot;focal_length&quot;:&quot;2.38&quot;,&quot;iso&quot;:&quot;64&quot;,&quot;shutter_speed&quot;:&quot;0.0013640000174872&quot;,&quot;title&quot;:&quot;dav&quot;,&quot;orientation&quot;:&quot;1&quot;}\" data-image-title=\"Carril Bici Olot &#8211; en Les Preses\" data-image-description=\"\" data-medium-file=\"https:\/\/www.sempreviaggiando.com\/wp-content\/uploads\/2015\/12\/bicicarril_olot_4-300x169.jpg\" data-large-file=\"https:\/\/www.sempreviaggiando.com\/wp-content\/uploads\/2015\/12\/bicicarril_olot_4.jpg\" src=\"https:\/\/i0.wp.com\/www.sempreviaggiando.com\/wp-content\/uploads\/2015\/12\/bicicarril_olot_4.jpg?w=581&#038;h=326&#038;ssl=1\" srcset=\"https:\/\/www.sempreviaggiando.com\/wp-content\/uploads\/2015\/12\/bicicarril_olot_4.jpg 1000w, https:\/\/www.sempreviaggiando.com\/wp-content\/uploads\/2015\/12\/bicicarril_olot_4-300x169.jpg 300w\" width=\"581\" height=\"326\" loading=\"lazy\" data-original-width=\"581\" data-original-height=\"326\" itemprop=\"http:\/\/schema.org\/image\" title=\"Carril Bici Olot - en Les Preses\" alt=\"Carril Bici Olot - en Les Preses\" style=\"width: 581px; height: 326px;\" \/> <\/a> <div class=\"tiled-gallery-caption\" itemprop=\"caption description\"> Carril Bici Olot &#8211; en Les Preses <\/div> <\/div> <\/div> <!-- close group --> <\/div> <!-- close row --> <\/div>\n<p>Despr\u00e9s passareu per <strong>Sant Esteve d&#8217;en Bas <\/strong>i<strong>\u00a0<\/strong>creuareu la carretera per anar al poble dels <strong>Hostalets d&#8217;en Bas, un dels m\u00e9s bonics de Catalunya<\/strong>, <strong>sens dubte!!<\/strong> \u00c9s un poble diminut per\u00f2 encantador, sobretot a la primavera i l&#8217;estiu quan els balcons de les cases estan plenes de flors. Als Hostalets us recomano fer una parada per esmorzar. Pareu al forn del poble (d&#8217;aquells de tota la vida) i <strong>compreu una mica de &#8220;Coca dels Hostalets&#8221; &#8211; Espectacular !!<\/strong><\/p>\n<div id=\"attachment_13683\" style=\"width: 810px\" class=\"wp-caption aligncenter\"><img loading=\"lazy\" decoding=\"async\" aria-describedby=\"caption-attachment-13683\" class=\"wp-image-13683 size-full\" src=\"http:\/\/www.sempreviaggiando.com\/wp-content\/uploads\/2015\/08\/hostalets.jpg\" alt=\"hostalets d'en Bas\" width=\"800\" height=\"530\" srcset=\"https:\/\/www.sempreviaggiando.com\/wp-content\/uploads\/2015\/08\/hostalets.jpg 800w, https:\/\/www.sempreviaggiando.com\/wp-content\/uploads\/2015\/08\/hostalets-300x199.jpg 300w\" sizes=\"auto, (max-width: 800px) 100vw, 800px\" \/><p id=\"caption-attachment-13683\" class=\"wp-caption-text\">Els Hostalets d&#8217;en Bas<\/p><\/div>\n<p>Quan sigueu\u00a0als Hostalets d&#8217;en Bas, estareu m\u00e9s o menys a la meitat de la ruta. A partir d&#8217;aqu\u00ed ja <strong>anireu\u00a0de tornada, per\u00f2 per un altre cam\u00ed: La Parcel\u00b7l\u00e0ria, l&#8217;antiga carretera<\/strong> que atravessava la vall. Actualment \u00e9s una carretera molt secund\u00e0ria, asfaltada, amb poc tr\u00e0nsit.<\/p>\n<div class=\"tiled-gallery type-rectangular tiled-gallery-unresized\" data-original-width=\"1170\" data-carousel-extra='{&quot;blog_id&quot;:1,&quot;permalink&quot;:&quot;https:\\\/\\\/www.sempreviaggiando.com\\\/ca\\\/2015\\\/12\\\/08\\\/ruta-en-bici-dolot-als-hostalets-den-bas\\\/&quot;,&quot;likes_blog_id&quot;:12732733}' itemscope itemtype=\"http:\/\/schema.org\/ImageGallery\" > <div class=\"gallery-row\" style=\"width: 1170px; height: 226px;\" data-original-width=\"1170\" data-original-height=\"226\" > <div class=\"gallery-group images-1\" style=\"width: 398px; height: 226px;\" data-original-width=\"398\" data-original-height=\"226\" > <div class=\"tiled-gallery-item tiled-gallery-item-large\" itemprop=\"associatedMedia\" itemscope itemtype=\"http:\/\/schema.org\/ImageObject\"> <a href=\"https:\/\/www.sempreviaggiando.com\/ca\/2015\/12\/08\/ruta-en-bici-dolot-als-hostalets-den-bas\/dav-21-2\/\" border=\"0\" itemprop=\"url\"> <meta itemprop=\"width\" content=\"394\"> <meta itemprop=\"height\" content=\"222\"> <img decoding=\"async\" class=\"\" data-attachment-id=\"20084\" data-orig-file=\"https:\/\/www.sempreviaggiando.com\/wp-content\/uploads\/2015\/12\/bicicarril_olot_5.jpg\" data-orig-size=\"1000,562\" data-comments-opened=\"\" data-image-meta=\"{&quot;aperture&quot;:&quot;2&quot;,&quot;credit&quot;:&quot;&quot;,&quot;camera&quot;:&quot;HUAWEI GRA-L09&quot;,&quot;caption&quot;:&quot;dav&quot;,&quot;created_timestamp&quot;:&quot;1448712500&quot;,&quot;copyright&quot;:&quot;&quot;,&quot;focal_length&quot;:&quot;2.38&quot;,&quot;iso&quot;:&quot;64&quot;,&quot;shutter_speed&quot;:&quot;0.000275&quot;,&quot;title&quot;:&quot;dav&quot;,&quot;orientation&quot;:&quot;1&quot;}\" data-image-title=\"Parcelaria en la salida de Hostalets de Bas\" data-image-description=\"\" data-medium-file=\"https:\/\/www.sempreviaggiando.com\/wp-content\/uploads\/2015\/12\/bicicarril_olot_5-300x169.jpg\" data-large-file=\"https:\/\/www.sempreviaggiando.com\/wp-content\/uploads\/2015\/12\/bicicarril_olot_5.jpg\" src=\"https:\/\/i0.wp.com\/www.sempreviaggiando.com\/wp-content\/uploads\/2015\/12\/bicicarril_olot_5.jpg?w=394&#038;h=222&#038;ssl=1\" srcset=\"https:\/\/www.sempreviaggiando.com\/wp-content\/uploads\/2015\/12\/bicicarril_olot_5.jpg 1000w, https:\/\/www.sempreviaggiando.com\/wp-content\/uploads\/2015\/12\/bicicarril_olot_5-300x169.jpg 300w\" width=\"394\" height=\"222\" loading=\"lazy\" data-original-width=\"394\" data-original-height=\"222\" itemprop=\"http:\/\/schema.org\/image\" title=\"Parcelaria en la salida de Hostalets de Bas\" alt=\"Parcelaria en la salida de Hostalets de Bas\" style=\"width: 394px; height: 222px;\" \/> <\/a> <div class=\"tiled-gallery-caption\" itemprop=\"caption description\"> Parcelaria en la salida de Hostalets de Bas <\/div> <\/div> <\/div> <!-- close group --> <div class=\"gallery-group images-1\" style=\"width: 398px; height: 226px;\" data-original-width=\"398\" data-original-height=\"226\" > <div class=\"tiled-gallery-item tiled-gallery-item-large\" itemprop=\"associatedMedia\" itemscope itemtype=\"http:\/\/schema.org\/ImageObject\"> <a href=\"https:\/\/www.sempreviaggiando.com\/ca\/2015\/12\/08\/ruta-en-bici-dolot-als-hostalets-den-bas\/dav-23-2\/\" border=\"0\" itemprop=\"url\"> <meta itemprop=\"width\" content=\"394\"> <meta itemprop=\"height\" content=\"222\"> <img decoding=\"async\" class=\"\" data-attachment-id=\"20086\" data-orig-file=\"https:\/\/www.sempreviaggiando.com\/wp-content\/uploads\/2015\/12\/bicicarril_olot_7.jpg\" data-orig-size=\"1000,562\" data-comments-opened=\"\" data-image-meta=\"{&quot;aperture&quot;:&quot;2&quot;,&quot;credit&quot;:&quot;&quot;,&quot;camera&quot;:&quot;HUAWEI GRA-L09&quot;,&quot;caption&quot;:&quot;dav&quot;,&quot;created_timestamp&quot;:&quot;1448714956&quot;,&quot;copyright&quot;:&quot;&quot;,&quot;focal_length&quot;:&quot;2.38&quot;,&quot;iso&quot;:&quot;64&quot;,&quot;shutter_speed&quot;:&quot;0.00040600002194595&quot;,&quot;title&quot;:&quot;dav&quot;,&quot;orientation&quot;:&quot;1&quot;}\" data-image-title=\"Parcelaria de Puigpardines a Sant Privat y El Mallol\" data-image-description=\"\" data-medium-file=\"https:\/\/www.sempreviaggiando.com\/wp-content\/uploads\/2015\/12\/bicicarril_olot_7-300x169.jpg\" data-large-file=\"https:\/\/www.sempreviaggiando.com\/wp-content\/uploads\/2015\/12\/bicicarril_olot_7.jpg\" src=\"https:\/\/i0.wp.com\/www.sempreviaggiando.com\/wp-content\/uploads\/2015\/12\/bicicarril_olot_7.jpg?w=394&#038;h=222&#038;ssl=1\" srcset=\"https:\/\/www.sempreviaggiando.com\/wp-content\/uploads\/2015\/12\/bicicarril_olot_7.jpg 1000w, https:\/\/www.sempreviaggiando.com\/wp-content\/uploads\/2015\/12\/bicicarril_olot_7-300x169.jpg 300w\" width=\"394\" height=\"222\" loading=\"lazy\" data-original-width=\"394\" data-original-height=\"222\" itemprop=\"http:\/\/schema.org\/image\" title=\"Parcelaria de Puigpardines a Sant Privat y El Mallol\" alt=\"Parcelaria de Puigpardines a Sant Privat y El Mallol\" style=\"width: 394px; height: 222px;\" \/> <\/a> <div class=\"tiled-gallery-caption\" itemprop=\"caption description\"> Parcelaria de Puigpardines a Sant Privat y El Mallol <\/div> <\/div> <\/div> <!-- close group --> <div class=\"gallery-group images-1\" style=\"width: 374px; height: 226px;\" data-original-width=\"374\" data-original-height=\"226\" > <div class=\"tiled-gallery-item tiled-gallery-item-large\" itemprop=\"associatedMedia\" itemscope itemtype=\"http:\/\/schema.org\/ImageObject\"> <a href=\"https:\/\/www.sempreviaggiando.com\/ca\/2015\/12\/08\/ruta-en-bici-dolot-als-hostalets-den-bas\/dav-24-2\/\" border=\"0\" itemprop=\"url\"> <meta itemprop=\"width\" content=\"370\"> <meta itemprop=\"height\" content=\"222\"> <img decoding=\"async\" class=\"\" data-attachment-id=\"20091\" data-orig-file=\"https:\/\/www.sempreviaggiando.com\/wp-content\/uploads\/2015\/12\/bicicarril_olot_9.jpg\" data-orig-size=\"1000,600\" data-comments-opened=\"\" data-image-meta=\"{&quot;aperture&quot;:&quot;2&quot;,&quot;credit&quot;:&quot;&quot;,&quot;camera&quot;:&quot;HUAWEI GRA-L09&quot;,&quot;caption&quot;:&quot;dav&quot;,&quot;created_timestamp&quot;:&quot;1448713381&quot;,&quot;copyright&quot;:&quot;&quot;,&quot;focal_length&quot;:&quot;2.38&quot;,&quot;iso&quot;:&quot;64&quot;,&quot;shutter_speed&quot;:&quot;0.00022299999244068&quot;,&quot;title&quot;:&quot;dav&quot;,&quot;orientation&quot;:&quot;1&quot;}\" data-image-title=\"Parcelaria con El Mallol delante\" data-image-description=\"\" data-medium-file=\"https:\/\/www.sempreviaggiando.com\/wp-content\/uploads\/2015\/12\/bicicarril_olot_9-300x180.jpg\" data-large-file=\"https:\/\/www.sempreviaggiando.com\/wp-content\/uploads\/2015\/12\/bicicarril_olot_9.jpg\" src=\"https:\/\/i0.wp.com\/www.sempreviaggiando.com\/wp-content\/uploads\/2015\/12\/bicicarril_olot_9.jpg?w=370&#038;h=222&#038;ssl=1\" srcset=\"https:\/\/www.sempreviaggiando.com\/wp-content\/uploads\/2015\/12\/bicicarril_olot_9.jpg 1000w, https:\/\/www.sempreviaggiando.com\/wp-content\/uploads\/2015\/12\/bicicarril_olot_9-300x180.jpg 300w\" width=\"370\" height=\"222\" loading=\"lazy\" data-original-width=\"370\" data-original-height=\"222\" itemprop=\"http:\/\/schema.org\/image\" title=\"Parcelaria con El Mallol delante\" alt=\"Parcelaria con El Mallol delante\" style=\"width: 370px; height: 222px;\" \/> <\/a> <div class=\"tiled-gallery-caption\" itemprop=\"caption description\"> Parcelaria con El Mallol delante <\/div> <\/div> <\/div> <!-- close group --> <\/div> <!-- close row --> <\/div>\n<p>Des de la <strong>carretera de la Parcel\u00b7l\u00e0ria<\/strong> podeu (i \u00e9s m\u00e9s que recomanable) desviar-vos cap als <strong>pobles de Joanetes, Puigpardines, Sant Privat o El Mallol<\/strong> (els trobareu en aquest ordre). Atenci\u00f3, per\u00f2,\u00a0que els tres poblets estan damunt de turons\u00a0i\u00a0pujar-hi pot resultar\u00a0tot un repte! Si heu d&#8217;escollir-ne un,<strong> \u00a0jo us recomano Sant Privat; pugeu fins la pla\u00e7a Major del poble, que queda tancada entre cases antigues.<\/strong><\/p>\n<div class=\"tiled-gallery type-rectangular tiled-gallery-unresized\" data-original-width=\"1170\" data-carousel-extra='{&quot;blog_id&quot;:1,&quot;permalink&quot;:&quot;https:\\\/\\\/www.sempreviaggiando.com\\\/ca\\\/2015\\\/12\\\/08\\\/ruta-en-bici-dolot-als-hostalets-den-bas\\\/&quot;,&quot;likes_blog_id&quot;:12732733}' itemscope itemtype=\"http:\/\/schema.org\/ImageGallery\" > <div class=\"gallery-row\" style=\"width: 1170px; height: 268px;\" data-original-width=\"1170\" data-original-height=\"268\" > <div class=\"gallery-group images-1\" style=\"width: 180px; height: 268px;\" data-original-width=\"180\" data-original-height=\"268\" > <div class=\"tiled-gallery-item tiled-gallery-item-small\" itemprop=\"associatedMedia\" itemscope itemtype=\"http:\/\/schema.org\/ImageObject\"> <a href=\"https:\/\/www.sempreviaggiando.com\/ca\/2015\/12\/08\/ruta-en-bici-dolot-als-hostalets-den-bas\/santprivat-2\/\" border=\"0\" itemprop=\"url\"> <meta itemprop=\"width\" content=\"176\"> <meta itemprop=\"height\" content=\"264\"> <img decoding=\"async\" class=\"\" data-attachment-id=\"20089\" data-orig-file=\"https:\/\/www.sempreviaggiando.com\/wp-content\/uploads\/2015\/12\/santprivat.jpg\" data-orig-size=\"533,800\" data-comments-opened=\"\" data-image-meta=\"{&quot;aperture&quot;:&quot;0&quot;,&quot;credit&quot;:&quot;&quot;,&quot;camera&quot;:&quot;&quot;,&quot;caption&quot;:&quot;&quot;,&quot;created_timestamp&quot;:&quot;0&quot;,&quot;copyright&quot;:&quot;&quot;,&quot;focal_length&quot;:&quot;0&quot;,&quot;iso&quot;:&quot;0&quot;,&quot;shutter_speed&quot;:&quot;0&quot;,&quot;title&quot;:&quot;&quot;,&quot;orientation&quot;:&quot;0&quot;}\" data-image-title=\"sant privat\" data-image-description=\"\" data-medium-file=\"https:\/\/www.sempreviaggiando.com\/wp-content\/uploads\/2015\/12\/santprivat-200x300.jpg\" data-large-file=\"https:\/\/www.sempreviaggiando.com\/wp-content\/uploads\/2015\/12\/santprivat.jpg\" src=\"https:\/\/i0.wp.com\/www.sempreviaggiando.com\/wp-content\/uploads\/2015\/12\/santprivat.jpg?w=176&#038;h=264&#038;ssl=1\" srcset=\"https:\/\/www.sempreviaggiando.com\/wp-content\/uploads\/2015\/12\/santprivat.jpg 533w, https:\/\/www.sempreviaggiando.com\/wp-content\/uploads\/2015\/12\/santprivat-200x300.jpg 200w\" width=\"176\" height=\"264\" loading=\"lazy\" data-original-width=\"176\" data-original-height=\"264\" itemprop=\"http:\/\/schema.org\/image\" title=\"sant privat\" alt=\"Sant Privat, foto de Miquel Bohigas , via Flickr CC\" style=\"width: 176px; height: 264px;\" \/> <\/a> <div class=\"tiled-gallery-caption\" itemprop=\"caption description\"> Sant Privat, foto de Miquel Bohigas , via Flickr CC <\/div> <\/div> <\/div> <!-- close group --> <div class=\"gallery-group images-1\" style=\"width: 399px; height: 268px;\" data-original-width=\"399\" data-original-height=\"268\" > <div class=\"tiled-gallery-item tiled-gallery-item-large\" itemprop=\"associatedMedia\" itemscope itemtype=\"http:\/\/schema.org\/ImageObject\"> <a href=\"https:\/\/www.sempreviaggiando.com\/ca\/2015\/12\/08\/ruta-en-bici-dolot-als-hostalets-den-bas\/elmallol-2\/\" border=\"0\" itemprop=\"url\"> <meta itemprop=\"width\" content=\"395\"> <meta itemprop=\"height\" content=\"264\"> <img decoding=\"async\" class=\"\" data-attachment-id=\"20087\" data-orig-file=\"https:\/\/www.sempreviaggiando.com\/wp-content\/uploads\/2015\/12\/elmallol.jpg\" data-orig-size=\"640,427\" data-comments-opened=\"\" data-image-meta=\"{&quot;aperture&quot;:&quot;0&quot;,&quot;credit&quot;:&quot;&quot;,&quot;camera&quot;:&quot;&quot;,&quot;caption&quot;:&quot;&quot;,&quot;created_timestamp&quot;:&quot;0&quot;,&quot;copyright&quot;:&quot;&quot;,&quot;focal_length&quot;:&quot;0&quot;,&quot;iso&quot;:&quot;0&quot;,&quot;shutter_speed&quot;:&quot;0&quot;,&quot;title&quot;:&quot;&quot;,&quot;orientation&quot;:&quot;0&quot;}\" data-image-title=\"el mallol\" data-image-description=\"\" data-medium-file=\"https:\/\/www.sempreviaggiando.com\/wp-content\/uploads\/2015\/12\/elmallol-300x200.jpg\" data-large-file=\"https:\/\/www.sempreviaggiando.com\/wp-content\/uploads\/2015\/12\/elmallol.jpg\" src=\"https:\/\/i0.wp.com\/www.sempreviaggiando.com\/wp-content\/uploads\/2015\/12\/elmallol.jpg?w=395&#038;h=264&#038;ssl=1\" srcset=\"https:\/\/www.sempreviaggiando.com\/wp-content\/uploads\/2015\/12\/elmallol.jpg 640w, https:\/\/www.sempreviaggiando.com\/wp-content\/uploads\/2015\/12\/elmallol-300x200.jpg 300w\" width=\"395\" height=\"264\" loading=\"lazy\" data-original-width=\"395\" data-original-height=\"264\" itemprop=\"http:\/\/schema.org\/image\" title=\"el mallol\" alt=\"El Mallol, foto de Robert Torres. Via Flickr CC\" style=\"width: 395px; height: 264px;\" \/> <\/a> <div class=\"tiled-gallery-caption\" itemprop=\"caption description\"> El Mallol, foto de Robert Torres. Via Flickr CC <\/div> <\/div> <\/div> <!-- close group --> <div class=\"gallery-group images-1\" style=\"width: 591px; height: 268px;\" data-original-width=\"591\" data-original-height=\"268\" > <div class=\"tiled-gallery-item tiled-gallery-item-large\" itemprop=\"associatedMedia\" itemscope itemtype=\"http:\/\/schema.org\/ImageObject\"> <a href=\"https:\/\/www.sempreviaggiando.com\/ca\/2015\/12\/08\/ruta-en-bici-dolot-als-hostalets-den-bas\/joanetes-2\/\" border=\"0\" itemprop=\"url\"> <meta itemprop=\"width\" content=\"587\"> <meta itemprop=\"height\" content=\"264\"> <img decoding=\"async\" class=\"\" data-attachment-id=\"20088\" data-orig-file=\"https:\/\/www.sempreviaggiando.com\/wp-content\/uploads\/2015\/12\/joanetes.jpg\" data-orig-size=\"1024,460\" data-comments-opened=\"\" data-image-meta=\"{&quot;aperture&quot;:&quot;0&quot;,&quot;credit&quot;:&quot;&quot;,&quot;camera&quot;:&quot;&quot;,&quot;caption&quot;:&quot;&quot;,&quot;created_timestamp&quot;:&quot;0&quot;,&quot;copyright&quot;:&quot;&quot;,&quot;focal_length&quot;:&quot;0&quot;,&quot;iso&quot;:&quot;0&quot;,&quot;shutter_speed&quot;:&quot;0&quot;,&quot;title&quot;:&quot;&quot;,&quot;orientation&quot;:&quot;0&quot;}\" data-image-title=\"joanetes\" data-image-description=\"\" data-medium-file=\"https:\/\/www.sempreviaggiando.com\/wp-content\/uploads\/2015\/12\/joanetes-300x135.jpg\" data-large-file=\"https:\/\/www.sempreviaggiando.com\/wp-content\/uploads\/2015\/12\/joanetes-1024x460.jpg\" src=\"https:\/\/i0.wp.com\/www.sempreviaggiando.com\/wp-content\/uploads\/2015\/12\/joanetes.jpg?w=587&#038;h=264&#038;ssl=1\" srcset=\"https:\/\/www.sempreviaggiando.com\/wp-content\/uploads\/2015\/12\/joanetes.jpg 1024w, https:\/\/www.sempreviaggiando.com\/wp-content\/uploads\/2015\/12\/joanetes-300x135.jpg 300w\" width=\"587\" height=\"264\" loading=\"lazy\" data-original-width=\"587\" data-original-height=\"264\" itemprop=\"http:\/\/schema.org\/image\" title=\"joanetes\" alt=\"Joanetes, foto de levilo - Leandre. Via Flickr CC\" style=\"width: 587px; height: 264px;\" \/> <\/a> <div class=\"tiled-gallery-caption\" itemprop=\"caption description\"> Joanetes, foto de levilo &#8211; Leandre. Via Flickr CC <\/div> <\/div> <\/div> <!-- close group --> <\/div> <!-- close row --> <\/div>\n<p>Passat El Mallol, podeu <strong>seguir cap al Ve\u00efnat Cirera tot continuant\u00a0la Parcel\u00b7l\u00e0ria<\/strong>. En pocs quil\u00f2metres arribareu a l&#8217;encreuament amb la ruta del Carrilet (que heu passat abans); seguiu per aqu\u00ed, desfent el cam\u00ed per on ven\u00edeu al principi. Tornareu a passar al Parc de Pedratosca, el Bar Codella i la pista d&#8217;Atletisme, fins arribar a les fonts de Sant Roc altra vegada i finalment aparcar les vostres bicis al Centre Log\u00edstic.<\/p>\n<p><em><strong>Nota:<\/strong> si la ruta us sembla curta, podeu allargar 10km m\u00e9s passant per La Pinya i Riudaura i entrant a Olot per l&#8217;altre costat. Al Centre Log\u00edstic de Biciletes us donaran m\u00e9s detalls sobre com seguir aquesta extensi\u00f3.<\/em><\/p>\n<p><strong>Bona\u00a0ruta!<\/strong><\/p>\n","protected":false},"excerpt":{"rendered":"<p>Esta entrada tambi\u00e9n est\u00e1 disponible en castellano [summary]Una de les activitats m\u00e9s boniques a fer si passes uns dies a Olot o a La Garrotxa \u00e9s la ruta en\u00a0bici que va des d&#8217;Olot fins als Hostalets d&#8217;en Bas, atravessant la Vall d&#8217;en Bas.[\/summary] \u00c9s l&#8217;anomenada &#8220;Ruta del Carrilet&#8221; i forma part de la Via Verda<\/p>\n<div class=\"read-more-wrapper\"><a class=\"read-more\" href=\"https:\/\/www.sempreviaggiando.com\/ca\/2015\/12\/08\/ruta-en-bici-dolot-als-hostalets-den-bas\/\" title=\"Read More\"> <span class=\"button \">Read More<\/span><\/a><\/div>\n","protected":false},"author":2,"featured_media":14417,"comment_status":"closed","ping_status":"closed","sticky":false,"template":"","format":"standard","meta":{"_acf_changed":false,"_bos_mb_destination":[""],"_jetpack_memberships_contains_paid_content":false,"footnotes":""},"categories":[121],"tags":[],"class_list":["post-14448","post","type-post","status-publish","format-standard","has-post-thumbnail","hentry","category-rutes-per-catalunya"],"acf":[],"jetpack_featured_media_url":"https:\/\/www.sempreviaggiando.com\/wp-content\/uploads\/2015\/12\/bicicarril_olot_5.jpg","jetpack_sharing_enabled":true,"_links":{"self":[{"href":"https:\/\/www.sempreviaggiando.com\/ca\/wp-json\/wp\/v2\/posts\/14448","targetHints":{"allow":["GET"]}}],"collection":[{"href":"https:\/\/www.sempreviaggiando.com\/ca\/wp-json\/wp\/v2\/posts"}],"about":[{"href":"https:\/\/www.sempreviaggiando.com\/ca\/wp-json\/wp\/v2\/types\/post"}],"author":[{"embeddable":true,"href":"https:\/\/www.sempreviaggiando.com\/ca\/wp-json\/wp\/v2\/users\/2"}],"replies":[{"embeddable":true,"href":"https:\/\/www.sempreviaggiando.com\/ca\/wp-json\/wp\/v2\/comments?post=14448"}],"version-history":[{"count":9,"href":"https:\/\/www.sempreviaggiando.com\/ca\/wp-json\/wp\/v2\/posts\/14448\/revisions"}],"predecessor-version":[{"id":17319,"href":"https:\/\/www.sempreviaggiando.com\/ca\/wp-json\/wp\/v2\/posts\/14448\/revisions\/17319"}],"wp:featuredmedia":[{"embeddable":true,"href":"https:\/\/www.sempreviaggiando.com\/ca\/wp-json\/wp\/v2\/media\/14417"}],"wp:attachment":[{"href":"https:\/\/www.sempreviaggiando.com\/ca\/wp-json\/wp\/v2\/media?parent=14448"}],"wp:term":[{"taxonomy":"category","embeddable":true,"href":"https:\/\/www.sempreviaggiando.com\/ca\/wp-json\/wp\/v2\/categories?post=14448"},{"taxonomy":"post_tag","embeddable":true,"href":"https:\/\/www.sempreviaggiando.com\/ca\/wp-json\/wp\/v2\/tags?post=14448"}],"curies":[{"name":"wp","href":"https:\/\/api.w.org\/{rel}","templated":true}]}}