{"id":15131,"date":"2016-05-30T16:44:26","date_gmt":"2016-05-30T14:44:26","guid":{"rendered":"http:\/\/www.sempreviaggiando.com\/?p=15131"},"modified":"2016-05-31T13:32:36","modified_gmt":"2016-05-31T11:32:36","slug":"escapada-rural-amb-nens-a-girona","status":"publish","type":"post","link":"https:\/\/www.sempreviaggiando.com\/ca\/2016\/05\/30\/escapada-rural-amb-nens-a-girona\/","title":{"rendered":"Un cap de setmana rural, familiar i divertit a Girona"},"content":{"rendered":"<p>[summary]<strong>Perqu\u00e8 un cap de setmana sigui rural, familiar i divertit calen tres coses<\/strong>: 1. una casa rural adaptada per anar-hi amb nens (i dic casa i no hotel perqu\u00e8 aix\u00f2\u00a0de tenir cuina ja \u00e9s gaireb\u00e9 una obligaci\u00f3 ara que som tres); 2. activitats i jocs perqu\u00e8 s&#8217;ho passin d&#8217;all\u00f2 m\u00e9s b\u00e9; i 3. un entorn\u00a0preci\u00f3s enmig de la natura. <strong>Benvinguts al\u00a0<a href=\"http:\/\/www.nusdepedra.com\" target=\"_blank\" rel=\"nofollow\">Nus de Pedra<\/a><\/strong>, <strong>el parad\u00eds de les escapades rurals en fam\u00edlia!<\/strong>[\/summary]<\/p>\n<p><strong>All\u00f2 de que\u00a0<a href=\"http:\/\/www.sempreviaggiando.com\/tag\/con-ninos\/\" target=\"_blank\">viatjar amb nens<\/a> \u00e9s una altra hist\u00f2ria tothom ho sap, per\u00f2 fins que no ets pare o mare no t&#8217;adones de\u00a0com\u00a0que canvia la teva forma de moure&#8217;t i organitzar les escapades.<\/strong> Quan decideixes fer el mandr\u00f3s\u00a0diumenge, ells decideixen que a les 7h ja \u00e9s hora de llevar-se; quan aniries a fer una capbussada, decideixen dormir una migdiada a mig mat\u00ed; quan vols\u00a0anar a fer un tomb, diuen que ja en tenen prou de cotxe per avui; i quan pensaries on anar a menjar fora, et recorden que a les 20h has de ser\u00a0a casa per banyar-los i acompanyar-los a dormir.<\/p>\n<p><strong>Aquest cap de setmana hem tornat al\u00a0<strong><a href=\"http:\/\/www.nusdepedra.com\" target=\"_blank\" rel=\"nofollow\">Nus de Pedra<\/a><\/strong>, la masia rural <a href=\"http:\/\/www.sempreviaggiando.com\/2013\/06\/06\/fotos-de-una-boda-rural-hipster\/\" target=\"_blank\">on\u00a0ens vam casar fa (ja!) tres anys<\/a>.<\/strong> Per\u00f2 aquest cop hi hem\u00a0tornar amb la nostra petita O per fer-hi\u00a0<strong>un cap de setmana en fam\u00edlia<\/strong> i passar-ho d&#8217;all\u00f2 m\u00e9s b\u00e9 fent mil coses: gallines, joguines, piscines, passejos en\u00a0bici i excursions per la natura.<strong>\u00a0<\/strong><\/p>\n<div id=\"attachment_15081\" style=\"width: 1290px\" class=\"wp-caption aligncenter\"><img loading=\"lazy\" decoding=\"async\" aria-describedby=\"caption-attachment-15081\" class=\"size-full wp-image-15081\" src=\"http:\/\/www.sempreviaggiando.com\/wp-content\/uploads\/2016\/05\/nus-de-pedra-13.jpg\" alt=\"Jugando a piedrecitas donde mam\u00e1 y pap\u00e1 se dieron el s\u00ed quiero\" width=\"1280\" height=\"960\" srcset=\"https:\/\/www.sempreviaggiando.com\/wp-content\/uploads\/2016\/05\/nus-de-pedra-13.jpg 1280w, https:\/\/www.sempreviaggiando.com\/wp-content\/uploads\/2016\/05\/nus-de-pedra-13-300x225.jpg 300w, https:\/\/www.sempreviaggiando.com\/wp-content\/uploads\/2016\/05\/nus-de-pedra-13-768x576.jpg 768w, https:\/\/www.sempreviaggiando.com\/wp-content\/uploads\/2016\/05\/nus-de-pedra-13-1024x768.jpg 1024w, https:\/\/www.sempreviaggiando.com\/wp-content\/uploads\/2016\/05\/nus-de-pedra-13-400x300.jpg 400w\" sizes=\"auto, (max-width: 1280px) 100vw, 1280px\" \/><p id=\"caption-attachment-15081\" class=\"wp-caption-text\">Jugando a piedrecitas donde mam\u00e1 y pap\u00e1 se dieron el s\u00ed quiero<\/p><\/div>\n<p><strong>Al Nus ens hem sentit com a casa, amb el nostre propi apartament i les nostres rutines seguides a ritme infantil.<\/strong> Aquesta era la segona escapada que fem amb l&#8217;O; la primera (en un aparthotel a Tarragona) va ser una mica desastre. <strong>Aquest cop, hem estat MOLT b\u00e9 tots\u00a0tres. I bona part de l&#8217;\u00e8xit \u00e9s la bona preparaci\u00f3 del Nus per rebre a fam\u00edlies amb nens &#8211; nadons i no tan nadons.<\/strong><\/p>\n<p><img loading=\"lazy\" decoding=\"async\" class=\"size-full wp-image-15084\" src=\"http:\/\/www.sempreviaggiando.com\/wp-content\/uploads\/2016\/05\/nus-de-pedra-16.jpg\" alt=\"OLYMPUS DIGITAL CAMERA\" width=\"1280\" height=\"960\" srcset=\"https:\/\/www.sempreviaggiando.com\/wp-content\/uploads\/2016\/05\/nus-de-pedra-16.jpg 1280w, https:\/\/www.sempreviaggiando.com\/wp-content\/uploads\/2016\/05\/nus-de-pedra-16-300x225.jpg 300w, https:\/\/www.sempreviaggiando.com\/wp-content\/uploads\/2016\/05\/nus-de-pedra-16-768x576.jpg 768w, https:\/\/www.sempreviaggiando.com\/wp-content\/uploads\/2016\/05\/nus-de-pedra-16-1024x768.jpg 1024w, https:\/\/www.sempreviaggiando.com\/wp-content\/uploads\/2016\/05\/nus-de-pedra-16-400x300.jpg 400w\" sizes=\"auto, (max-width: 1280px) 100vw, 1280px\" \/><\/p>\n<p><strong>El Nus \u00e9s una masia rural que disposa de<\/strong> <strong>8 apartaments rurals independents distribu\u00efts en el\u00a0seu preci\u00f3s jard\u00ed<\/strong>. Ens vam allotjar a<strong> l&#8217;apartament &#8220;<a href=\"http:\/\/elnusdepedra.com\/cat\/apartaments-rurals.html\" target=\"_blank\" rel=\"nofollow\">El Graner<\/a>&#8220;<\/strong>, situat davant de l&#8217;era de la casa &#8211; i amb les mateixes vistes que el dia que ens vam casar \ud83d\ude42 Cada apartament disposa d&#8217;una cuina hiper preparada (batedora, torradora, paelles, olles, rentaplats, nevera, congelador, microones, bullidor i tot el necessari per cuinar tranquils), sala d&#8217;estar, terrassa, bany i habitaci\u00f3. Hi ha tamb\u00e9 rentadora i estenedor a disposici\u00f3 dels hostes.<\/p>\n<div id=\"attachment_15079\" style=\"width: 1290px\" class=\"wp-caption aligncenter\"><img loading=\"lazy\" decoding=\"async\" aria-describedby=\"caption-attachment-15079\" class=\"wp-image-15079 size-full\" src=\"http:\/\/www.sempreviaggiando.com\/wp-content\/uploads\/2016\/05\/nus-de-pedra-11.jpg\" alt=\"nus-de-pedra - 11\" width=\"1280\" height=\"960\" srcset=\"https:\/\/www.sempreviaggiando.com\/wp-content\/uploads\/2016\/05\/nus-de-pedra-11.jpg 1280w, https:\/\/www.sempreviaggiando.com\/wp-content\/uploads\/2016\/05\/nus-de-pedra-11-300x225.jpg 300w, https:\/\/www.sempreviaggiando.com\/wp-content\/uploads\/2016\/05\/nus-de-pedra-11-768x576.jpg 768w, https:\/\/www.sempreviaggiando.com\/wp-content\/uploads\/2016\/05\/nus-de-pedra-11-1024x768.jpg 1024w, https:\/\/www.sempreviaggiando.com\/wp-content\/uploads\/2016\/05\/nus-de-pedra-11-400x300.jpg 400w\" sizes=\"auto, (max-width: 1280px) 100vw, 1280px\" \/><p id=\"caption-attachment-15079\" class=\"wp-caption-text\">O jugando delante del apartamento &#8220;El Graner&#8221;<\/p><\/div>\n<p><strong>Si l&#8217;O pogu\u00e9s parlar li preguntaria qu\u00e8 \u00e9s el que m\u00e9s li va agradar del cap de setmana.<\/strong> Imagino que em respondria que li va agradar molt banyar-se en aquella\u00a0<strong>enorme banyera anomenada &#8220;piscina&#8221;<\/strong> (per primer\u00a0cop), i que tamb\u00e9 va gaudir jugant amb <strong>les\u00a0mil i un joguines<\/strong> disponibles a la casa. Tot i\u00a0que potser em diria que li va agradar molt <strong>veure les gallines<\/strong>; o potser hauria triat la <strong>passejada\u00a0en bici<\/strong>? Ara que ho penso, donar voltes pel jard\u00ed <strong>damunt de la moto<\/strong> de joguina\u00a0tamb\u00e9 li va agradar molt; i \u00a0<strong>jugar amb les pedretes<\/strong>\u00a0a l&#8217;era el\u00a0mat\u00ed de diumenge no va estar gens malament tampoc &#8211; tot un descobriment. <strong>I que els avis d&#8217;Hospitalet<\/strong> vinguessin a passar el cap de setmana amb nosaltres i ens acompanyessin d&#8217;excursi\u00f3 hauria fet el podi,\u00a0segur! Passejar-se de bra\u00e7 en bra\u00e7\u00a0sempre \u00e9s un gran pla \ud83d\ude42<\/p>\n<div class=\"tiled-gallery type-rectangular tiled-gallery-unresized\" data-original-width=\"1170\" data-carousel-extra='{&quot;blog_id&quot;:1,&quot;permalink&quot;:&quot;https:\\\/\\\/www.sempreviaggiando.com\\\/ca\\\/2016\\\/05\\\/30\\\/escapada-rural-amb-nens-a-girona\\\/&quot;,&quot;likes_blog_id&quot;:12732733}' itemscope itemtype=\"http:\/\/schema.org\/ImageGallery\" > <div class=\"gallery-row\" style=\"width: 1170px; height: 586px;\" data-original-width=\"1170\" data-original-height=\"586\" > <div class=\"gallery-group images-1\" style=\"width: 780px; height: 586px;\" data-original-width=\"780\" data-original-height=\"586\" > <div class=\"tiled-gallery-item tiled-gallery-item-large\" itemprop=\"associatedMedia\" itemscope itemtype=\"http:\/\/schema.org\/ImageObject\"> <a href=\"https:\/\/www.sempreviaggiando.com\/ca\/dav-40-2\/\" border=\"0\" itemprop=\"url\"> <meta itemprop=\"width\" content=\"776\"> <meta itemprop=\"height\" content=\"582\"> <img decoding=\"async\" class=\"\" data-attachment-id=\"20246\" data-orig-file=\"https:\/\/www.sempreviaggiando.com\/wp-content\/uploads\/2016\/05\/nus-de-pedra-15.jpg\" data-orig-size=\"1280,960\" data-comments-opened=\"\" data-image-meta=\"{&quot;aperture&quot;:&quot;2&quot;,&quot;credit&quot;:&quot;&quot;,&quot;camera&quot;:&quot;HUAWEI GRA-L09&quot;,&quot;caption&quot;:&quot;dav&quot;,&quot;created_timestamp&quot;:&quot;1464521488&quot;,&quot;copyright&quot;:&quot;&quot;,&quot;focal_length&quot;:&quot;3.83&quot;,&quot;iso&quot;:&quot;64&quot;,&quot;shutter_speed&quot;:&quot;0.0010440000405437&quot;,&quot;title&quot;:&quot;dav&quot;,&quot;orientation&quot;:&quot;1&quot;}\" data-image-title=\"Con ni\u00f1os en bici por Girona\" data-image-description=\"\" data-medium-file=\"https:\/\/www.sempreviaggiando.com\/wp-content\/uploads\/2016\/05\/nus-de-pedra-15-300x225.jpg\" data-large-file=\"https:\/\/www.sempreviaggiando.com\/wp-content\/uploads\/2016\/05\/nus-de-pedra-15-1024x768.jpg\" src=\"https:\/\/i0.wp.com\/www.sempreviaggiando.com\/wp-content\/uploads\/2016\/05\/nus-de-pedra-15.jpg?w=776&#038;h=582&#038;ssl=1\" srcset=\"https:\/\/www.sempreviaggiando.com\/wp-content\/uploads\/2016\/05\/nus-de-pedra-15.jpg 1280w, https:\/\/www.sempreviaggiando.com\/wp-content\/uploads\/2016\/05\/nus-de-pedra-15-300x225.jpg 300w, https:\/\/www.sempreviaggiando.com\/wp-content\/uploads\/2016\/05\/nus-de-pedra-15-768x576.jpg 768w, https:\/\/www.sempreviaggiando.com\/wp-content\/uploads\/2016\/05\/nus-de-pedra-15-1024x768.jpg 1024w, https:\/\/www.sempreviaggiando.com\/wp-content\/uploads\/2016\/05\/nus-de-pedra-15-400x300.jpg 400w\" width=\"776\" height=\"582\" loading=\"lazy\" data-original-width=\"776\" data-original-height=\"582\" itemprop=\"http:\/\/schema.org\/image\" title=\"Con ni\u00f1os en bici por Girona\" alt=\"Con ni\u00f1os en bici por Girona\" style=\"width: 776px; height: 582px;\" \/> <\/a> <\/div> <\/div> <!-- close group --> <div class=\"gallery-group images-2\" style=\"width: 390px; height: 586px;\" data-original-width=\"390\" data-original-height=\"586\" > <div class=\"tiled-gallery-item tiled-gallery-item-large\" itemprop=\"associatedMedia\" itemscope itemtype=\"http:\/\/schema.org\/ImageObject\"> <a href=\"https:\/\/www.sempreviaggiando.com\/ca\/dav-39-2\/\" border=\"0\" itemprop=\"url\"> <meta itemprop=\"width\" content=\"386\"> <meta itemprop=\"height\" content=\"289\"> <img decoding=\"async\" class=\"\" data-attachment-id=\"20241\" data-orig-file=\"https:\/\/www.sempreviaggiando.com\/wp-content\/uploads\/2016\/05\/nus-de-pedra-10.jpg\" data-orig-size=\"1280,960\" data-comments-opened=\"\" data-image-meta=\"{&quot;aperture&quot;:&quot;2&quot;,&quot;credit&quot;:&quot;&quot;,&quot;camera&quot;:&quot;HUAWEI GRA-L09&quot;,&quot;caption&quot;:&quot;dav&quot;,&quot;created_timestamp&quot;:&quot;1464463938&quot;,&quot;copyright&quot;:&quot;&quot;,&quot;focal_length&quot;:&quot;3.83&quot;,&quot;iso&quot;:&quot;64&quot;,&quot;shutter_speed&quot;:&quot;0.000768&quot;,&quot;title&quot;:&quot;dav&quot;,&quot;orientation&quot;:&quot;1&quot;}\" data-image-title=\"dav\" data-image-description=\"\" data-medium-file=\"https:\/\/www.sempreviaggiando.com\/wp-content\/uploads\/2016\/05\/nus-de-pedra-10-300x225.jpg\" data-large-file=\"https:\/\/www.sempreviaggiando.com\/wp-content\/uploads\/2016\/05\/nus-de-pedra-10-1024x768.jpg\" src=\"https:\/\/i0.wp.com\/www.sempreviaggiando.com\/wp-content\/uploads\/2016\/05\/nus-de-pedra-10.jpg?w=386&#038;h=289&#038;ssl=1\" srcset=\"https:\/\/www.sempreviaggiando.com\/wp-content\/uploads\/2016\/05\/nus-de-pedra-10.jpg 1280w, https:\/\/www.sempreviaggiando.com\/wp-content\/uploads\/2016\/05\/nus-de-pedra-10-300x225.jpg 300w, https:\/\/www.sempreviaggiando.com\/wp-content\/uploads\/2016\/05\/nus-de-pedra-10-768x576.jpg 768w, https:\/\/www.sempreviaggiando.com\/wp-content\/uploads\/2016\/05\/nus-de-pedra-10-1024x768.jpg 1024w, https:\/\/www.sempreviaggiando.com\/wp-content\/uploads\/2016\/05\/nus-de-pedra-10-400x300.jpg 400w\" width=\"386\" height=\"289\" loading=\"lazy\" data-original-width=\"386\" data-original-height=\"289\" itemprop=\"http:\/\/schema.org\/image\" title=\"dav\" alt=\"dav\" style=\"width: 386px; height: 289px;\" \/> <\/a> <\/div> <div class=\"tiled-gallery-item tiled-gallery-item-large\" itemprop=\"associatedMedia\" itemscope itemtype=\"http:\/\/schema.org\/ImageObject\"> <a href=\"https:\/\/www.sempreviaggiando.com\/ca\/olympus-digital-camera-828-2\/\" border=\"0\" itemprop=\"url\"> <meta itemprop=\"width\" content=\"386\"> <meta itemprop=\"height\" content=\"289\"> <img decoding=\"async\" class=\"\" data-attachment-id=\"20249\" data-orig-file=\"https:\/\/www.sempreviaggiando.com\/wp-content\/uploads\/2016\/05\/nus-de-pedra-18.jpg\" data-orig-size=\"1280,960\" data-comments-opened=\"\" data-image-meta=\"{&quot;aperture&quot;:&quot;8&quot;,&quot;credit&quot;:&quot;&quot;,&quot;camera&quot;:&quot;TG-2&quot;,&quot;caption&quot;:&quot;OLYMPUS DIGITAL CAMERA&quot;,&quot;created_timestamp&quot;:&quot;1464524486&quot;,&quot;copyright&quot;:&quot;&quot;,&quot;focal_length&quot;:&quot;4.5&quot;,&quot;iso&quot;:&quot;100&quot;,&quot;shutter_speed&quot;:&quot;0.0015625&quot;,&quot;title&quot;:&quot;OLYMPUS DIGITAL CAMERA&quot;,&quot;orientation&quot;:&quot;1&quot;}\" data-image-title=\"El Nus de Pedra\" data-image-description=\"\" data-medium-file=\"https:\/\/www.sempreviaggiando.com\/wp-content\/uploads\/2016\/05\/nus-de-pedra-18-300x225.jpg\" data-large-file=\"https:\/\/www.sempreviaggiando.com\/wp-content\/uploads\/2016\/05\/nus-de-pedra-18-1024x768.jpg\" src=\"https:\/\/i0.wp.com\/www.sempreviaggiando.com\/wp-content\/uploads\/2016\/05\/nus-de-pedra-18.jpg?w=386&#038;h=289&#038;ssl=1\" srcset=\"https:\/\/www.sempreviaggiando.com\/wp-content\/uploads\/2016\/05\/nus-de-pedra-18.jpg 1280w, https:\/\/www.sempreviaggiando.com\/wp-content\/uploads\/2016\/05\/nus-de-pedra-18-300x225.jpg 300w, https:\/\/www.sempreviaggiando.com\/wp-content\/uploads\/2016\/05\/nus-de-pedra-18-768x576.jpg 768w, https:\/\/www.sempreviaggiando.com\/wp-content\/uploads\/2016\/05\/nus-de-pedra-18-1024x768.jpg 1024w, https:\/\/www.sempreviaggiando.com\/wp-content\/uploads\/2016\/05\/nus-de-pedra-18-400x300.jpg 400w\" width=\"386\" height=\"289\" loading=\"lazy\" data-original-width=\"386\" data-original-height=\"289\" itemprop=\"http:\/\/schema.org\/image\" title=\"El Nus de Pedra\" alt=\"El Nus de Pedra\" style=\"width: 386px; height: 289px;\" \/> <\/a> <\/div> <\/div> <!-- close group --> <\/div> <!-- close row --> <div class=\"gallery-row\" style=\"width: 1170px; height: 440px;\" data-original-width=\"1170\" data-original-height=\"440\" > <div class=\"gallery-group images-1\" style=\"width: 585px; height: 440px;\" data-original-width=\"585\" data-original-height=\"440\" > <div class=\"tiled-gallery-item tiled-gallery-item-large\" itemprop=\"associatedMedia\" itemscope itemtype=\"http:\/\/schema.org\/ImageObject\"> <a href=\"https:\/\/www.sempreviaggiando.com\/ca\/dav-38-2\/\" border=\"0\" itemprop=\"url\"> <meta itemprop=\"width\" content=\"581\"> <meta itemprop=\"height\" content=\"436\"> <img decoding=\"async\" class=\"\" data-attachment-id=\"20238\" data-orig-file=\"https:\/\/www.sempreviaggiando.com\/wp-content\/uploads\/2016\/05\/nus-de-pedra-7.jpg\" data-orig-size=\"1280,960\" data-comments-opened=\"\" data-image-meta=\"{&quot;aperture&quot;:&quot;2&quot;,&quot;credit&quot;:&quot;&quot;,&quot;camera&quot;:&quot;HUAWEI GRA-L09&quot;,&quot;caption&quot;:&quot;dav&quot;,&quot;created_timestamp&quot;:&quot;1464462351&quot;,&quot;copyright&quot;:&quot;&quot;,&quot;focal_length&quot;:&quot;3.83&quot;,&quot;iso&quot;:&quot;64&quot;,&quot;shutter_speed&quot;:&quot;0.000816&quot;,&quot;title&quot;:&quot;dav&quot;,&quot;orientation&quot;:&quot;1&quot;}\" data-image-title=\"Nus de Pedra\" data-image-description=\"\" data-medium-file=\"https:\/\/www.sempreviaggiando.com\/wp-content\/uploads\/2016\/05\/nus-de-pedra-7-300x225.jpg\" data-large-file=\"https:\/\/www.sempreviaggiando.com\/wp-content\/uploads\/2016\/05\/nus-de-pedra-7-1024x768.jpg\" src=\"https:\/\/i0.wp.com\/www.sempreviaggiando.com\/wp-content\/uploads\/2016\/05\/nus-de-pedra-7.jpg?w=581&#038;h=436&#038;ssl=1\" srcset=\"https:\/\/www.sempreviaggiando.com\/wp-content\/uploads\/2016\/05\/nus-de-pedra-7.jpg 1280w, https:\/\/www.sempreviaggiando.com\/wp-content\/uploads\/2016\/05\/nus-de-pedra-7-300x225.jpg 300w, https:\/\/www.sempreviaggiando.com\/wp-content\/uploads\/2016\/05\/nus-de-pedra-7-768x576.jpg 768w, https:\/\/www.sempreviaggiando.com\/wp-content\/uploads\/2016\/05\/nus-de-pedra-7-1024x768.jpg 1024w, https:\/\/www.sempreviaggiando.com\/wp-content\/uploads\/2016\/05\/nus-de-pedra-7-400x300.jpg 400w\" width=\"581\" height=\"436\" loading=\"lazy\" data-original-width=\"581\" data-original-height=\"436\" itemprop=\"http:\/\/schema.org\/image\" title=\"Nus de Pedra\" alt=\"Nus de Pedra\" style=\"width: 581px; height: 436px;\" \/> <\/a> <\/div> <\/div> <!-- close group --> <div class=\"gallery-group images-1\" style=\"width: 585px; height: 440px;\" data-original-width=\"585\" data-original-height=\"440\" > <div class=\"tiled-gallery-item tiled-gallery-item-large\" itemprop=\"associatedMedia\" itemscope itemtype=\"http:\/\/schema.org\/ImageObject\"> <a href=\"https:\/\/www.sempreviaggiando.com\/ca\/nus-de-pedra-14-2\/\" border=\"0\" itemprop=\"url\"> <meta itemprop=\"width\" content=\"581\"> <meta itemprop=\"height\" content=\"436\"> <img decoding=\"async\" class=\"\" data-attachment-id=\"20245\" data-orig-file=\"https:\/\/www.sempreviaggiando.com\/wp-content\/uploads\/2016\/05\/nus-de-pedra-14.jpg\" data-orig-size=\"1280,960\" data-comments-opened=\"\" data-image-meta=\"{&quot;aperture&quot;:&quot;2&quot;,&quot;credit&quot;:&quot;&quot;,&quot;camera&quot;:&quot;XT1572&quot;,&quot;caption&quot;:&quot;&quot;,&quot;created_timestamp&quot;:&quot;1464519375&quot;,&quot;copyright&quot;:&quot;&quot;,&quot;focal_length&quot;:&quot;4.67&quot;,&quot;iso&quot;:&quot;50&quot;,&quot;shutter_speed&quot;:&quot;0.00323&quot;,&quot;title&quot;:&quot;&quot;,&quot;orientation&quot;:&quot;1&quot;}\" data-image-title=\"Gallinas Nus de Pedra\" data-image-description=\"\" data-medium-file=\"https:\/\/www.sempreviaggiando.com\/wp-content\/uploads\/2016\/05\/nus-de-pedra-14-300x225.jpg\" data-large-file=\"https:\/\/www.sempreviaggiando.com\/wp-content\/uploads\/2016\/05\/nus-de-pedra-14-1024x768.jpg\" src=\"https:\/\/i0.wp.com\/www.sempreviaggiando.com\/wp-content\/uploads\/2016\/05\/nus-de-pedra-14.jpg?w=581&#038;h=436&#038;ssl=1\" srcset=\"https:\/\/www.sempreviaggiando.com\/wp-content\/uploads\/2016\/05\/nus-de-pedra-14.jpg 1280w, https:\/\/www.sempreviaggiando.com\/wp-content\/uploads\/2016\/05\/nus-de-pedra-14-300x225.jpg 300w, https:\/\/www.sempreviaggiando.com\/wp-content\/uploads\/2016\/05\/nus-de-pedra-14-768x576.jpg 768w, https:\/\/www.sempreviaggiando.com\/wp-content\/uploads\/2016\/05\/nus-de-pedra-14-1024x768.jpg 1024w, https:\/\/www.sempreviaggiando.com\/wp-content\/uploads\/2016\/05\/nus-de-pedra-14-400x300.jpg 400w\" width=\"581\" height=\"436\" loading=\"lazy\" data-original-width=\"581\" data-original-height=\"436\" itemprop=\"http:\/\/schema.org\/image\" title=\"Gallinas Nus de Pedra\" alt=\"Gallinas Nus de Pedra\" style=\"width: 581px; height: 436px;\" \/> <\/a> <\/div> <\/div> <!-- close group --> <\/div> <!-- close row --> <\/div>\n<p><strong>No em cansar\u00e9 mai de recomanar el Nus de Pedra<\/strong> a tothom que vulgui passar un cap de setmana de relax, envoltat de natura i <strong>molt a prop de Girona i Costa Brava<\/strong>. I em consta que molta altra gent tamb\u00e9 ho recomana: <strong><a href=\"http:\/\/www.escapadarural.com\/ranking-casas-rurales-2014\" target=\"_blank\" rel=\"nofollow\">han estat\u00a0escollits\u00a0com el 3r millor allotjament rural\u00a0de l&#8217;Estat Espanyol<\/a><\/strong>!<\/p>\n<p>A m\u00e9s a m\u00e9s, per\u00f2, ara que hi hem anat amb la nostra petita, us diria que <strong>\u00e9s el lloc ideal per una\u00a0escapada amb nens.<\/strong><\/p>\n<h4><strong>Bons motius\u00a0pels quals escollir el Nus de Pedra per una escapada amb nens:<\/strong><\/h4>\n<ul>\n<li>Perqu\u00e8 no caldr\u00e0 que dugueu\u00a0joguines. A la casa rural hi ha una<strong> sala de jocs enorme plena de joguines de tot tipus i per a totes les edats<\/strong>: nines, cotxes i camions, un supermercat, llibres i contes, pilotes, peluixos, joguines per als nadons&#8230; i just al costat de la sala de jocs interior: una sala de billar i una sala d&#8217;estar amb sof\u00e0s.<\/li>\n<li>Quan sigueu\u00a0al jard\u00ed podreu fer servir\u00a0tamb\u00e9 <strong>les motos, els carros i tractors de joguina<\/strong>, a m\u00e9s a m\u00e9s de les <strong>pilotes, galledes i pales<\/strong>.<\/li>\n<li>Si el vostre fill no vol jugar amb joguines, tranquils: hi ha taula de<strong> ping-pong, canasta de b\u00e0squet, tobogan i gronxador<\/strong>! (fins i tot un gronxador adaptat per a nadons).<\/li>\n<li><strong>Els apartaments estan adaptats per a nadons tamb\u00e9<\/strong>. Poden deixar-vos trones infantils, bressol i les escales tenen tanca de seguretat.<\/li>\n<li>A l&#8217;estiu <strong>la piscina<\/strong> \u00e9s un aut\u00e8ntic plaer &#8211; igual que ho \u00e9s menjar fora, ja sigui a\u00a0la terrassa del vostre apartament o b\u00e9 al porxo de la piscina.<\/li>\n<li>Hi ha <strong>barbacoa i taules de p\u00edcnic sota els arbres<\/strong>. Perfectes per menjar fora.<\/li>\n<li>Tenen <strong>gallines<\/strong> (felices) i un hort.<\/li>\n<li>Disposen de <strong>bicicletes per als hostes\u00a0(gratu\u00eftes) i tenen cadira infantil i bicis per a nens<\/strong> \ud83d\ude42 Si els hi\u00a0demaneu amb temps, tamb\u00e9 disposen de <a href=\"http:\/\/www.sempreviaggiando.com\/2014\/07\/08\/cicloturimo-vall-del-llemena-nus-de-pedra\/\" target=\"_blank\">bicicletes el\u00e8ctriques (nosaltres les vam provar<\/a> fa dos anys quan vam tornar a l&#8217;Nus despr\u00e9s del <a href=\"http:\/\/www.sempreviaggiando.com\/2013\/06\/06\/fotos-de-una-boda-rural-hipster\/\" target=\"_blank\">casament<\/a>).<\/li>\n<li>En\u00a0<a href=\"http:\/\/elnusdepedra.com\/cat\/perque.html\" target=\"_blank\" rel=\"nofollow\">Joan i la Montse<\/a> viuen a la mateixa casa rural aix\u00ed que <strong>us poden ajudar en qualsevol cosa<\/strong> que necessiteu.<\/li>\n<\/ul>\n<div class=\"tiled-gallery type-rectangular tiled-gallery-unresized\" data-original-width=\"1170\" data-carousel-extra='{&quot;blog_id&quot;:1,&quot;permalink&quot;:&quot;https:\\\/\\\/www.sempreviaggiando.com\\\/ca\\\/2016\\\/05\\\/30\\\/escapada-rural-amb-nens-a-girona\\\/&quot;,&quot;likes_blog_id&quot;:12732733}' itemscope itemtype=\"http:\/\/schema.org\/ImageGallery\" > <div class=\"gallery-row\" style=\"width: 1170px; height: 586px;\" data-original-width=\"1170\" data-original-height=\"586\" > <div class=\"gallery-group images-1\" style=\"width: 780px; height: 586px;\" data-original-width=\"780\" data-original-height=\"586\" > <div class=\"tiled-gallery-item tiled-gallery-item-large\" itemprop=\"associatedMedia\" itemscope itemtype=\"http:\/\/schema.org\/ImageObject\"> <a href=\"https:\/\/www.sempreviaggiando.com\/ca\/nus-de-pedra-1-2\/\" border=\"0\" itemprop=\"url\"> <meta itemprop=\"width\" content=\"776\"> <meta itemprop=\"height\" content=\"582\"> <img decoding=\"async\" class=\"\" data-attachment-id=\"20232\" data-orig-file=\"https:\/\/www.sempreviaggiando.com\/wp-content\/uploads\/2016\/05\/nus-de-pedra-1.jpg\" data-orig-size=\"1280,960\" data-comments-opened=\"\" data-image-meta=\"{&quot;aperture&quot;:&quot;2&quot;,&quot;credit&quot;:&quot;&quot;,&quot;camera&quot;:&quot;XT1572&quot;,&quot;caption&quot;:&quot;&quot;,&quot;created_timestamp&quot;:&quot;1464431565&quot;,&quot;copyright&quot;:&quot;&quot;,&quot;focal_length&quot;:&quot;4.67&quot;,&quot;iso&quot;:&quot;320&quot;,&quot;shutter_speed&quot;:&quot;0&quot;,&quot;title&quot;:&quot;&quot;,&quot;orientation&quot;:&quot;1&quot;}\" data-image-title=\"sala de juegos Nus de Pedra\" data-image-description=\"\" data-medium-file=\"https:\/\/www.sempreviaggiando.com\/wp-content\/uploads\/2016\/05\/nus-de-pedra-1-300x225.jpg\" data-large-file=\"https:\/\/www.sempreviaggiando.com\/wp-content\/uploads\/2016\/05\/nus-de-pedra-1-1024x768.jpg\" src=\"https:\/\/i0.wp.com\/www.sempreviaggiando.com\/wp-content\/uploads\/2016\/05\/nus-de-pedra-1.jpg?w=776&#038;h=582&#038;ssl=1\" srcset=\"https:\/\/www.sempreviaggiando.com\/wp-content\/uploads\/2016\/05\/nus-de-pedra-1.jpg 1280w, https:\/\/www.sempreviaggiando.com\/wp-content\/uploads\/2016\/05\/nus-de-pedra-1-300x225.jpg 300w, https:\/\/www.sempreviaggiando.com\/wp-content\/uploads\/2016\/05\/nus-de-pedra-1-768x576.jpg 768w, https:\/\/www.sempreviaggiando.com\/wp-content\/uploads\/2016\/05\/nus-de-pedra-1-1024x768.jpg 1024w, https:\/\/www.sempreviaggiando.com\/wp-content\/uploads\/2016\/05\/nus-de-pedra-1-400x300.jpg 400w\" width=\"776\" height=\"582\" loading=\"lazy\" data-original-width=\"776\" data-original-height=\"582\" itemprop=\"http:\/\/schema.org\/image\" title=\"sala de juegos Nus de Pedra\" alt=\"La sala de juegos del Nus de Pedra\" style=\"width: 776px; height: 582px;\" \/> <\/a> <div class=\"tiled-gallery-caption\" itemprop=\"caption description\"> La sala de juegos del Nus de Pedra <\/div> <\/div> <\/div> <!-- close group --> <div class=\"gallery-group images-2\" style=\"width: 390px; height: 586px;\" data-original-width=\"390\" data-original-height=\"586\" > <div class=\"tiled-gallery-item tiled-gallery-item-large\" itemprop=\"associatedMedia\" itemscope itemtype=\"http:\/\/schema.org\/ImageObject\"> <a href=\"https:\/\/www.sempreviaggiando.com\/ca\/nus-de-pedra-3-3\/\" border=\"0\" itemprop=\"url\"> <meta itemprop=\"width\" content=\"386\"> <meta itemprop=\"height\" content=\"289\"> <img decoding=\"async\" class=\"\" data-attachment-id=\"20234\" data-orig-file=\"https:\/\/www.sempreviaggiando.com\/wp-content\/uploads\/2016\/05\/nus-de-pedra-3.jpg\" data-orig-size=\"1280,960\" data-comments-opened=\"\" data-image-meta=\"{&quot;aperture&quot;:&quot;2&quot;,&quot;credit&quot;:&quot;&quot;,&quot;camera&quot;:&quot;XT1572&quot;,&quot;caption&quot;:&quot;&quot;,&quot;created_timestamp&quot;:&quot;1464432166&quot;,&quot;copyright&quot;:&quot;&quot;,&quot;focal_length&quot;:&quot;4.67&quot;,&quot;iso&quot;:&quot;500&quot;,&quot;shutter_speed&quot;:&quot;0.033329996997298&quot;,&quot;title&quot;:&quot;&quot;,&quot;orientation&quot;:&quot;1&quot;}\" data-image-title=\"sala de juegos Nus de Pedra\" data-image-description=\"\" data-medium-file=\"https:\/\/www.sempreviaggiando.com\/wp-content\/uploads\/2016\/05\/nus-de-pedra-3-300x225.jpg\" data-large-file=\"https:\/\/www.sempreviaggiando.com\/wp-content\/uploads\/2016\/05\/nus-de-pedra-3-1024x768.jpg\" src=\"https:\/\/i0.wp.com\/www.sempreviaggiando.com\/wp-content\/uploads\/2016\/05\/nus-de-pedra-3.jpg?w=386&#038;h=289&#038;ssl=1\" srcset=\"https:\/\/www.sempreviaggiando.com\/wp-content\/uploads\/2016\/05\/nus-de-pedra-3.jpg 1280w, https:\/\/www.sempreviaggiando.com\/wp-content\/uploads\/2016\/05\/nus-de-pedra-3-300x225.jpg 300w, https:\/\/www.sempreviaggiando.com\/wp-content\/uploads\/2016\/05\/nus-de-pedra-3-768x576.jpg 768w, https:\/\/www.sempreviaggiando.com\/wp-content\/uploads\/2016\/05\/nus-de-pedra-3-1024x768.jpg 1024w, https:\/\/www.sempreviaggiando.com\/wp-content\/uploads\/2016\/05\/nus-de-pedra-3-400x300.jpg 400w\" width=\"386\" height=\"289\" loading=\"lazy\" data-original-width=\"386\" data-original-height=\"289\" itemprop=\"http:\/\/schema.org\/image\" title=\"sala de juegos Nus de Pedra\" alt=\"La sala de juegos del Nus de Pedra\" style=\"width: 386px; height: 289px;\" \/> <\/a> <div class=\"tiled-gallery-caption\" itemprop=\"caption description\"> La sala de juegos del Nus de Pedra <\/div> <\/div> <div class=\"tiled-gallery-item tiled-gallery-item-large\" itemprop=\"associatedMedia\" itemscope itemtype=\"http:\/\/schema.org\/ImageObject\"> <a href=\"https:\/\/www.sempreviaggiando.com\/ca\/nus-de-pedra-2-2\/\" border=\"0\" itemprop=\"url\"> <meta itemprop=\"width\" content=\"386\"> <meta itemprop=\"height\" content=\"289\"> <img decoding=\"async\" class=\"\" data-attachment-id=\"20233\" data-orig-file=\"https:\/\/www.sempreviaggiando.com\/wp-content\/uploads\/2016\/05\/nus-de-pedra-2.jpg\" data-orig-size=\"1280,960\" data-comments-opened=\"\" data-image-meta=\"{&quot;aperture&quot;:&quot;2&quot;,&quot;credit&quot;:&quot;&quot;,&quot;camera&quot;:&quot;XT1572&quot;,&quot;caption&quot;:&quot;&quot;,&quot;created_timestamp&quot;:&quot;1464431684&quot;,&quot;copyright&quot;:&quot;&quot;,&quot;focal_length&quot;:&quot;4.67&quot;,&quot;iso&quot;:&quot;500&quot;,&quot;shutter_speed&quot;:&quot;0.033329996997298&quot;,&quot;title&quot;:&quot;&quot;,&quot;orientation&quot;:&quot;1&quot;}\" data-image-title=\"sala de juegos Nus de Pedra\" data-image-description=\"\" data-medium-file=\"https:\/\/www.sempreviaggiando.com\/wp-content\/uploads\/2016\/05\/nus-de-pedra-2-300x225.jpg\" data-large-file=\"https:\/\/www.sempreviaggiando.com\/wp-content\/uploads\/2016\/05\/nus-de-pedra-2-1024x768.jpg\" src=\"https:\/\/i0.wp.com\/www.sempreviaggiando.com\/wp-content\/uploads\/2016\/05\/nus-de-pedra-2.jpg?w=386&#038;h=289&#038;ssl=1\" srcset=\"https:\/\/www.sempreviaggiando.com\/wp-content\/uploads\/2016\/05\/nus-de-pedra-2.jpg 1280w, https:\/\/www.sempreviaggiando.com\/wp-content\/uploads\/2016\/05\/nus-de-pedra-2-300x225.jpg 300w, https:\/\/www.sempreviaggiando.com\/wp-content\/uploads\/2016\/05\/nus-de-pedra-2-768x576.jpg 768w, https:\/\/www.sempreviaggiando.com\/wp-content\/uploads\/2016\/05\/nus-de-pedra-2-1024x768.jpg 1024w, https:\/\/www.sempreviaggiando.com\/wp-content\/uploads\/2016\/05\/nus-de-pedra-2-400x300.jpg 400w\" width=\"386\" height=\"289\" loading=\"lazy\" data-original-width=\"386\" data-original-height=\"289\" itemprop=\"http:\/\/schema.org\/image\" title=\"sala de juegos Nus de Pedra\" alt=\"La sala de juegos del Nus de Pedra\" style=\"width: 386px; height: 289px;\" \/> <\/a> <div class=\"tiled-gallery-caption\" itemprop=\"caption description\"> La sala de juegos del Nus de Pedra <\/div> <\/div> <\/div> <!-- close group --> <\/div> <!-- close row --> <div class=\"gallery-row\" style=\"width: 1170px; height: 879px;\" data-original-width=\"1170\" data-original-height=\"879\" > <div class=\"gallery-group images-1\" style=\"width: 1170px; height: 879px;\" data-original-width=\"1170\" data-original-height=\"879\" > <div class=\"tiled-gallery-item tiled-gallery-item-large\" itemprop=\"associatedMedia\" itemscope itemtype=\"http:\/\/schema.org\/ImageObject\"> <a href=\"https:\/\/www.sempreviaggiando.com\/ca\/dav-37-2\/\" border=\"0\" itemprop=\"url\"> <meta itemprop=\"width\" content=\"1166\"> <meta itemprop=\"height\" content=\"875\"> <img decoding=\"async\" class=\"\" data-attachment-id=\"20237\" data-orig-file=\"https:\/\/www.sempreviaggiando.com\/wp-content\/uploads\/2016\/05\/nus-de-pedra-6.jpg\" data-orig-size=\"1280,960\" data-comments-opened=\"\" data-image-meta=\"{&quot;aperture&quot;:&quot;2&quot;,&quot;credit&quot;:&quot;&quot;,&quot;camera&quot;:&quot;HUAWEI GRA-L09&quot;,&quot;caption&quot;:&quot;dav&quot;,&quot;created_timestamp&quot;:&quot;1464462000&quot;,&quot;copyright&quot;:&quot;&quot;,&quot;focal_length&quot;:&quot;3.83&quot;,&quot;iso&quot;:&quot;64&quot;,&quot;shutter_speed&quot;:&quot;0.001464&quot;,&quot;title&quot;:&quot;dav&quot;,&quot;orientation&quot;:&quot;1&quot;}\" data-image-title=\"Nus de Pedra\" data-image-description=\"\" data-medium-file=\"https:\/\/www.sempreviaggiando.com\/wp-content\/uploads\/2016\/05\/nus-de-pedra-6-300x225.jpg\" data-large-file=\"https:\/\/www.sempreviaggiando.com\/wp-content\/uploads\/2016\/05\/nus-de-pedra-6-1024x768.jpg\" src=\"https:\/\/i0.wp.com\/www.sempreviaggiando.com\/wp-content\/uploads\/2016\/05\/nus-de-pedra-6.jpg?w=1166&#038;h=875&#038;ssl=1\" srcset=\"https:\/\/www.sempreviaggiando.com\/wp-content\/uploads\/2016\/05\/nus-de-pedra-6.jpg 1280w, https:\/\/www.sempreviaggiando.com\/wp-content\/uploads\/2016\/05\/nus-de-pedra-6-300x225.jpg 300w, https:\/\/www.sempreviaggiando.com\/wp-content\/uploads\/2016\/05\/nus-de-pedra-6-768x576.jpg 768w, https:\/\/www.sempreviaggiando.com\/wp-content\/uploads\/2016\/05\/nus-de-pedra-6-1024x768.jpg 1024w, https:\/\/www.sempreviaggiando.com\/wp-content\/uploads\/2016\/05\/nus-de-pedra-6-400x300.jpg 400w\" width=\"1166\" height=\"875\" loading=\"lazy\" data-original-width=\"1166\" data-original-height=\"875\" itemprop=\"http:\/\/schema.org\/image\" title=\"Nus de Pedra\" alt=\"Nus de Pedra\" style=\"width: 1166px; height: 875px;\" \/> <\/a> <\/div> <\/div> <!-- close group --> <\/div> <!-- close row --> <\/div>\n<h4><strong>Excursions amb nens\u00a0a la prov\u00edncia de\u00a0Girona\u00a0<\/strong><\/h4>\n<p>Si aneu amb nens al Nus de Pedra,\u00a0us donaran un <strong>llistat d&#8217;excursions per fer amb nens prop del\u00a0Nus<\/strong>. A m\u00e9s a m\u00e9s d&#8217;aix\u00f2, aqu\u00ed\u00a0teniu <strong>unes quantes bones recomanacions\u00a0m\u00e9s:<\/strong><\/p>\n<div class=\"tiled-gallery type-rectangular tiled-gallery-unresized\" data-original-width=\"1170\" data-carousel-extra='{&quot;blog_id&quot;:1,&quot;permalink&quot;:&quot;https:\\\/\\\/www.sempreviaggiando.com\\\/ca\\\/2016\\\/05\\\/30\\\/escapada-rural-amb-nens-a-girona\\\/&quot;,&quot;likes_blog_id&quot;:12732733}' itemscope itemtype=\"http:\/\/schema.org\/ImageGallery\" > <div class=\"gallery-row\" style=\"width: 1170px; height: 586px;\" data-original-width=\"1170\" data-original-height=\"586\" > <div class=\"gallery-group images-1\" style=\"width: 780px; height: 586px;\" data-original-width=\"780\" data-original-height=\"586\" > <div class=\"tiled-gallery-item tiled-gallery-item-large\" itemprop=\"associatedMedia\" itemscope itemtype=\"http:\/\/schema.org\/ImageObject\"> <a href=\"https:\/\/www.sempreviaggiando.com\/ca\/2016\/05\/30\/escapada-rural-amb-nens-a-girona\/dav-42-2\/\" border=\"0\" itemprop=\"url\"> <meta itemprop=\"width\" content=\"776\"> <meta itemprop=\"height\" content=\"582\"> <img decoding=\"async\" class=\"\" data-attachment-id=\"20251\" data-orig-file=\"https:\/\/www.sempreviaggiando.com\/wp-content\/uploads\/2016\/05\/gorgues-canet-adri.jpg\" data-orig-size=\"1000,750\" data-comments-opened=\"\" data-image-meta=\"{&quot;aperture&quot;:&quot;2&quot;,&quot;credit&quot;:&quot;&quot;,&quot;camera&quot;:&quot;HUAWEI GRA-L09&quot;,&quot;caption&quot;:&quot;dav&quot;,&quot;created_timestamp&quot;:&quot;1464442101&quot;,&quot;copyright&quot;:&quot;&quot;,&quot;focal_length&quot;:&quot;3.83&quot;,&quot;iso&quot;:&quot;64&quot;,&quot;shutter_speed&quot;:&quot;0.002856&quot;,&quot;title&quot;:&quot;dav&quot;,&quot;orientation&quot;:&quot;1&quot;}\" data-image-title=\"Gorgues Mol\u00ed de la Torre &#8211; Canet d&#8217;Adri\" data-image-description=\"\" data-medium-file=\"https:\/\/www.sempreviaggiando.com\/wp-content\/uploads\/2016\/05\/gorgues-canet-adri-300x225.jpg\" data-large-file=\"https:\/\/www.sempreviaggiando.com\/wp-content\/uploads\/2016\/05\/gorgues-canet-adri.jpg\" src=\"https:\/\/i0.wp.com\/www.sempreviaggiando.com\/wp-content\/uploads\/2016\/05\/gorgues-canet-adri.jpg?w=776&#038;h=582&#038;ssl=1\" srcset=\"https:\/\/www.sempreviaggiando.com\/wp-content\/uploads\/2016\/05\/gorgues-canet-adri.jpg 1000w, https:\/\/www.sempreviaggiando.com\/wp-content\/uploads\/2016\/05\/gorgues-canet-adri-300x225.jpg 300w, https:\/\/www.sempreviaggiando.com\/wp-content\/uploads\/2016\/05\/gorgues-canet-adri-768x576.jpg 768w, https:\/\/www.sempreviaggiando.com\/wp-content\/uploads\/2016\/05\/gorgues-canet-adri-400x300.jpg 400w\" width=\"776\" height=\"582\" loading=\"lazy\" data-original-width=\"776\" data-original-height=\"582\" itemprop=\"http:\/\/schema.org\/image\" title=\"Gorgues Mol\u00ed de la Torre - Canet d&#039;Adri\" alt=\"Gorgues Mol\u00ed de la Torre - Canet d&#039;Adri\" style=\"width: 776px; height: 582px;\" \/> <\/a> <div class=\"tiled-gallery-caption\" itemprop=\"caption description\"> Gorgues Mol\u00ed de la Torre &#8211; Canet d&#8217;Adri <\/div> <\/div> <\/div> <!-- close group --> <div class=\"gallery-group images-2\" style=\"width: 390px; height: 586px;\" data-original-width=\"390\" data-original-height=\"586\" > <div class=\"tiled-gallery-item tiled-gallery-item-large\" itemprop=\"associatedMedia\" itemscope itemtype=\"http:\/\/schema.org\/ImageObject\"> <a href=\"https:\/\/www.sempreviaggiando.com\/ca\/nus-de-pedra-17-2\/\" border=\"0\" itemprop=\"url\"> <meta itemprop=\"width\" content=\"386\"> <meta itemprop=\"height\" content=\"289\"> <img decoding=\"async\" class=\"\" data-attachment-id=\"20248\" data-orig-file=\"https:\/\/www.sempreviaggiando.com\/wp-content\/uploads\/2016\/05\/nus-de-pedra-17.jpg\" data-orig-size=\"1280,960\" data-comments-opened=\"\" data-image-meta=\"{&quot;aperture&quot;:&quot;2&quot;,&quot;credit&quot;:&quot;&quot;,&quot;camera&quot;:&quot;XT1572&quot;,&quot;caption&quot;:&quot;&quot;,&quot;created_timestamp&quot;:&quot;1464524126&quot;,&quot;copyright&quot;:&quot;&quot;,&quot;focal_length&quot;:&quot;4.67&quot;,&quot;iso&quot;:&quot;50&quot;,&quot;shutter_speed&quot;:&quot;0.0015299998681035&quot;,&quot;title&quot;:&quot;&quot;,&quot;orientation&quot;:&quot;1&quot;}\" data-image-title=\"Font del Mont\" data-image-description=\"\" data-medium-file=\"https:\/\/www.sempreviaggiando.com\/wp-content\/uploads\/2016\/05\/nus-de-pedra-17-300x225.jpg\" data-large-file=\"https:\/\/www.sempreviaggiando.com\/wp-content\/uploads\/2016\/05\/nus-de-pedra-17-1024x768.jpg\" src=\"https:\/\/i0.wp.com\/www.sempreviaggiando.com\/wp-content\/uploads\/2016\/05\/nus-de-pedra-17.jpg?w=386&#038;h=289&#038;ssl=1\" srcset=\"https:\/\/www.sempreviaggiando.com\/wp-content\/uploads\/2016\/05\/nus-de-pedra-17.jpg 1280w, https:\/\/www.sempreviaggiando.com\/wp-content\/uploads\/2016\/05\/nus-de-pedra-17-300x225.jpg 300w, https:\/\/www.sempreviaggiando.com\/wp-content\/uploads\/2016\/05\/nus-de-pedra-17-768x576.jpg 768w, https:\/\/www.sempreviaggiando.com\/wp-content\/uploads\/2016\/05\/nus-de-pedra-17-1024x768.jpg 1024w, https:\/\/www.sempreviaggiando.com\/wp-content\/uploads\/2016\/05\/nus-de-pedra-17-400x300.jpg 400w\" width=\"386\" height=\"289\" loading=\"lazy\" data-original-width=\"386\" data-original-height=\"289\" itemprop=\"http:\/\/schema.org\/image\" title=\"Font del Mont\" alt=\"Font del Mont\" style=\"width: 386px; height: 289px;\" \/> <\/a> <div class=\"tiled-gallery-caption\" itemprop=\"caption description\"> Font del Mont <\/div> <\/div> <div class=\"tiled-gallery-item tiled-gallery-item-large\" itemprop=\"associatedMedia\" itemscope itemtype=\"http:\/\/schema.org\/ImageObject\"> <a href=\"https:\/\/www.sempreviaggiando.com\/ca\/2016\/05\/30\/escapada-rural-amb-nens-a-girona\/dav-41-2\/\" border=\"0\" itemprop=\"url\"> <meta itemprop=\"width\" content=\"386\"> <meta itemprop=\"height\" content=\"289\"> <img decoding=\"async\" class=\"\" data-attachment-id=\"20250\" data-orig-file=\"https:\/\/www.sempreviaggiando.com\/wp-content\/uploads\/2016\/05\/girona-1.jpg\" data-orig-size=\"1000,750\" data-comments-opened=\"\" data-image-meta=\"{&quot;aperture&quot;:&quot;2&quot;,&quot;credit&quot;:&quot;&quot;,&quot;camera&quot;:&quot;HUAWEI GRA-L09&quot;,&quot;caption&quot;:&quot;dav&quot;,&quot;created_timestamp&quot;:&quot;1464458999&quot;,&quot;copyright&quot;:&quot;&quot;,&quot;focal_length&quot;:&quot;3.83&quot;,&quot;iso&quot;:&quot;64&quot;,&quot;shutter_speed&quot;:&quot;0.0010680000485455&quot;,&quot;title&quot;:&quot;dav&quot;,&quot;orientation&quot;:&quot;1&quot;}\" data-image-title=\"Girona\" data-image-description=\"\" data-medium-file=\"https:\/\/www.sempreviaggiando.com\/wp-content\/uploads\/2016\/05\/girona-1-300x225.jpg\" data-large-file=\"https:\/\/www.sempreviaggiando.com\/wp-content\/uploads\/2016\/05\/girona-1.jpg\" src=\"https:\/\/i0.wp.com\/www.sempreviaggiando.com\/wp-content\/uploads\/2016\/05\/girona-1.jpg?w=386&#038;h=289&#038;ssl=1\" srcset=\"https:\/\/www.sempreviaggiando.com\/wp-content\/uploads\/2016\/05\/girona-1.jpg 1000w, https:\/\/www.sempreviaggiando.com\/wp-content\/uploads\/2016\/05\/girona-1-300x225.jpg 300w, https:\/\/www.sempreviaggiando.com\/wp-content\/uploads\/2016\/05\/girona-1-768x576.jpg 768w, https:\/\/www.sempreviaggiando.com\/wp-content\/uploads\/2016\/05\/girona-1-400x300.jpg 400w\" width=\"386\" height=\"289\" loading=\"lazy\" data-original-width=\"386\" data-original-height=\"289\" itemprop=\"http:\/\/schema.org\/image\" title=\"Girona\" alt=\"Girona\" style=\"width: 386px; height: 289px;\" \/> <\/a> <div class=\"tiled-gallery-caption\" itemprop=\"caption description\"> Girona <\/div> <\/div> <\/div> <!-- close group --> <\/div> <!-- close row --> <\/div>\n<h6><strong>Gorg del Mol\u00ed de la Torre: Canet d&#8217;Adri<\/strong><\/h6>\n<p>A deu minuts en\u00a0cotxe des del Nus (direcci\u00f3 Sant Gregori) hi ha\u00a0<strong>Canet d&#8217;Adri i all\u00e0 unes\u00a0gorgues\u00a0precioses en un antic mol\u00ed<\/strong>. Seguiu les indicacions cap al\u00a0<strong>&#8220;<a href=\"http:\/\/www.sempreviaggiando.com\/2013\/01\/15\/excursion-canet-dadri-valle-llemena-girona\/\" target=\"_blank\">Mol\u00ed de la Torre<\/a>&#8220;<\/strong>. Podeu deixar el cotxe al restaurant <strong><a href=\"http:\/\/www.restaurantelcellerdeladroher.com\/\" target=\"_blank\" rel=\"nofollow\">El Celler de l&#8217;Adroher<\/a><\/strong> &#8211; on \u00e9s molt recomanable reservar taula per menjar si no teniu cap pla. Cuina catalana tradicional i bon\u00edssima relaci\u00f3 qualitat-preu. A m\u00e9s a m\u00e9s tenen jard\u00ed, parc infantil i un camp de futbol enorme.<\/p>\n<h6><strong>Passejada\u00a0fins\u00a0la Font\u00a0del Mont<\/strong><\/h6>\n<p><strong>La font del Mont<\/strong> <strong>\u00e9s un bon lloc en el qual fer un p\u00edcnic o prendre\u00a0la &#8220;papilla&#8221;<\/strong> (farinetes, en catal\u00e0 correcte). Est\u00e0 a quinze minuts caminant des del mateix Nus de Pedra, seguint la carretera cap amunt, tot recte. No puja gaire\u00a0per\u00f2 si que cal tenir en compte que \u00e9s una pujada constant. En arribar a dalt veureu indicacions per arribar fins a la font i preciosos prats on jugar i c\u00f3rrer.<\/p>\n<h6><strong>Festivals i festes<\/strong><\/h6>\n<p>A Girona i comarca hi ha sempre mil <strong>esdeveniments i activitats culturals interessants<\/strong>. Feu una ullada a l&#8217;agenda o pregunteu a la Montse i en Joan per les seves recomanacions. El nostre cap de setmana (28-29 maig) coincidia amb dos esdeveniments interessants: el <strong><a href=\"http:\/\/festivalot.cat\/\" target=\"_blank\" rel=\"nofollow\">Festivalot de Girona<\/a><\/strong> (festival de m\u00fasica per a nens) i <strong>la <a href=\"http:\/\/www.valldellemena.cat\/?tool=llemena&amp;tool_section=pagina&amp;action=show_record&amp;pagina_id=212&amp;language=cat\" target=\"_blank\" rel=\"nofollow\">Festa Remen\u00e7a<\/a> a Sant Mart\u00ed de Ll\u00e9mena<\/strong>.<\/p>\n<h6><strong>Passejada per\u00a0Girona<\/strong><\/h6>\n<p>Sempre recomanable <strong>fer\u00a0un tomb\u00a0per Girona<\/strong>. Est\u00e0 a quinze minuts del Nus, tot recte; no t\u00e9 p\u00e8rdua. Podeu deixar el cotxe al p\u00e0rquing lliure que hi ha a la rotonda del Parc de la Devesa i caminar des d&#8217;all\u00e0. Si no, hi ha una infinitat de p\u00e0rquings de pagament repartits per tota la ciutat. <strong><a href=\"http:\/\/www.sempreviaggiando.com\/ca\/2012\/11\/04\/ruta-pels-secrets-millor-guardats-de-la-ciutat-de-girona\/\" target=\"_blank\">En aquest article trobareu recomanacions sobre qu\u00e8 visitar a Girona<\/a>.<\/strong><\/p>\n<h6><strong>Platges i pobles de la Costa Brava<\/strong><\/h6>\n<p>El Nus \u00e9s un lloc ideal per als que vulgueu <strong>visitar la <a href=\"http:\/\/www.sempreviaggiando.com\/tag\/costa-brava\/\" target=\"_blank\">Costa Brava<\/a> per\u00f2 sense les aglomeracions ni la calor estiuenca de la costa<\/strong>. Durant el dia aneu\u00a0en cotxe a visitar les platges i pobles i, a la tarda, torneu a la calma i bona temperatura de la <a href=\"http:\/\/www.valldellemena.cat\/\" target=\"_blank\" rel=\"nofollow\">Vall del Ll\u00e9mena<\/a> on\u00a0es\u00a0troba el Nus de Pedra. <strong>Aqu\u00ed teniu les meves recomanacions si voleu moure-us una mica i disposeu de dies per fer alguna <a href=\"http:\/\/www.sempreviaggiando.com\/ca\/2016\/05\/23\/ruta-en-cotxe-per-la-costa-brava\/\" target=\"_blank\">ruta\u00a0per la Costa Brava<\/a><\/strong>:<\/p>\n<ul>\n<li><strong><a href=\"http:\/\/www.sempreviaggiando.com\/ca\/2015\/08\/25\/pobles-autentics-amb-encant-baix-emporda\/\" target=\"_blank\">Els pobles medievals del Baix Empord\u00e0<\/a> &#8211; Costa Brava interior<\/strong> (45 min en cotxe, en direcci\u00f3 a la costa). Preciosos i aut\u00e8ntics, un paisatge al m\u00e9s pur estil &#8220;Toscana Catalana&#8221;: Monells, Peratallada, Palau-sator, Vulpellac, la Bisbal de l&#8217;Empord\u00e0, Pals, el Castell de Dal\u00ed i Gala a P\u00fabol&#8230;<\/li>\n<li><strong>Recomanacions per a platges a la Costa Brava<\/strong>. <strong>Les millors per anar-hi amb nens des del Nus: Emp\u00faries &#8211; \u00a0l&#8217;Escala, Roses, Empuriabrava i l&#8217;Estartit.<\/strong><\/li>\n<\/ul>\n<h6><strong>Gorg de la Plana i Mol\u00ed del Murris<\/strong><\/h6>\n<p>A les Planes d&#8217;Hostoles, a 20 minuts del Nus (amb alguns revolts, aix\u00f2 s\u00ed), teniu <strong>dues excursions precioses per fer amb nens<\/strong> (o embarassada, com va ser el meu cas aquest estiu passat): <strong><a href=\"http:\/\/www.sempreviaggiando.com\/ca\/2015\/08\/21\/excursions-a-la-garrotxa-gorg-del-moli-del-murris-i-gorg-de-la-plana\/\" target=\"_blank\">el Gorg de la Plana i la cascada del Mol\u00ed d&#8217;en Murris<\/a><\/strong>.<\/p>\n<p>&nbsp;<\/p>\n<p>Ja estem desitjant tornar un altre dia al Nus. Aix\u00ed, <strong>amb tanta hospitalitat i preparaci\u00f3 <em>family-friendly<\/em>, \u00e9s molt m\u00e9s f\u00e0cil viatjar amb mainada<\/strong>!<\/p>\n<p>&nbsp;<\/p>\n","protected":false},"excerpt":{"rendered":"<p>Perqu\u00e8 un cap de setmana sigui rural, familiar i divertit calen tres coses: 1. una casa rural adaptada per anar-hi amb nens (i dic casa i no hotel perqu\u00e8 aix\u00f2 de tenir cuina ja \u00e9s gaireb\u00e9 una obligaci\u00f3 ara que som tres); 2. activitats i jocs perqu\u00e8 s&#8217;ho passin d&#8217;all\u00f2 m\u00e9s b\u00e9; i 3. un entorn preci\u00f3s enmig de la natura. Benvinguts al Nus de Pedra, el parad\u00eds de les escapades rurals en fam\u00edlia!<\/p>\n<div class=\"read-more-wrapper\"><a class=\"read-more\" href=\"https:\/\/www.sempreviaggiando.com\/ca\/2016\/05\/30\/escapada-rural-amb-nens-a-girona\/\" title=\"Read More\"> <span class=\"button \">Read More<\/span><\/a><\/div>\n","protected":false},"author":2,"featured_media":15072,"comment_status":"open","ping_status":"closed","sticky":false,"template":"","format":"standard","meta":{"_acf_changed":false,"_bos_mb_destination":[""],"_jetpack_memberships_contains_paid_content":false,"footnotes":""},"categories":[121],"tags":[],"class_list":["post-15131","post","type-post","status-publish","format-standard","has-post-thumbnail","hentry","category-rutes-per-catalunya"],"acf":[],"jetpack_featured_media_url":"https:\/\/www.sempreviaggiando.com\/wp-content\/uploads\/2016\/05\/nus-de-pedra-4.jpg","jetpack_sharing_enabled":true,"_links":{"self":[{"href":"https:\/\/www.sempreviaggiando.com\/ca\/wp-json\/wp\/v2\/posts\/15131","targetHints":{"allow":["GET"]}}],"collection":[{"href":"https:\/\/www.sempreviaggiando.com\/ca\/wp-json\/wp\/v2\/posts"}],"about":[{"href":"https:\/\/www.sempreviaggiando.com\/ca\/wp-json\/wp\/v2\/types\/post"}],"author":[{"embeddable":true,"href":"https:\/\/www.sempreviaggiando.com\/ca\/wp-json\/wp\/v2\/users\/2"}],"replies":[{"embeddable":true,"href":"https:\/\/www.sempreviaggiando.com\/ca\/wp-json\/wp\/v2\/comments?post=15131"}],"version-history":[{"count":8,"href":"https:\/\/www.sempreviaggiando.com\/ca\/wp-json\/wp\/v2\/posts\/15131\/revisions"}],"predecessor-version":[{"id":15152,"href":"https:\/\/www.sempreviaggiando.com\/ca\/wp-json\/wp\/v2\/posts\/15131\/revisions\/15152"}],"wp:featuredmedia":[{"embeddable":true,"href":"https:\/\/www.sempreviaggiando.com\/ca\/wp-json\/wp\/v2\/media\/15072"}],"wp:attachment":[{"href":"https:\/\/www.sempreviaggiando.com\/ca\/wp-json\/wp\/v2\/media?parent=15131"}],"wp:term":[{"taxonomy":"category","embeddable":true,"href":"https:\/\/www.sempreviaggiando.com\/ca\/wp-json\/wp\/v2\/categories?post=15131"},{"taxonomy":"post_tag","embeddable":true,"href":"https:\/\/www.sempreviaggiando.com\/ca\/wp-json\/wp\/v2\/tags?post=15131"}],"curies":[{"name":"wp","href":"https:\/\/api.w.org\/{rel}","templated":true}]}}