{"id":15400,"date":"2016-07-06T12:27:24","date_gmt":"2016-07-06T10:27:24","guid":{"rendered":"http:\/\/www.sempreviaggiando.com\/?p=15400"},"modified":"2018-07-07T15:44:52","modified_gmt":"2018-07-07T13:44:52","slug":"la-cantada-dhavaneres-de-calella","status":"publish","type":"post","link":"https:\/\/www.sempreviaggiando.com\/ca\/2016\/07\/06\/la-cantada-dhavaneres-de-calella\/","title":{"rendered":"La Cantada d&#8217;Havaneres de Calella"},"content":{"rendered":"<p style=\"text-align: right;\"><em>Tamb\u00e9 disponible en <a href=\"http:\/\/www.sempreviaggiando.com\/2016\/07\/06\/la-cantada-de-habaneras-de-calella\/\">Castell\u00e0<\/a><\/em><\/p>\n<p>[summary]<strong>Primer dissabte de juliol, Calella de Palafrugell, mocador en m\u00e0 i veu afinada.<\/strong>\u00a0Ha arribat el moment m\u00e9s esperat de l&#8217;estiu: <strong>La Cantada d&#8217;Havaneres de Calella de Palafrugell.<\/strong>\u00a0Sense cap mena de dubte, una de les millors experi\u00e8ncies de la Costa Brava![\/summary]<\/p>\n<p><strong>La Cantada d&#8217;Havaneres<\/strong> \u00e9s una d&#8217;aquelles experi\u00e8ncies que cal viure un cop a la vida en directe des de <strong>Calella de Palafrugell<\/strong>. Hem tingut l&#8217;enorme sort de poder-ho fer aquest any, <strong>ni m\u00e9s\u00a0ni menys que la 50\u00aa Cantada!<\/strong><\/p>\n<p>Tot va comen\u00e7ar <a href=\"http:\/\/www.havanerescalella.cat\/historia-cantada\/\" target=\"_blank\" rel=\"noopener\"><strong>un primer dissabte de juliol de 1966<\/strong><\/a> quan es varen cantar algunes havaneres a Calella per celebrar la publicaci\u00f3 del llibre &#8220;<em>Calella de Palafrugell i els havaneres<\/em>&#8220;. Despr\u00e9s d&#8217;una resposta molt positiva, van decidir repetir la cantada d&#8217;havaneres els anys\u00a0seg\u00fcents. I 50 edicions m\u00e9s tard, aqu\u00ed estem, celebrant <strong>un dels esdeveniments musicals m\u00e9s especials de tot l&#8217;any i tamb\u00e9 el que d\u00f3na el tret de sortida a l&#8217;estiu a la <a href=\"http:\/\/sempreviaggiando.com\/tag\/costa-brava\" target=\"_blank\" rel=\"noopener\">Costa Brava<\/a><\/strong>.<\/p>\n<div class=\"tiled-gallery type-rectangular tiled-gallery-unresized\" data-original-width=\"1170\" data-carousel-extra='{&quot;blog_id&quot;:1,&quot;permalink&quot;:&quot;https:\\\/\\\/www.sempreviaggiando.com\\\/ca\\\/2016\\\/07\\\/06\\\/la-cantada-dhavaneres-de-calella\\\/&quot;,&quot;likes_blog_id&quot;:12732733}' itemscope itemtype=\"http:\/\/schema.org\/ImageGallery\" > <div class=\"gallery-row\" style=\"width: 1170px; height: 586px;\" data-original-width=\"1170\" data-original-height=\"586\" > <div class=\"gallery-group images-1\" style=\"width: 780px; height: 586px;\" data-original-width=\"780\" data-original-height=\"586\" > <div class=\"tiled-gallery-item tiled-gallery-item-large\" itemprop=\"associatedMedia\" itemscope itemtype=\"http:\/\/schema.org\/ImageObject\"> <a href=\"https:\/\/www.sempreviaggiando.com\/ca\/2016\/07\/06\/la-cantada-dhavaneres-de-calella\/olympus-digital-camera-829-2\/\" border=\"0\" itemprop=\"url\"> <meta itemprop=\"width\" content=\"776\"> <meta itemprop=\"height\" content=\"582\"> <img decoding=\"async\" class=\"\" data-attachment-id=\"20310\" data-orig-file=\"https:\/\/www.sempreviaggiando.com\/wp-content\/uploads\/2016\/07\/cantada-havaneres-calella-50-1.jpg\" data-orig-size=\"1280,960\" data-comments-opened=\"\" data-image-meta=\"{&quot;aperture&quot;:&quot;2.8&quot;,&quot;credit&quot;:&quot;&quot;,&quot;camera&quot;:&quot;TG-2&quot;,&quot;caption&quot;:&quot;OLYMPUS DIGITAL CAMERA&quot;,&quot;created_timestamp&quot;:&quot;1467488409&quot;,&quot;copyright&quot;:&quot;&quot;,&quot;focal_length&quot;:&quot;4.5&quot;,&quot;iso&quot;:&quot;100&quot;,&quot;shutter_speed&quot;:&quot;0.002&quot;,&quot;title&quot;:&quot;OLYMPUS DIGITAL CAMERA&quot;,&quot;orientation&quot;:&quot;1&quot;}\" data-image-title=\"Calella de Palafrugell\" data-image-description=\"\" data-medium-file=\"https:\/\/www.sempreviaggiando.com\/wp-content\/uploads\/2016\/07\/cantada-havaneres-calella-50-1-300x225.jpg\" data-large-file=\"https:\/\/www.sempreviaggiando.com\/wp-content\/uploads\/2016\/07\/cantada-havaneres-calella-50-1-1024x768.jpg\" src=\"https:\/\/i0.wp.com\/www.sempreviaggiando.com\/wp-content\/uploads\/2016\/07\/cantada-havaneres-calella-50-1.jpg?w=776&#038;h=582&#038;ssl=1\" srcset=\"https:\/\/www.sempreviaggiando.com\/wp-content\/uploads\/2016\/07\/cantada-havaneres-calella-50-1.jpg 1280w, https:\/\/www.sempreviaggiando.com\/wp-content\/uploads\/2016\/07\/cantada-havaneres-calella-50-1-300x225.jpg 300w, https:\/\/www.sempreviaggiando.com\/wp-content\/uploads\/2016\/07\/cantada-havaneres-calella-50-1-768x576.jpg 768w, https:\/\/www.sempreviaggiando.com\/wp-content\/uploads\/2016\/07\/cantada-havaneres-calella-50-1-1024x768.jpg 1024w, https:\/\/www.sempreviaggiando.com\/wp-content\/uploads\/2016\/07\/cantada-havaneres-calella-50-1-400x300.jpg 400w\" width=\"776\" height=\"582\" loading=\"lazy\" data-original-width=\"776\" data-original-height=\"582\" itemprop=\"http:\/\/schema.org\/image\" title=\"Calella de Palafrugell\" alt=\"Calella de Palafrugell\" style=\"width: 776px; height: 582px;\" \/> <\/a> <div class=\"tiled-gallery-caption\" itemprop=\"caption description\"> Calella de Palafrugell <\/div> <\/div> <\/div> <!-- close group --> <div class=\"gallery-group images-2\" style=\"width: 390px; height: 586px;\" data-original-width=\"390\" data-original-height=\"586\" > <div class=\"tiled-gallery-item tiled-gallery-item-large\" itemprop=\"associatedMedia\" itemscope itemtype=\"http:\/\/schema.org\/ImageObject\"> <a href=\"https:\/\/www.sempreviaggiando.com\/ca\/olympus-digital-camera-832-2\/\" border=\"0\" itemprop=\"url\"> <meta itemprop=\"width\" content=\"386\"> <meta itemprop=\"height\" content=\"289\"> <img decoding=\"async\" class=\"\" data-attachment-id=\"20313\" data-orig-file=\"https:\/\/www.sempreviaggiando.com\/wp-content\/uploads\/2016\/07\/cantada-havaneres-calella-50-4.jpg\" data-orig-size=\"1280,960\" data-comments-opened=\"\" data-image-meta=\"{&quot;aperture&quot;:&quot;5.6&quot;,&quot;credit&quot;:&quot;&quot;,&quot;camera&quot;:&quot;TG-2&quot;,&quot;caption&quot;:&quot;OLYMPUS DIGITAL CAMERA&quot;,&quot;created_timestamp&quot;:&quot;1467488646&quot;,&quot;copyright&quot;:&quot;&quot;,&quot;focal_length&quot;:&quot;13.47&quot;,&quot;iso&quot;:&quot;100&quot;,&quot;shutter_speed&quot;:&quot;0.00625&quot;,&quot;title&quot;:&quot;OLYMPUS DIGITAL CAMERA&quot;,&quot;orientation&quot;:&quot;1&quot;}\" data-image-title=\"mediterrani\" data-image-description=\"\" data-medium-file=\"https:\/\/www.sempreviaggiando.com\/wp-content\/uploads\/2016\/07\/cantada-havaneres-calella-50-4-300x225.jpg\" data-large-file=\"https:\/\/www.sempreviaggiando.com\/wp-content\/uploads\/2016\/07\/cantada-havaneres-calella-50-4-1024x768.jpg\" src=\"https:\/\/i0.wp.com\/www.sempreviaggiando.com\/wp-content\/uploads\/2016\/07\/cantada-havaneres-calella-50-4.jpg?w=386&#038;h=289&#038;ssl=1\" srcset=\"https:\/\/www.sempreviaggiando.com\/wp-content\/uploads\/2016\/07\/cantada-havaneres-calella-50-4.jpg 1280w, https:\/\/www.sempreviaggiando.com\/wp-content\/uploads\/2016\/07\/cantada-havaneres-calella-50-4-300x225.jpg 300w, https:\/\/www.sempreviaggiando.com\/wp-content\/uploads\/2016\/07\/cantada-havaneres-calella-50-4-768x576.jpg 768w, https:\/\/www.sempreviaggiando.com\/wp-content\/uploads\/2016\/07\/cantada-havaneres-calella-50-4-1024x768.jpg 1024w, https:\/\/www.sempreviaggiando.com\/wp-content\/uploads\/2016\/07\/cantada-havaneres-calella-50-4-400x300.jpg 400w\" width=\"386\" height=\"289\" loading=\"lazy\" data-original-width=\"386\" data-original-height=\"289\" itemprop=\"http:\/\/schema.org\/image\" title=\"mediterrani\" alt=\"mediterrani\" style=\"width: 386px; height: 289px;\" \/> <\/a> <\/div> <div class=\"tiled-gallery-item tiled-gallery-item-large\" itemprop=\"associatedMedia\" itemscope itemtype=\"http:\/\/schema.org\/ImageObject\"> <a href=\"https:\/\/www.sempreviaggiando.com\/ca\/olympus-digital-camera-835-2\/\" border=\"0\" itemprop=\"url\"> <meta itemprop=\"width\" content=\"386\"> <meta itemprop=\"height\" content=\"289\"> <img decoding=\"async\" class=\"\" data-attachment-id=\"20316\" data-orig-file=\"https:\/\/www.sempreviaggiando.com\/wp-content\/uploads\/2016\/07\/cantada-havaneres-calella-50-7.jpg\" data-orig-size=\"1280,960\" data-comments-opened=\"\" data-image-meta=\"{&quot;aperture&quot;:&quot;2&quot;,&quot;credit&quot;:&quot;&quot;,&quot;camera&quot;:&quot;TG-2&quot;,&quot;caption&quot;:&quot;OLYMPUS DIGITAL CAMERA&quot;,&quot;created_timestamp&quot;:&quot;1467492997&quot;,&quot;copyright&quot;:&quot;&quot;,&quot;focal_length&quot;:&quot;4.5&quot;,&quot;iso&quot;:&quot;1000&quot;,&quot;shutter_speed&quot;:&quot;0.05&quot;,&quot;title&quot;:&quot;OLYMPUS DIGITAL CAMERA&quot;,&quot;orientation&quot;:&quot;1&quot;}\" data-image-title=\"Rom Cremat\" data-image-description=\"\" data-medium-file=\"https:\/\/www.sempreviaggiando.com\/wp-content\/uploads\/2016\/07\/cantada-havaneres-calella-50-7-300x225.jpg\" data-large-file=\"https:\/\/www.sempreviaggiando.com\/wp-content\/uploads\/2016\/07\/cantada-havaneres-calella-50-7-1024x768.jpg\" src=\"https:\/\/i0.wp.com\/www.sempreviaggiando.com\/wp-content\/uploads\/2016\/07\/cantada-havaneres-calella-50-7.jpg?w=386&#038;h=289&#038;ssl=1\" srcset=\"https:\/\/www.sempreviaggiando.com\/wp-content\/uploads\/2016\/07\/cantada-havaneres-calella-50-7.jpg 1280w, https:\/\/www.sempreviaggiando.com\/wp-content\/uploads\/2016\/07\/cantada-havaneres-calella-50-7-300x225.jpg 300w, https:\/\/www.sempreviaggiando.com\/wp-content\/uploads\/2016\/07\/cantada-havaneres-calella-50-7-768x576.jpg 768w, https:\/\/www.sempreviaggiando.com\/wp-content\/uploads\/2016\/07\/cantada-havaneres-calella-50-7-1024x768.jpg 1024w, https:\/\/www.sempreviaggiando.com\/wp-content\/uploads\/2016\/07\/cantada-havaneres-calella-50-7-400x300.jpg 400w\" width=\"386\" height=\"289\" loading=\"lazy\" data-original-width=\"386\" data-original-height=\"289\" itemprop=\"http:\/\/schema.org\/image\" title=\"Rom Cremat\" alt=\"&quot;Un Cremat&quot;\" style=\"width: 386px; height: 289px;\" \/> <\/a> <div class=\"tiled-gallery-caption\" itemprop=\"caption description\"> &#8220;Un Cremat&#8221; <\/div> <\/div> <\/div> <!-- close group --> <\/div> <!-- close row --> <\/div>\n<p><strong>La brisa de la mar, l&#8217;olor del rom cremat, la sorra de la platja als peus, la veu dels artistes en directe, un p\u00fablic totalment entregat (tamb\u00e9 des de les barques darrere l&#8217;escenari)&#8230;<\/strong> Tot va ajudar al fet que les havaneres de Calella fossin un espectacle molt emotiu i m\u00e0gic; i s\u00ed, molt millor que vistes per la tele!<\/p>\n<p>En aquesta 50\u00aa Cantada van actuar alguns cl\u00e0ssics de les Havaneres com <strong>Port Bo, Bergant\u00ed, Peix Fregit i S\u00edlvia P\u00e9rez Cruz<\/strong>. Despr\u00e9s d&#8217;alguns temes ben coneguts com\u00a0<strong><a href=\"http:\/\/www.acords.net\/lletra.php?titol=LaGavina&amp;grup=MarinaRossell\" target=\"_blank\" rel=\"noopener\">Gavina <\/a>del mestre Sir\u00e9s\u00a0o <a href=\"https:\/\/www.letras.com\/sara-montiel\/1024680\/\" target=\"_blank\" rel=\"noopener\">La Ca\u00f1a Dulce<\/a>\u00a0va arribar el moment m\u00e9s esperat de la nit<\/strong>: la cantada conjunta (artistes i p\u00fablic) de la\u00a0<strong><a href=\"http:\/\/www.letrasyletras.com\/cancion\/388337\/havaneres_la-bella-lola.html\" target=\"_blank\" rel=\"noopener\">La Bella Lola<\/a>\u00a0i\u00a0<a href=\"http:\/\/www.viasona.cat\/grup\/marina-rossell\/classics-catalans\/el-meu-avi\" target=\"_blank\" rel=\"noopener\">El Meu Avi<\/a><\/strong>. <strong>Mocadors en m\u00e0 i emoci\u00f3 m\u00e0xima!\u00a0<\/strong><\/p>\n<div id=\"attachment_15343\" style=\"width: 1290px\" class=\"wp-caption aligncenter\"><img loading=\"lazy\" decoding=\"async\" aria-describedby=\"caption-attachment-15343\" class=\"size-full wp-image-15343\" src=\"http:\/\/www.sempreviaggiando.com\/wp-content\/uploads\/2016\/07\/cantada-havaneres-calella-50-25.jpg\" alt=\"La Bella Lola Habanera\" width=\"1280\" height=\"960\" srcset=\"https:\/\/www.sempreviaggiando.com\/wp-content\/uploads\/2016\/07\/cantada-havaneres-calella-50-25.jpg 1280w, https:\/\/www.sempreviaggiando.com\/wp-content\/uploads\/2016\/07\/cantada-havaneres-calella-50-25-300x225.jpg 300w, https:\/\/www.sempreviaggiando.com\/wp-content\/uploads\/2016\/07\/cantada-havaneres-calella-50-25-768x576.jpg 768w, https:\/\/www.sempreviaggiando.com\/wp-content\/uploads\/2016\/07\/cantada-havaneres-calella-50-25-1024x768.jpg 1024w, https:\/\/www.sempreviaggiando.com\/wp-content\/uploads\/2016\/07\/cantada-havaneres-calella-50-25-400x300.jpg 400w\" sizes=\"auto, (max-width: 1280px) 100vw, 1280px\" \/><p id=\"caption-attachment-15343\" class=\"wp-caption-text\">La Bella Lola con los pa\u00f1uelos<\/p><\/div>\n<p>En acabar, vaig\u00a0sentir dir\u00a0a un parell de veterans que havia estat una de les millors Cantades d&#8217;Havaneres que havien vist mai \ud83d\ude42 Per a nosaltres era nom\u00e9s la primera, <strong>per\u00f2 ja estem desitjant repetir l&#8217;any vinent. Vam quedar encantats amb Calella i amb les Havaneres!<\/strong><\/p>\n<p><strong>Un gran aplaudiment per les tradicions que es mantenen i que triomfen!<\/strong> I un altre gran aplaudiment per a l&#8217;organitzaci\u00f3 de les Havaneres de Calella; no \u00e9s f\u00e0cil organitzar a tanta gent en tan poc espai i que sigui un \u00e8xit rotund!<\/p>\n<div class=\"tiled-gallery type-rectangular tiled-gallery-unresized\" data-original-width=\"1170\" data-carousel-extra='{&quot;blog_id&quot;:1,&quot;permalink&quot;:&quot;https:\\\/\\\/www.sempreviaggiando.com\\\/ca\\\/2016\\\/07\\\/06\\\/la-cantada-dhavaneres-de-calella\\\/&quot;,&quot;likes_blog_id&quot;:12732733}' itemscope itemtype=\"http:\/\/schema.org\/ImageGallery\" > <div class=\"gallery-row\" style=\"width: 1170px; height: 586px;\" data-original-width=\"1170\" data-original-height=\"586\" > <div class=\"gallery-group images-1\" style=\"width: 780px; height: 586px;\" data-original-width=\"780\" data-original-height=\"586\" > <div class=\"tiled-gallery-item tiled-gallery-item-large\" itemprop=\"associatedMedia\" itemscope itemtype=\"http:\/\/schema.org\/ImageObject\"> <a href=\"https:\/\/www.sempreviaggiando.com\/ca\/olympus-digital-camera-849-2\/\" border=\"0\" itemprop=\"url\"> <meta itemprop=\"width\" content=\"776\"> <meta itemprop=\"height\" content=\"582\"> <img decoding=\"async\" class=\"\" data-attachment-id=\"20330\" data-orig-file=\"https:\/\/www.sempreviaggiando.com\/wp-content\/uploads\/2016\/07\/cantada-havaneres-calella-50-21.jpg\" data-orig-size=\"1280,960\" data-comments-opened=\"\" data-image-meta=\"{&quot;aperture&quot;:&quot;3.5&quot;,&quot;credit&quot;:&quot;&quot;,&quot;camera&quot;:&quot;TG-2&quot;,&quot;caption&quot;:&quot;OLYMPUS DIGITAL CAMERA&quot;,&quot;created_timestamp&quot;:&quot;1467499769&quot;,&quot;copyright&quot;:&quot;&quot;,&quot;focal_length&quot;:&quot;10.29&quot;,&quot;iso&quot;:&quot;800&quot;,&quot;shutter_speed&quot;:&quot;0.025&quot;,&quot;title&quot;:&quot;OLYMPUS DIGITAL CAMERA&quot;,&quot;orientation&quot;:&quot;1&quot;}\" data-image-title=\"Habaneras Calella\" data-image-description=\"\" data-medium-file=\"https:\/\/www.sempreviaggiando.com\/wp-content\/uploads\/2016\/07\/cantada-havaneres-calella-50-21-300x225.jpg\" data-large-file=\"https:\/\/www.sempreviaggiando.com\/wp-content\/uploads\/2016\/07\/cantada-havaneres-calella-50-21-1024x768.jpg\" src=\"https:\/\/i0.wp.com\/www.sempreviaggiando.com\/wp-content\/uploads\/2016\/07\/cantada-havaneres-calella-50-21.jpg?w=776&#038;h=582&#038;ssl=1\" srcset=\"https:\/\/www.sempreviaggiando.com\/wp-content\/uploads\/2016\/07\/cantada-havaneres-calella-50-21.jpg 1280w, https:\/\/www.sempreviaggiando.com\/wp-content\/uploads\/2016\/07\/cantada-havaneres-calella-50-21-300x225.jpg 300w, https:\/\/www.sempreviaggiando.com\/wp-content\/uploads\/2016\/07\/cantada-havaneres-calella-50-21-768x576.jpg 768w, https:\/\/www.sempreviaggiando.com\/wp-content\/uploads\/2016\/07\/cantada-havaneres-calella-50-21-1024x768.jpg 1024w, https:\/\/www.sempreviaggiando.com\/wp-content\/uploads\/2016\/07\/cantada-havaneres-calella-50-21-400x300.jpg 400w\" width=\"776\" height=\"582\" loading=\"lazy\" data-original-width=\"776\" data-original-height=\"582\" itemprop=\"http:\/\/schema.org\/image\" title=\"Habaneras Calella\" alt=\"Actuaci\u00f3n de la habanera &quot;El Salanc de Calella&quot;\" style=\"width: 776px; height: 582px;\" \/> <\/a> <div class=\"tiled-gallery-caption\" itemprop=\"caption description\"> Actuaci\u00f3n de la habanera &#8220;El Salanc de Calella&#8221; <\/div> <\/div> <\/div> <!-- close group --> <div class=\"gallery-group images-2\" style=\"width: 390px; height: 586px;\" data-original-width=\"390\" data-original-height=\"586\" > <div class=\"tiled-gallery-item tiled-gallery-item-large\" itemprop=\"associatedMedia\" itemscope itemtype=\"http:\/\/schema.org\/ImageObject\"> <a href=\"https:\/\/www.sempreviaggiando.com\/ca\/olympus-digital-camera-845-2\/\" border=\"0\" itemprop=\"url\"> <meta itemprop=\"width\" content=\"386\"> <meta itemprop=\"height\" content=\"289\"> <img decoding=\"async\" class=\"\" data-attachment-id=\"20326\" data-orig-file=\"https:\/\/www.sempreviaggiando.com\/wp-content\/uploads\/2016\/07\/cantada-havaneres-calella-50-17.jpg\" data-orig-size=\"1280,960\" data-comments-opened=\"\" data-image-meta=\"{&quot;aperture&quot;:&quot;4.7&quot;,&quot;credit&quot;:&quot;&quot;,&quot;camera&quot;:&quot;TG-2&quot;,&quot;caption&quot;:&quot;OLYMPUS DIGITAL CAMERA&quot;,&quot;created_timestamp&quot;:&quot;1467495478&quot;,&quot;copyright&quot;:&quot;&quot;,&quot;focal_length&quot;:&quot;16.48&quot;,&quot;iso&quot;:&quot;800&quot;,&quot;shutter_speed&quot;:&quot;0.033333333333333&quot;,&quot;title&quot;:&quot;OLYMPUS DIGITAL CAMERA&quot;,&quot;orientation&quot;:&quot;1&quot;}\" data-image-title=\"grupo Port Bo\" data-image-description=\"\" data-medium-file=\"https:\/\/www.sempreviaggiando.com\/wp-content\/uploads\/2016\/07\/cantada-havaneres-calella-50-17-300x225.jpg\" data-large-file=\"https:\/\/www.sempreviaggiando.com\/wp-content\/uploads\/2016\/07\/cantada-havaneres-calella-50-17-1024x768.jpg\" src=\"https:\/\/i0.wp.com\/www.sempreviaggiando.com\/wp-content\/uploads\/2016\/07\/cantada-havaneres-calella-50-17.jpg?w=386&#038;h=289&#038;ssl=1\" srcset=\"https:\/\/www.sempreviaggiando.com\/wp-content\/uploads\/2016\/07\/cantada-havaneres-calella-50-17.jpg 1280w, https:\/\/www.sempreviaggiando.com\/wp-content\/uploads\/2016\/07\/cantada-havaneres-calella-50-17-300x225.jpg 300w, https:\/\/www.sempreviaggiando.com\/wp-content\/uploads\/2016\/07\/cantada-havaneres-calella-50-17-768x576.jpg 768w, https:\/\/www.sempreviaggiando.com\/wp-content\/uploads\/2016\/07\/cantada-havaneres-calella-50-17-1024x768.jpg 1024w, https:\/\/www.sempreviaggiando.com\/wp-content\/uploads\/2016\/07\/cantada-havaneres-calella-50-17-400x300.jpg 400w\" width=\"386\" height=\"289\" loading=\"lazy\" data-original-width=\"386\" data-original-height=\"289\" itemprop=\"http:\/\/schema.org\/image\" title=\"grupo Port Bo\" alt=\"grupo Port Bo\" style=\"width: 386px; height: 289px;\" \/> <\/a> <div class=\"tiled-gallery-caption\" itemprop=\"caption description\"> grupo Port Bo <\/div> <\/div> <div class=\"tiled-gallery-item tiled-gallery-item-large\" itemprop=\"associatedMedia\" itemscope itemtype=\"http:\/\/schema.org\/ImageObject\"> <a href=\"https:\/\/www.sempreviaggiando.com\/ca\/cantada-havaneres-calella-50-2-2\/\" border=\"0\" itemprop=\"url\"> <meta itemprop=\"width\" content=\"386\"> <meta itemprop=\"height\" content=\"289\"> <img decoding=\"async\" class=\"\" data-attachment-id=\"20339\" data-orig-file=\"https:\/\/www.sempreviaggiando.com\/wp-content\/uploads\/2016\/07\/cantada-havaneres-calella-50-2-2.jpg\" data-orig-size=\"1336,1002\" data-comments-opened=\"\" data-image-meta=\"{&quot;aperture&quot;:&quot;0&quot;,&quot;credit&quot;:&quot;&quot;,&quot;camera&quot;:&quot;&quot;,&quot;caption&quot;:&quot;&quot;,&quot;created_timestamp&quot;:&quot;0&quot;,&quot;copyright&quot;:&quot;&quot;,&quot;focal_length&quot;:&quot;0&quot;,&quot;iso&quot;:&quot;0&quot;,&quot;shutter_speed&quot;:&quot;0&quot;,&quot;title&quot;:&quot;&quot;,&quot;orientation&quot;:&quot;0&quot;}\" data-image-title=\"Habaneras Calella\" data-image-description=\"\" data-medium-file=\"https:\/\/www.sempreviaggiando.com\/wp-content\/uploads\/2016\/07\/cantada-havaneres-calella-50-2-2-300x225.jpg\" data-large-file=\"https:\/\/www.sempreviaggiando.com\/wp-content\/uploads\/2016\/07\/cantada-havaneres-calella-50-2-2-1024x768.jpg\" src=\"https:\/\/i0.wp.com\/www.sempreviaggiando.com\/wp-content\/uploads\/2016\/07\/cantada-havaneres-calella-50-2-2.jpg?w=386&#038;h=289&#038;ssl=1\" srcset=\"https:\/\/www.sempreviaggiando.com\/wp-content\/uploads\/2016\/07\/cantada-havaneres-calella-50-2-2.jpg 1336w, https:\/\/www.sempreviaggiando.com\/wp-content\/uploads\/2016\/07\/cantada-havaneres-calella-50-2-2-300x225.jpg 300w, https:\/\/www.sempreviaggiando.com\/wp-content\/uploads\/2016\/07\/cantada-havaneres-calella-50-2-2-768x576.jpg 768w, https:\/\/www.sempreviaggiando.com\/wp-content\/uploads\/2016\/07\/cantada-havaneres-calella-50-2-2-1024x768.jpg 1024w, https:\/\/www.sempreviaggiando.com\/wp-content\/uploads\/2016\/07\/cantada-havaneres-calella-50-2-2-400x300.jpg 400w\" width=\"386\" height=\"289\" loading=\"lazy\" data-original-width=\"386\" data-original-height=\"289\" itemprop=\"http:\/\/schema.org\/image\" title=\"Habaneras Calella\" alt=\"Habaneras Calella\" style=\"width: 386px; height: 289px;\" \/> <\/a> <\/div> <\/div> <!-- close group --> <\/div> <!-- close row --> <div class=\"gallery-row\" style=\"width: 1170px; height: 294px;\" data-original-width=\"1170\" data-original-height=\"294\" > <div class=\"gallery-group images-1\" style=\"width: 390px; height: 294px;\" data-original-width=\"390\" data-original-height=\"294\" > <div class=\"tiled-gallery-item tiled-gallery-item-large\" itemprop=\"associatedMedia\" itemscope itemtype=\"http:\/\/schema.org\/ImageObject\"> <a href=\"https:\/\/www.sempreviaggiando.com\/ca\/2016\/07\/06\/la-cantada-dhavaneres-de-calella\/olympus-digital-camera-848-2\/\" border=\"0\" itemprop=\"url\"> <meta itemprop=\"width\" content=\"386\"> <meta itemprop=\"height\" content=\"290\"> <img decoding=\"async\" class=\"\" data-attachment-id=\"20329\" data-orig-file=\"https:\/\/www.sempreviaggiando.com\/wp-content\/uploads\/2016\/07\/cantada-havaneres-calella-50-20.jpg\" data-orig-size=\"1280,960\" data-comments-opened=\"\" data-image-meta=\"{&quot;aperture&quot;:&quot;4&quot;,&quot;credit&quot;:&quot;&quot;,&quot;camera&quot;:&quot;TG-2&quot;,&quot;caption&quot;:&quot;OLYMPUS DIGITAL CAMERA&quot;,&quot;created_timestamp&quot;:&quot;1467498564&quot;,&quot;copyright&quot;:&quot;&quot;,&quot;focal_length&quot;:&quot;12.6&quot;,&quot;iso&quot;:&quot;800&quot;,&quot;shutter_speed&quot;:&quot;0.04&quot;,&quot;title&quot;:&quot;OLYMPUS DIGITAL CAMERA&quot;,&quot;orientation&quot;:&quot;1&quot;}\" data-image-title=\"Peix Fregit\" data-image-description=\"\" data-medium-file=\"https:\/\/www.sempreviaggiando.com\/wp-content\/uploads\/2016\/07\/cantada-havaneres-calella-50-20-300x225.jpg\" data-large-file=\"https:\/\/www.sempreviaggiando.com\/wp-content\/uploads\/2016\/07\/cantada-havaneres-calella-50-20-1024x768.jpg\" src=\"https:\/\/i0.wp.com\/www.sempreviaggiando.com\/wp-content\/uploads\/2016\/07\/cantada-havaneres-calella-50-20.jpg?w=386&#038;h=290&#038;ssl=1\" srcset=\"https:\/\/www.sempreviaggiando.com\/wp-content\/uploads\/2016\/07\/cantada-havaneres-calella-50-20.jpg 1280w, https:\/\/www.sempreviaggiando.com\/wp-content\/uploads\/2016\/07\/cantada-havaneres-calella-50-20-300x225.jpg 300w, https:\/\/www.sempreviaggiando.com\/wp-content\/uploads\/2016\/07\/cantada-havaneres-calella-50-20-768x576.jpg 768w, https:\/\/www.sempreviaggiando.com\/wp-content\/uploads\/2016\/07\/cantada-havaneres-calella-50-20-1024x768.jpg 1024w, https:\/\/www.sempreviaggiando.com\/wp-content\/uploads\/2016\/07\/cantada-havaneres-calella-50-20-400x300.jpg 400w\" width=\"386\" height=\"290\" loading=\"lazy\" data-original-width=\"386\" data-original-height=\"290\" itemprop=\"http:\/\/schema.org\/image\" title=\"Peix Fregit\" alt=\"Grupo Peix Fregit\" style=\"width: 386px; height: 290px;\" \/> <\/a> <div class=\"tiled-gallery-caption\" itemprop=\"caption description\"> Grupo Peix Fregit <\/div> <\/div> <\/div> <!-- close group --> <div class=\"gallery-group images-1\" style=\"width: 390px; height: 294px;\" data-original-width=\"390\" data-original-height=\"294\" > <div class=\"tiled-gallery-item tiled-gallery-item-large\" itemprop=\"associatedMedia\" itemscope itemtype=\"http:\/\/schema.org\/ImageObject\"> <a href=\"https:\/\/www.sempreviaggiando.com\/ca\/olympus-digital-camera-850-2\/\" border=\"0\" itemprop=\"url\"> <meta itemprop=\"width\" content=\"386\"> <meta itemprop=\"height\" content=\"290\"> <img decoding=\"async\" class=\"\" data-attachment-id=\"20331\" data-orig-file=\"https:\/\/www.sempreviaggiando.com\/wp-content\/uploads\/2016\/07\/cantada-havaneres-calella-50-22.jpg\" data-orig-size=\"1280,960\" data-comments-opened=\"\" data-image-meta=\"{&quot;aperture&quot;:&quot;4.9&quot;,&quot;credit&quot;:&quot;&quot;,&quot;camera&quot;:&quot;TG-2&quot;,&quot;caption&quot;:&quot;OLYMPUS DIGITAL CAMERA&quot;,&quot;created_timestamp&quot;:&quot;1467500275&quot;,&quot;copyright&quot;:&quot;&quot;,&quot;focal_length&quot;:&quot;18&quot;,&quot;iso&quot;:&quot;1000&quot;,&quot;shutter_speed&quot;:&quot;0.04&quot;,&quot;title&quot;:&quot;OLYMPUS DIGITAL CAMERA&quot;,&quot;orientation&quot;:&quot;1&quot;}\" data-image-title=\"Silvia Perez Cruz\" data-image-description=\"\" data-medium-file=\"https:\/\/www.sempreviaggiando.com\/wp-content\/uploads\/2016\/07\/cantada-havaneres-calella-50-22-300x225.jpg\" data-large-file=\"https:\/\/www.sempreviaggiando.com\/wp-content\/uploads\/2016\/07\/cantada-havaneres-calella-50-22-1024x768.jpg\" src=\"https:\/\/i0.wp.com\/www.sempreviaggiando.com\/wp-content\/uploads\/2016\/07\/cantada-havaneres-calella-50-22.jpg?w=386&#038;h=290&#038;ssl=1\" srcset=\"https:\/\/www.sempreviaggiando.com\/wp-content\/uploads\/2016\/07\/cantada-havaneres-calella-50-22.jpg 1280w, https:\/\/www.sempreviaggiando.com\/wp-content\/uploads\/2016\/07\/cantada-havaneres-calella-50-22-300x225.jpg 300w, https:\/\/www.sempreviaggiando.com\/wp-content\/uploads\/2016\/07\/cantada-havaneres-calella-50-22-768x576.jpg 768w, https:\/\/www.sempreviaggiando.com\/wp-content\/uploads\/2016\/07\/cantada-havaneres-calella-50-22-1024x768.jpg 1024w, https:\/\/www.sempreviaggiando.com\/wp-content\/uploads\/2016\/07\/cantada-havaneres-calella-50-22-400x300.jpg 400w\" width=\"386\" height=\"290\" loading=\"lazy\" data-original-width=\"386\" data-original-height=\"290\" itemprop=\"http:\/\/schema.org\/image\" title=\"Silvia Perez Cruz\" alt=\"Silvia Perez Cruz\" style=\"width: 386px; height: 290px;\" \/> <\/a> <div class=\"tiled-gallery-caption\" itemprop=\"caption description\"> Silvia Perez Cruz <\/div> <\/div> <\/div> <!-- close group --> <div class=\"gallery-group images-1\" style=\"width: 390px; height: 294px;\" data-original-width=\"390\" data-original-height=\"294\" > <div class=\"tiled-gallery-item tiled-gallery-item-large\" itemprop=\"associatedMedia\" itemscope itemtype=\"http:\/\/schema.org\/ImageObject\"> <a href=\"https:\/\/www.sempreviaggiando.com\/ca\/olympus-digital-camera-836-2\/\" border=\"0\" itemprop=\"url\"> <meta itemprop=\"width\" content=\"386\"> <meta itemprop=\"height\" content=\"290\"> <img decoding=\"async\" class=\"\" data-attachment-id=\"20317\" data-orig-file=\"https:\/\/www.sempreviaggiando.com\/wp-content\/uploads\/2016\/07\/cantada-havaneres-calella-50-8.jpg\" data-orig-size=\"1280,960\" data-comments-opened=\"\" data-image-meta=\"{&quot;aperture&quot;:&quot;2&quot;,&quot;credit&quot;:&quot;&quot;,&quot;camera&quot;:&quot;TG-2&quot;,&quot;caption&quot;:&quot;OLYMPUS DIGITAL CAMERA&quot;,&quot;created_timestamp&quot;:&quot;1467493253&quot;,&quot;copyright&quot;:&quot;&quot;,&quot;focal_length&quot;:&quot;4.5&quot;,&quot;iso&quot;:&quot;640&quot;,&quot;shutter_speed&quot;:&quot;0.033333333333333&quot;,&quot;title&quot;:&quot;OLYMPUS DIGITAL CAMERA&quot;,&quot;orientation&quot;:&quot;1&quot;}\" data-image-title=\"Havaneres Calella\" data-image-description=\"\" data-medium-file=\"https:\/\/www.sempreviaggiando.com\/wp-content\/uploads\/2016\/07\/cantada-havaneres-calella-50-8-300x225.jpg\" data-large-file=\"https:\/\/www.sempreviaggiando.com\/wp-content\/uploads\/2016\/07\/cantada-havaneres-calella-50-8-1024x768.jpg\" src=\"https:\/\/i0.wp.com\/www.sempreviaggiando.com\/wp-content\/uploads\/2016\/07\/cantada-havaneres-calella-50-8.jpg?w=386&#038;h=290&#038;ssl=1\" srcset=\"https:\/\/www.sempreviaggiando.com\/wp-content\/uploads\/2016\/07\/cantada-havaneres-calella-50-8.jpg 1280w, https:\/\/www.sempreviaggiando.com\/wp-content\/uploads\/2016\/07\/cantada-havaneres-calella-50-8-300x225.jpg 300w, https:\/\/www.sempreviaggiando.com\/wp-content\/uploads\/2016\/07\/cantada-havaneres-calella-50-8-768x576.jpg 768w, https:\/\/www.sempreviaggiando.com\/wp-content\/uploads\/2016\/07\/cantada-havaneres-calella-50-8-1024x768.jpg 1024w, https:\/\/www.sempreviaggiando.com\/wp-content\/uploads\/2016\/07\/cantada-havaneres-calella-50-8-400x300.jpg 400w\" width=\"386\" height=\"290\" loading=\"lazy\" data-original-width=\"386\" data-original-height=\"290\" itemprop=\"http:\/\/schema.org\/image\" title=\"Havaneres Calella\" alt=\"Havaneres Calella\" style=\"width: 386px; height: 290px;\" \/> <\/a> <\/div> <\/div> <!-- close group --> <\/div> <!-- close row --> <\/div>\n<p><img loading=\"lazy\" decoding=\"async\" class=\"aligncenter size-full wp-image-15323\" src=\"http:\/\/www.sempreviaggiando.com\/wp-content\/uploads\/2016\/07\/cantada-havaneres-calella-50-5.jpg\" alt=\"Cantada de Havaneras Calella\" width=\"1280\" height=\"623\" srcset=\"https:\/\/www.sempreviaggiando.com\/wp-content\/uploads\/2016\/07\/cantada-havaneres-calella-50-5.jpg 1280w, https:\/\/www.sempreviaggiando.com\/wp-content\/uploads\/2016\/07\/cantada-havaneres-calella-50-5-300x146.jpg 300w, https:\/\/www.sempreviaggiando.com\/wp-content\/uploads\/2016\/07\/cantada-havaneres-calella-50-5-768x374.jpg 768w, https:\/\/www.sempreviaggiando.com\/wp-content\/uploads\/2016\/07\/cantada-havaneres-calella-50-5-1024x498.jpg 1024w\" sizes=\"auto, (max-width: 1280px) 100vw, 1280px\" \/><\/p>\n<h4>VEURE LES\u00a0HAVANERES DE CALELLA DES DE LA PLATJA<\/h4>\n<p>Les <strong>entrades<\/strong> surten a la venda un parell de mesos abans (al maig) a trav\u00e9s del <strong>web oficial del festival:<\/strong>\u00a0<strong><a href=\"http:\/\/HavaneresCalella.cat\" target=\"_blank\" rel=\"noopener\">HavaneresCalella.cat<\/a><\/strong>. Tenen seient numerat i costen uns 30 \u20ac. Si us quedeu sense entrada o no us ve de gust comprar-ne\u00a0de numerades, hi ha altres formes de <strong>veure les Havaneres en directe<\/strong>:<\/p>\n<ul>\n<li><strong>La platja del Port Bo \u00e9s de lliure acc\u00e9s<\/strong>. \u00c9s la platja on\u00a0s&#8217;ubiquen l&#8217;escenari i les grades. No tindreu la millor visi\u00f3 dels artistes, per\u00f2 veureu el p\u00fablic, les barques i l&#8217;ambient general. \u00c9s la platja que m\u00e9s s&#8217;emplena, aix\u00ed que aneu-hi d&#8217;hora per agafar lloc.<\/li>\n<li><strong>A les altres platges de Calella (Canadell i Port Pelegr\u00ed)<\/strong>\u00a0s&#8217;instal\u00b7len pantalles gegants per veure l&#8217;esdeveniment en directe i <strong>ofereixen <a href=\"http:\/\/www.havanerescalella.cat\/programa\/la-cantada\/\" target=\"_blank\" rel=\"noopener\">concerts durant tot el cap de setmana de la Cantada<\/a><\/strong>. Em va semblar un lloc fabul\u00f3s per seguir les havaneres. Encara que des d&#8217;aquestes platges no veureu l&#8217;escenari ni l&#8217;ambient en directe, un punt al seu favor \u00e9s que estan menys plenes\u00a0i hi ha m\u00e9s espai per estirar-se i fer un p\u00edcnic amb els amics, per exemple.<br \/>\nNosaltres vam aprofitar per fer un\u00a0tomb\u00a0per les platges de Calella mentre esper\u00e0vem que comenc\u00e9s la Cantada.<strong> Vam coincidir amb un concert de\u00a0<a href=\"http:\/\/www.juditneddermann.com\/\" target=\"_blank\" rel=\"noopener\">Judit Neddermann<\/a> a la platja del Port Pelegr\u00ed i vam sopar un \u00a0rap i un turbot a la planxa exquisits al restaurant Fiego<\/strong> que hi ha a la mateixa platja. Peix fresc i m\u00fasica en directe; el pre\u00e0mbul perfecte per preparar-nos per les havaneres!<\/li>\n<li><strong>A Llafranc i Palafrugell tamb\u00e9 s&#8217;instal\u00b7len pantalles gegants per veure l&#8217;esdeveniment en directe<\/strong>. A m\u00e9s, en motiu del 50\u00e8 aniversari, altres poblacions com Puigcerd\u00e0, Lleida, Tortosa i Sant Feliu de Llobregat s&#8217;han sumat a la retransmissi\u00f3 en directe des de les places del poble.<\/li>\n<li><strong>Si sou dels afortunats que teniu una barca (o un amic amb una barca)<\/strong>, podeu veure les havaneres des del mar, a l&#8217;estil m\u00e9s mariner. Les barques estan unes al costat de les altres, darrere l&#8217;escenari, i per descomptat s\u00f3n una festa cont\u00ednua! Alguns aprofiten per sopar escoltant les havaneres, altres animen la festa des de la llunyania.<\/li>\n<\/ul>\n<div class=\"tiled-gallery type-rectangular tiled-gallery-unresized\" data-original-width=\"1170\" data-carousel-extra='{&quot;blog_id&quot;:1,&quot;permalink&quot;:&quot;https:\\\/\\\/www.sempreviaggiando.com\\\/ca\\\/2016\\\/07\\\/06\\\/la-cantada-dhavaneres-de-calella\\\/&quot;,&quot;likes_blog_id&quot;:12732733}' itemscope itemtype=\"http:\/\/schema.org\/ImageGallery\" > <div class=\"gallery-row\" style=\"width: 1170px; height: 586px;\" data-original-width=\"1170\" data-original-height=\"586\" > <div class=\"gallery-group images-1\" style=\"width: 780px; height: 586px;\" data-original-width=\"780\" data-original-height=\"586\" > <div class=\"tiled-gallery-item tiled-gallery-item-large\" itemprop=\"associatedMedia\" itemscope itemtype=\"http:\/\/schema.org\/ImageObject\"> <a href=\"https:\/\/www.sempreviaggiando.com\/ca\/sdr-30-2\/\" border=\"0\" itemprop=\"url\"> <meta itemprop=\"width\" content=\"776\"> <meta itemprop=\"height\" content=\"582\"> <img decoding=\"async\" class=\"\" data-attachment-id=\"20337\" data-orig-file=\"https:\/\/www.sempreviaggiando.com\/wp-content\/uploads\/2016\/07\/cantada-havaneres-calella-50-3-1.jpg\" data-orig-size=\"1280,960\" data-comments-opened=\"\" data-image-meta=\"{&quot;aperture&quot;:&quot;2&quot;,&quot;credit&quot;:&quot;&quot;,&quot;camera&quot;:&quot;HUAWEI GRA-L09&quot;,&quot;caption&quot;:&quot;sdr&quot;,&quot;created_timestamp&quot;:&quot;1467492448&quot;,&quot;copyright&quot;:&quot;&quot;,&quot;focal_length&quot;:&quot;3.83&quot;,&quot;iso&quot;:&quot;50&quot;,&quot;shutter_speed&quot;:&quot;0.019991999934693&quot;,&quot;title&quot;:&quot;sdr&quot;,&quot;orientation&quot;:&quot;1&quot;}\" data-image-title=\"Port Pelegr\u00ed Calella\" data-image-description=\"\" data-medium-file=\"https:\/\/www.sempreviaggiando.com\/wp-content\/uploads\/2016\/07\/cantada-havaneres-calella-50-3-1-300x225.jpg\" data-large-file=\"https:\/\/www.sempreviaggiando.com\/wp-content\/uploads\/2016\/07\/cantada-havaneres-calella-50-3-1-1024x768.jpg\" src=\"https:\/\/i0.wp.com\/www.sempreviaggiando.com\/wp-content\/uploads\/2016\/07\/cantada-havaneres-calella-50-3-1.jpg?w=776&#038;h=582&#038;ssl=1\" srcset=\"https:\/\/www.sempreviaggiando.com\/wp-content\/uploads\/2016\/07\/cantada-havaneres-calella-50-3-1.jpg 1280w, https:\/\/www.sempreviaggiando.com\/wp-content\/uploads\/2016\/07\/cantada-havaneres-calella-50-3-1-300x225.jpg 300w, https:\/\/www.sempreviaggiando.com\/wp-content\/uploads\/2016\/07\/cantada-havaneres-calella-50-3-1-768x576.jpg 768w, https:\/\/www.sempreviaggiando.com\/wp-content\/uploads\/2016\/07\/cantada-havaneres-calella-50-3-1-1024x768.jpg 1024w, https:\/\/www.sempreviaggiando.com\/wp-content\/uploads\/2016\/07\/cantada-havaneres-calella-50-3-1-400x300.jpg 400w\" width=\"776\" height=\"582\" loading=\"lazy\" data-original-width=\"776\" data-original-height=\"582\" itemprop=\"http:\/\/schema.org\/image\" title=\"Port Pelegr\u00ed Calella\" alt=\"Concierto Judith Neddermann en Port Pelegr\u00ed\" style=\"width: 776px; height: 582px;\" \/> <\/a> <div class=\"tiled-gallery-caption\" itemprop=\"caption description\"> Concierto Judith Neddermann en Port Pelegr\u00ed <\/div> <\/div> <\/div> <!-- close group --> <div class=\"gallery-group images-2\" style=\"width: 390px; height: 586px;\" data-original-width=\"390\" data-original-height=\"586\" > <div class=\"tiled-gallery-item tiled-gallery-item-large\" itemprop=\"associatedMedia\" itemscope itemtype=\"http:\/\/schema.org\/ImageObject\"> <a href=\"https:\/\/www.sempreviaggiando.com\/ca\/olympus-digital-camera-846-2\/\" border=\"0\" itemprop=\"url\"> <meta itemprop=\"width\" content=\"386\"> <meta itemprop=\"height\" content=\"289\"> <img decoding=\"async\" class=\"\" data-attachment-id=\"20327\" data-orig-file=\"https:\/\/www.sempreviaggiando.com\/wp-content\/uploads\/2016\/07\/cantada-havaneres-calella-50-18.jpg\" data-orig-size=\"1280,960\" data-comments-opened=\"\" data-image-meta=\"{&quot;aperture&quot;:&quot;2&quot;,&quot;credit&quot;:&quot;&quot;,&quot;camera&quot;:&quot;TG-2&quot;,&quot;caption&quot;:&quot;OLYMPUS DIGITAL CAMERA&quot;,&quot;created_timestamp&quot;:&quot;1467496639&quot;,&quot;copyright&quot;:&quot;&quot;,&quot;focal_length&quot;:&quot;4.5&quot;,&quot;iso&quot;:&quot;800&quot;,&quot;shutter_speed&quot;:&quot;0.04&quot;,&quot;title&quot;:&quot;OLYMPUS DIGITAL CAMERA&quot;,&quot;orientation&quot;:&quot;1&quot;}\" data-image-title=\"Gradas Port Bo\" data-image-description=\"\" data-medium-file=\"https:\/\/www.sempreviaggiando.com\/wp-content\/uploads\/2016\/07\/cantada-havaneres-calella-50-18-300x225.jpg\" data-large-file=\"https:\/\/www.sempreviaggiando.com\/wp-content\/uploads\/2016\/07\/cantada-havaneres-calella-50-18-1024x768.jpg\" src=\"https:\/\/i0.wp.com\/www.sempreviaggiando.com\/wp-content\/uploads\/2016\/07\/cantada-havaneres-calella-50-18.jpg?w=386&#038;h=289&#038;ssl=1\" srcset=\"https:\/\/www.sempreviaggiando.com\/wp-content\/uploads\/2016\/07\/cantada-havaneres-calella-50-18.jpg 1280w, https:\/\/www.sempreviaggiando.com\/wp-content\/uploads\/2016\/07\/cantada-havaneres-calella-50-18-300x225.jpg 300w, https:\/\/www.sempreviaggiando.com\/wp-content\/uploads\/2016\/07\/cantada-havaneres-calella-50-18-768x576.jpg 768w, https:\/\/www.sempreviaggiando.com\/wp-content\/uploads\/2016\/07\/cantada-havaneres-calella-50-18-1024x768.jpg 1024w, https:\/\/www.sempreviaggiando.com\/wp-content\/uploads\/2016\/07\/cantada-havaneres-calella-50-18-400x300.jpg 400w\" width=\"386\" height=\"289\" loading=\"lazy\" data-original-width=\"386\" data-original-height=\"289\" itemprop=\"http:\/\/schema.org\/image\" title=\"Gradas Port Bo\" alt=\"Gradas Port Bo\" style=\"width: 386px; height: 289px;\" \/> <\/a> <div class=\"tiled-gallery-caption\" itemprop=\"caption description\"> Gradas Port Bo <\/div> <\/div> <div class=\"tiled-gallery-item tiled-gallery-item-large\" itemprop=\"associatedMedia\" itemscope itemtype=\"http:\/\/schema.org\/ImageObject\"> <a href=\"https:\/\/www.sempreviaggiando.com\/ca\/olympus-digital-camera-854-2\/\" border=\"0\" itemprop=\"url\"> <meta itemprop=\"width\" content=\"386\"> <meta itemprop=\"height\" content=\"289\"> <img decoding=\"async\" class=\"\" data-attachment-id=\"20336\" data-orig-file=\"https:\/\/www.sempreviaggiando.com\/wp-content\/uploads\/2016\/07\/cantada-havaneres-calella-50-2-1.jpg\" data-orig-size=\"1280,960\" data-comments-opened=\"\" data-image-meta=\"{&quot;aperture&quot;:&quot;2.8&quot;,&quot;credit&quot;:&quot;&quot;,&quot;camera&quot;:&quot;TG-2&quot;,&quot;caption&quot;:&quot;OLYMPUS DIGITAL CAMERA&quot;,&quot;created_timestamp&quot;:&quot;1467488213&quot;,&quot;copyright&quot;:&quot;&quot;,&quot;focal_length&quot;:&quot;4.5&quot;,&quot;iso&quot;:&quot;100&quot;,&quot;shutter_speed&quot;:&quot;0.002&quot;,&quot;title&quot;:&quot;OLYMPUS DIGITAL CAMERA&quot;,&quot;orientation&quot;:&quot;1&quot;}\" data-image-title=\"Platja Port Bo\" data-image-description=\"\" data-medium-file=\"https:\/\/www.sempreviaggiando.com\/wp-content\/uploads\/2016\/07\/cantada-havaneres-calella-50-2-1-300x225.jpg\" data-large-file=\"https:\/\/www.sempreviaggiando.com\/wp-content\/uploads\/2016\/07\/cantada-havaneres-calella-50-2-1-1024x768.jpg\" src=\"https:\/\/i0.wp.com\/www.sempreviaggiando.com\/wp-content\/uploads\/2016\/07\/cantada-havaneres-calella-50-2-1.jpg?w=386&#038;h=289&#038;ssl=1\" srcset=\"https:\/\/www.sempreviaggiando.com\/wp-content\/uploads\/2016\/07\/cantada-havaneres-calella-50-2-1.jpg 1280w, https:\/\/www.sempreviaggiando.com\/wp-content\/uploads\/2016\/07\/cantada-havaneres-calella-50-2-1-300x225.jpg 300w, https:\/\/www.sempreviaggiando.com\/wp-content\/uploads\/2016\/07\/cantada-havaneres-calella-50-2-1-768x576.jpg 768w, https:\/\/www.sempreviaggiando.com\/wp-content\/uploads\/2016\/07\/cantada-havaneres-calella-50-2-1-1024x768.jpg 1024w, https:\/\/www.sempreviaggiando.com\/wp-content\/uploads\/2016\/07\/cantada-havaneres-calella-50-2-1-400x300.jpg 400w\" width=\"386\" height=\"289\" loading=\"lazy\" data-original-width=\"386\" data-original-height=\"289\" itemprop=\"http:\/\/schema.org\/image\" title=\"Platja Port Bo\" alt=\"Platja Port Bo\" style=\"width: 386px; height: 289px;\" \/> <\/a> <div class=\"tiled-gallery-caption\" itemprop=\"caption description\"> Platja Port Bo <\/div> <\/div> <\/div> <!-- close group --> <\/div> <!-- close row --> <\/div>\n<h4>LA CELEBRACI\u00d3 DELS 50 ANYS\u00a0D&#8217;HAVANERES S&#8217;ALLARGA TOT EL\u00a02016<\/h4>\n<p>Fins al 31 de juliol, els bars i restaurants de Palafrugell, Calella, Llafranc, Tamariu i Llofriu ofereixen la degustaci\u00f3 de la tapa &#8220;Havanera&#8221;, creada Joan Roca (El Celler de Can Roca), reconegut com el millor xef del m\u00f3n!<br \/>\nEl preu de la tapa \u00e9s de 3 \u20ac i inclou una cervesa d&#8217;Estrella Damm. Si preferiu alguna cosa m\u00e9s fresqueta, tamb\u00e9 podreu tastar el gelat de &#8220;Cremat&#8221;.<\/p>\n<p>Musicalment, les havaneres continuaran vives durant tot l&#8217;any. D&#8217;una banda, es va estrenar dissabte en directe una havanera nova &#8220;El Salanc de Calella&#8221;, que commemora els 50 anys d&#8217;havaneres de Calella. D&#8217;altra banda, al setembre i octubre, la Cantada d&#8217;Havaneres es realitzar\u00e0 als\u00a0auditoris de Girona, Barcelona, T\u00e0rrega i el Vendrell (<a href=\"http:\/\/www.havanerescalella.cat\/programa\/ambit-musical\/\" target=\"_blank\" rel=\"noopener\">m\u00e9s info<\/a>). I, finalment, els fans m\u00e9s nost\u00e0lgics ja poden adquirir el llibre reeditat de 1966 i el CD de la primera Cantada.<\/p>\n<h4>ABANS\u00a0DE LES HAVANERES&#8230; UN\u00a0TOMB\u00a0DE CALELLA A\u00a0LLAFRANC<\/h4>\n<p><strong>Si aneu a anar a la Cantada d&#8217;Havaneres de Calella un bon pla \u00e9s arribar unes hores abans i aprofitar el dia a Calella.<\/strong> A m\u00e9s a m\u00e9s de trobar aparcament gratu\u00eft (al carrer) m\u00e9s f\u00e0cilment, tindreu l&#8217;oportunitat de con\u00e8ixer una mica m\u00e9s <strong>les platges de Palafrugell<\/strong>. Feu un tomb per Calella, preneu un gelat o, fins i tot millor, pugeu al <strong>Bar 3 Pins<\/strong> (situat al cam\u00ed de ronda entre Calella i Llafranc) per prendre alguna cosa amb vistes al mar. \u00c9s un bar acollidor amb una enorme terrassa i preus normals malgrat les seves excel\u00b7lents vistes.<\/p>\n<div class=\"tiled-gallery type-rectangular tiled-gallery-unresized\" data-original-width=\"1170\" data-carousel-extra='{&quot;blog_id&quot;:1,&quot;permalink&quot;:&quot;https:\\\/\\\/www.sempreviaggiando.com\\\/ca\\\/2016\\\/07\\\/06\\\/la-cantada-dhavaneres-de-calella\\\/&quot;,&quot;likes_blog_id&quot;:12732733}' itemscope itemtype=\"http:\/\/schema.org\/ImageGallery\" > <div class=\"gallery-row\" style=\"width: 1170px; height: 586px;\" data-original-width=\"1170\" data-original-height=\"586\" > <div class=\"gallery-group images-1\" style=\"width: 780px; height: 586px;\" data-original-width=\"780\" data-original-height=\"586\" > <div class=\"tiled-gallery-item tiled-gallery-item-large\" itemprop=\"associatedMedia\" itemscope itemtype=\"http:\/\/schema.org\/ImageObject\"> <a href=\"https:\/\/www.sempreviaggiando.com\/ca\/cantada-havaneres-calella-50-5-2\/\" border=\"0\" itemprop=\"url\"> <meta itemprop=\"width\" content=\"776\"> <meta itemprop=\"height\" content=\"582\"> <img decoding=\"async\" class=\"\" data-attachment-id=\"20348\" data-orig-file=\"https:\/\/www.sempreviaggiando.com\/wp-content\/uploads\/2016\/07\/cantada-havaneres-calella-50.-5.jpg\" data-orig-size=\"1280,960\" data-comments-opened=\"\" data-image-meta=\"{&quot;aperture&quot;:&quot;0&quot;,&quot;credit&quot;:&quot;&quot;,&quot;camera&quot;:&quot;&quot;,&quot;caption&quot;:&quot;&quot;,&quot;created_timestamp&quot;:&quot;1467716345&quot;,&quot;copyright&quot;:&quot;&quot;,&quot;focal_length&quot;:&quot;0&quot;,&quot;iso&quot;:&quot;0&quot;,&quot;shutter_speed&quot;:&quot;0&quot;,&quot;title&quot;:&quot;&quot;,&quot;orientation&quot;:&quot;1&quot;}\" data-image-title=\"Bar 3 Pins\" data-image-description=\"\" data-medium-file=\"https:\/\/www.sempreviaggiando.com\/wp-content\/uploads\/2016\/07\/cantada-havaneres-calella-50.-5-300x225.jpg\" data-large-file=\"https:\/\/www.sempreviaggiando.com\/wp-content\/uploads\/2016\/07\/cantada-havaneres-calella-50.-5-1024x768.jpg\" src=\"https:\/\/i0.wp.com\/www.sempreviaggiando.com\/wp-content\/uploads\/2016\/07\/cantada-havaneres-calella-50.-5.jpg?w=776&#038;h=582&#038;ssl=1\" srcset=\"https:\/\/www.sempreviaggiando.com\/wp-content\/uploads\/2016\/07\/cantada-havaneres-calella-50.-5.jpg 1280w, https:\/\/www.sempreviaggiando.com\/wp-content\/uploads\/2016\/07\/cantada-havaneres-calella-50.-5-300x225.jpg 300w, https:\/\/www.sempreviaggiando.com\/wp-content\/uploads\/2016\/07\/cantada-havaneres-calella-50.-5-768x576.jpg 768w, https:\/\/www.sempreviaggiando.com\/wp-content\/uploads\/2016\/07\/cantada-havaneres-calella-50.-5-1024x768.jpg 1024w, https:\/\/www.sempreviaggiando.com\/wp-content\/uploads\/2016\/07\/cantada-havaneres-calella-50.-5-400x300.jpg 400w\" width=\"776\" height=\"582\" loading=\"lazy\" data-original-width=\"776\" data-original-height=\"582\" itemprop=\"http:\/\/schema.org\/image\" title=\"Bar 3 Pins\" alt=\"Bar 3 Pins\" style=\"width: 776px; height: 582px;\" \/> <\/a> <div class=\"tiled-gallery-caption\" itemprop=\"caption description\"> Bar 3 Pins <\/div> <\/div> <\/div> <!-- close group --> <div class=\"gallery-group images-2\" style=\"width: 390px; height: 586px;\" data-original-width=\"390\" data-original-height=\"586\" > <div class=\"tiled-gallery-item tiled-gallery-item-large\" itemprop=\"associatedMedia\" itemscope itemtype=\"http:\/\/schema.org\/ImageObject\"> <a href=\"https:\/\/www.sempreviaggiando.com\/ca\/dav-46-2\/\" border=\"0\" itemprop=\"url\"> <meta itemprop=\"width\" content=\"386\"> <meta itemprop=\"height\" content=\"289\"> <img decoding=\"async\" class=\"\" data-attachment-id=\"20344\" data-orig-file=\"https:\/\/www.sempreviaggiando.com\/wp-content\/uploads\/2016\/07\/cantada-havaneres-calella-50.-1.jpg\" data-orig-size=\"1280,960\" data-comments-opened=\"\" data-image-meta=\"{&quot;aperture&quot;:&quot;2&quot;,&quot;credit&quot;:&quot;&quot;,&quot;camera&quot;:&quot;HUAWEI GRA-L09&quot;,&quot;caption&quot;:&quot;dav&quot;,&quot;created_timestamp&quot;:&quot;1467485744&quot;,&quot;copyright&quot;:&quot;&quot;,&quot;focal_length&quot;:&quot;3.83&quot;,&quot;iso&quot;:&quot;64&quot;,&quot;shutter_speed&quot;:&quot;0.000204&quot;,&quot;title&quot;:&quot;dav&quot;,&quot;orientation&quot;:&quot;1&quot;}\" data-image-title=\"Camino de Ronda Calella &#8211; Llafranc\" data-image-description=\"\" data-medium-file=\"https:\/\/www.sempreviaggiando.com\/wp-content\/uploads\/2016\/07\/cantada-havaneres-calella-50.-1-300x225.jpg\" data-large-file=\"https:\/\/www.sempreviaggiando.com\/wp-content\/uploads\/2016\/07\/cantada-havaneres-calella-50.-1-1024x768.jpg\" src=\"https:\/\/i0.wp.com\/www.sempreviaggiando.com\/wp-content\/uploads\/2016\/07\/cantada-havaneres-calella-50.-1.jpg?w=386&#038;h=289&#038;ssl=1\" srcset=\"https:\/\/www.sempreviaggiando.com\/wp-content\/uploads\/2016\/07\/cantada-havaneres-calella-50.-1.jpg 1280w, https:\/\/www.sempreviaggiando.com\/wp-content\/uploads\/2016\/07\/cantada-havaneres-calella-50.-1-300x225.jpg 300w, https:\/\/www.sempreviaggiando.com\/wp-content\/uploads\/2016\/07\/cantada-havaneres-calella-50.-1-768x576.jpg 768w, https:\/\/www.sempreviaggiando.com\/wp-content\/uploads\/2016\/07\/cantada-havaneres-calella-50.-1-1024x768.jpg 1024w, https:\/\/www.sempreviaggiando.com\/wp-content\/uploads\/2016\/07\/cantada-havaneres-calella-50.-1-400x300.jpg 400w\" width=\"386\" height=\"289\" loading=\"lazy\" data-original-width=\"386\" data-original-height=\"289\" itemprop=\"http:\/\/schema.org\/image\" title=\"Camino de Ronda Calella - Llafranc\" alt=\"Camino de Ronda Calella - Llafranc\" style=\"width: 386px; height: 289px;\" \/> <\/a> <div class=\"tiled-gallery-caption\" itemprop=\"caption description\"> Camino de Ronda Calella &#8211; Llafranc <\/div> <\/div> <div class=\"tiled-gallery-item tiled-gallery-item-large\" itemprop=\"associatedMedia\" itemscope itemtype=\"http:\/\/schema.org\/ImageObject\"> <a href=\"https:\/\/www.sempreviaggiando.com\/ca\/dav-48-2\/\" border=\"0\" itemprop=\"url\"> <meta itemprop=\"width\" content=\"386\"> <meta itemprop=\"height\" content=\"289\"> <img decoding=\"async\" class=\"\" data-attachment-id=\"20346\" data-orig-file=\"https:\/\/www.sempreviaggiando.com\/wp-content\/uploads\/2016\/07\/cantada-havaneres-calella-50.-3.jpg\" data-orig-size=\"1280,960\" data-comments-opened=\"\" data-image-meta=\"{&quot;aperture&quot;:&quot;2&quot;,&quot;credit&quot;:&quot;&quot;,&quot;camera&quot;:&quot;HUAWEI GRA-L09&quot;,&quot;caption&quot;:&quot;dav&quot;,&quot;created_timestamp&quot;:&quot;1467487290&quot;,&quot;copyright&quot;:&quot;&quot;,&quot;focal_length&quot;:&quot;3.83&quot;,&quot;iso&quot;:&quot;64&quot;,&quot;shutter_speed&quot;:&quot;0.000744&quot;,&quot;title&quot;:&quot;dav&quot;,&quot;orientation&quot;:&quot;1&quot;}\" data-image-title=\"Llafranc\" data-image-description=\"\" data-medium-file=\"https:\/\/www.sempreviaggiando.com\/wp-content\/uploads\/2016\/07\/cantada-havaneres-calella-50.-3-300x225.jpg\" data-large-file=\"https:\/\/www.sempreviaggiando.com\/wp-content\/uploads\/2016\/07\/cantada-havaneres-calella-50.-3-1024x768.jpg\" src=\"https:\/\/i0.wp.com\/www.sempreviaggiando.com\/wp-content\/uploads\/2016\/07\/cantada-havaneres-calella-50.-3.jpg?w=386&#038;h=289&#038;ssl=1\" srcset=\"https:\/\/www.sempreviaggiando.com\/wp-content\/uploads\/2016\/07\/cantada-havaneres-calella-50.-3.jpg 1280w, https:\/\/www.sempreviaggiando.com\/wp-content\/uploads\/2016\/07\/cantada-havaneres-calella-50.-3-300x225.jpg 300w, https:\/\/www.sempreviaggiando.com\/wp-content\/uploads\/2016\/07\/cantada-havaneres-calella-50.-3-768x576.jpg 768w, https:\/\/www.sempreviaggiando.com\/wp-content\/uploads\/2016\/07\/cantada-havaneres-calella-50.-3-1024x768.jpg 1024w, https:\/\/www.sempreviaggiando.com\/wp-content\/uploads\/2016\/07\/cantada-havaneres-calella-50.-3-400x300.jpg 400w\" width=\"386\" height=\"289\" loading=\"lazy\" data-original-width=\"386\" data-original-height=\"289\" itemprop=\"http:\/\/schema.org\/image\" title=\"Llafranc\" alt=\"Llafranc\" style=\"width: 386px; height: 289px;\" \/> <\/a> <div class=\"tiled-gallery-caption\" itemprop=\"caption description\"> Llafranc <\/div> <\/div> <\/div> <!-- close group --> <\/div> <!-- close row --> <div class=\"gallery-row\" style=\"width: 1170px; height: 879px;\" data-original-width=\"1170\" data-original-height=\"879\" > <div class=\"gallery-group images-1\" style=\"width: 1170px; height: 879px;\" data-original-width=\"1170\" data-original-height=\"879\" > <div class=\"tiled-gallery-item tiled-gallery-item-large\" itemprop=\"associatedMedia\" itemscope itemtype=\"http:\/\/schema.org\/ImageObject\"> <a href=\"https:\/\/www.sempreviaggiando.com\/ca\/dav-47-2\/\" border=\"0\" itemprop=\"url\"> <meta itemprop=\"width\" content=\"1166\"> <meta itemprop=\"height\" content=\"875\"> <img decoding=\"async\" class=\"\" data-attachment-id=\"20345\" data-orig-file=\"https:\/\/www.sempreviaggiando.com\/wp-content\/uploads\/2016\/07\/cantada-havaneres-calella-50.-2.jpg\" data-orig-size=\"1280,960\" data-comments-opened=\"\" data-image-meta=\"{&quot;aperture&quot;:&quot;2&quot;,&quot;credit&quot;:&quot;&quot;,&quot;camera&quot;:&quot;HUAWEI GRA-L09&quot;,&quot;caption&quot;:&quot;dav&quot;,&quot;created_timestamp&quot;:&quot;1467486824&quot;,&quot;copyright&quot;:&quot;&quot;,&quot;focal_length&quot;:&quot;3.83&quot;,&quot;iso&quot;:&quot;64&quot;,&quot;shutter_speed&quot;:&quot;0.000492&quot;,&quot;title&quot;:&quot;dav&quot;,&quot;orientation&quot;:&quot;1&quot;}\" data-image-title=\"Llafranc\" data-image-description=\"\" data-medium-file=\"https:\/\/www.sempreviaggiando.com\/wp-content\/uploads\/2016\/07\/cantada-havaneres-calella-50.-2-300x225.jpg\" data-large-file=\"https:\/\/www.sempreviaggiando.com\/wp-content\/uploads\/2016\/07\/cantada-havaneres-calella-50.-2-1024x768.jpg\" src=\"https:\/\/i0.wp.com\/www.sempreviaggiando.com\/wp-content\/uploads\/2016\/07\/cantada-havaneres-calella-50.-2.jpg?w=1166&#038;h=875&#038;ssl=1\" srcset=\"https:\/\/www.sempreviaggiando.com\/wp-content\/uploads\/2016\/07\/cantada-havaneres-calella-50.-2.jpg 1280w, https:\/\/www.sempreviaggiando.com\/wp-content\/uploads\/2016\/07\/cantada-havaneres-calella-50.-2-300x225.jpg 300w, https:\/\/www.sempreviaggiando.com\/wp-content\/uploads\/2016\/07\/cantada-havaneres-calella-50.-2-768x576.jpg 768w, https:\/\/www.sempreviaggiando.com\/wp-content\/uploads\/2016\/07\/cantada-havaneres-calella-50.-2-1024x768.jpg 1024w, https:\/\/www.sempreviaggiando.com\/wp-content\/uploads\/2016\/07\/cantada-havaneres-calella-50.-2-400x300.jpg 400w\" width=\"1166\" height=\"875\" loading=\"lazy\" data-original-width=\"1166\" data-original-height=\"875\" itemprop=\"http:\/\/schema.org\/image\" title=\"Llafranc\" alt=\"Llafranc\" style=\"width: 1166px; height: 875px;\" \/> <\/a> <div class=\"tiled-gallery-caption\" itemprop=\"caption description\"> Llafranc <\/div> <\/div> <\/div> <!-- close group --> <\/div> <!-- close row --> <\/div>\n<p>Molt recomanable (o gaireb\u00e9 indispendable) fer una passejada pel <strong>cam\u00ed de ronda fins a Llafranc. Aquest \u00e9s un dels trams de Camins de Ronda m\u00e9s coneguts i m\u00e9s populars;<\/strong> est\u00e0 en condicions perfectes, \u00e9s molt ampli, no t\u00e9 gens de dificultat i es pot fer en sand\u00e0lies &#8211; com jo (<em>fins i tot en vaig arribar a veure alguna amb talons; em sembla una mica massa arriscat per\u00f2 vaja, cadasc\u00fa que tr\u00efi<\/em>). Aix\u00f2 s\u00ed, no \u00e9s un tram gaire accessible per a cadires de rodes o cotxets; hi ha molts graons (gaireb\u00e9 plans). <strong>Arribareu a Llafranc en una passejada tranquil\u00b7la de 20 minuts i veureu el mar de ben a prop.<\/strong> Un cop a Llafranc, hi ha una tira enorme d&#8217;escales per baixar a la platja.<\/p>\n<p><strong>De tornada a Calella, no us perdeu la vista de postal que hi ha des del mirador de Calella<\/strong> passada la platja de Port Bo.<\/p>\n<p><img loading=\"lazy\" decoding=\"async\" class=\"aligncenter size-full wp-image-15319\" src=\"http:\/\/www.sempreviaggiando.com\/wp-content\/uploads\/2016\/07\/cantada-havaneres-calella-50-1.jpg\" alt=\"OLYMPUS DIGITAL CAMERA\" width=\"1280\" height=\"960\" srcset=\"https:\/\/www.sempreviaggiando.com\/wp-content\/uploads\/2016\/07\/cantada-havaneres-calella-50-1.jpg 1280w, https:\/\/www.sempreviaggiando.com\/wp-content\/uploads\/2016\/07\/cantada-havaneres-calella-50-1-300x225.jpg 300w, https:\/\/www.sempreviaggiando.com\/wp-content\/uploads\/2016\/07\/cantada-havaneres-calella-50-1-768x576.jpg 768w, https:\/\/www.sempreviaggiando.com\/wp-content\/uploads\/2016\/07\/cantada-havaneres-calella-50-1-1024x768.jpg 1024w, https:\/\/www.sempreviaggiando.com\/wp-content\/uploads\/2016\/07\/cantada-havaneres-calella-50-1-400x300.jpg 400w\" sizes=\"auto, (max-width: 1280px) 100vw, 1280px\" \/><\/p>\n<p>&nbsp;<\/p>\n<h4>M\u00c9S TEMES LOG\u00cdSTICS:\u00a0HOTELS A CALELLA I ARRIBADA\u00a0EN\u00a0COTXE<\/h4>\n<p><strong>Si hi aneu amb cotxe, mireu\u00a0d&#8217;arribar-hi aviat<\/strong> per aconseguir aparcar als carrers dels voltants de les platges (nosaltres vam aconseguir aparcar sense massa problemes a les 6 de la tarda). <strong>Hi ha tamb\u00e9 un p\u00e0rquing de pagament al carrer Chopitea<\/strong> -que condueix a Port Bo (cap a les 8 del vespre ja estava complet). L&#8217;organitzaci\u00f3 de l&#8217;esdeveniment habilita un <strong>p\u00e0rquing p\u00fablic als afores de Calella i posa autobusos llan\u00e7adora<\/strong> a disposici\u00f3 dels altres assistents que necessitin aparcar el cotxe.<\/p>\n<p><strong>Les Havaneres comencen a les 22.30h<\/strong> (puntualment perqu\u00e8 l&#8217;esdeveniment es retransmet per televisi\u00f3). I duren aproximadament dues hores. Despr\u00e9s dels concerts continua havent-hi molt\u00edssim ambient pels carrers de Calella i pot ser molt bona opci\u00f3 quedar-s&#8217;hi a dormir &#8211; sobretot si us ve de gust fer<strong> un &#8220;cremat&#8221;<\/strong>. Aqu\u00ed teniu <strong>tres hotels bons, c\u00f2modes i amb encant; i a m\u00e9s a m\u00e9s, tots tres membres de<\/strong>\u00a0<strong><a href=\"https:\/\/www.costabravaverdhotels.com\/\" target=\"_blank\" rel=\"noopener\">Costa Brava Hotels<\/a><\/strong>.<strong>\u00a0<\/strong><\/p>\n<p><img loading=\"lazy\" decoding=\"async\" class=\"aligncenter wp-image-15363 size-full\" src=\"http:\/\/www.sempreviaggiando.com\/wp-content\/uploads\/2016\/07\/hotel-alga.png\" alt=\"hotel-alga\" width=\"838\" height=\"455\" srcset=\"https:\/\/www.sempreviaggiando.com\/wp-content\/uploads\/2016\/07\/hotel-alga.png 838w, https:\/\/www.sempreviaggiando.com\/wp-content\/uploads\/2016\/07\/hotel-alga-300x163.png 300w, https:\/\/www.sempreviaggiando.com\/wp-content\/uploads\/2016\/07\/hotel-alga-768x417.png 768w\" sizes=\"auto, (max-width: 838px) 100vw, 838px\" \/><\/p>\n<p><strong><a href=\"https:\/\/www.costabravaverdhotels.com\/hoteles\/hotel-alga\/\" target=\"_blank\" rel=\"noopener\">HOTEL ALGA<\/a>:\u00a0<\/strong><em>El m\u00e9s c\u00e8ntric<\/em>. Nom\u00e9s haureu de baixar el carrer Chopitea i estareu en ple Port Bo i centre de Calella. El carrer Chopitea \u00e9s el carrer comercial i al seu voltant hi trobareu gelateries, restaurants, botigues&#8230; L&#8217;hotel Alga ofereix totes les comoditats d&#8217;un bon hotel, incloent-hi\u00a0piscines, pista de tennis i p\u00e0rquing.<\/p>\n<hr \/>\n<p><img loading=\"lazy\" decoding=\"async\" class=\"aligncenter wp-image-15364 size-full\" src=\"http:\/\/www.sempreviaggiando.com\/wp-content\/uploads\/2016\/07\/hotel-garbi.png\" alt=\"hotel-garbi\" width=\"1017\" height=\"515\" srcset=\"https:\/\/www.sempreviaggiando.com\/wp-content\/uploads\/2016\/07\/hotel-garbi.png 1017w, https:\/\/www.sempreviaggiando.com\/wp-content\/uploads\/2016\/07\/hotel-garbi-300x152.png 300w, https:\/\/www.sempreviaggiando.com\/wp-content\/uploads\/2016\/07\/hotel-garbi-768x389.png 768w\" sizes=\"auto, (max-width: 1017px) 100vw, 1017px\" \/><\/p>\n<p><strong><a href=\"https:\/\/www.costabravaverdhotels.com\/hoteles\/hotel-garbi\/\" target=\"_blank\" rel=\"noopener\">HOTEL GARB\u00cd<\/a>:<\/strong>\u00a0<em>El m\u00e9s familiar<\/em>. Un hotel ideal per anar-hi amb nens, a 200 m de Calella de Palafrugell, molt proper a la platja de Port Pelegr\u00ed i amb una piscina climatitzada exterior i parc infantil. A m\u00e9s a m\u00e9s, el seu jard\u00ed ple de pins \u00e9s perfecte per jugar, relaxar-se o sopar\u00a0a la fresca.<\/p>\n<hr \/>\n<p><img loading=\"lazy\" decoding=\"async\" class=\"aligncenter wp-image-15365 size-full\" src=\"http:\/\/www.sempreviaggiando.com\/wp-content\/uploads\/2016\/07\/hotel-sant-roc-calella.png\" alt=\"hotel-sant-roc-calella\" width=\"1014\" height=\"455\" srcset=\"https:\/\/www.sempreviaggiando.com\/wp-content\/uploads\/2016\/07\/hotel-sant-roc-calella.png 1014w, https:\/\/www.sempreviaggiando.com\/wp-content\/uploads\/2016\/07\/hotel-sant-roc-calella-300x135.png 300w, https:\/\/www.sempreviaggiando.com\/wp-content\/uploads\/2016\/07\/hotel-sant-roc-calella-768x345.png 768w\" sizes=\"auto, (max-width: 1014px) 100vw, 1014px\" \/><\/p>\n<p><strong><a href=\"https:\/\/www.costabravaverdhotels.com\/hoteles\/hotel-sant-roc\/\" target=\"_blank\" rel=\"noopener\">HOTEL SANT ROC<\/a>:<\/strong><em>\u00a0El m\u00e9s rom\u00e0ntic<\/em>. Quan sigueu a la platja de Port Bo, dvaant de mar, mireu cap a la dreta i cap amunt. Veureu el nom d&#8217;aquest hotel al tur\u00f3 que hi ha al costat de Calella. Com podeu imaginar, aquest hotel t\u00e9 unes vistes impressionants; i tamb\u00e9: jard\u00ed, acc\u00e9s directe al mar, i un\u00a0restaurant amb terrassa panor\u00e0mica.<\/p>\n<p>&nbsp;<\/p>\n","protected":false},"excerpt":{"rendered":"<p>Primer dissabte de juliol, Calella de Palafrugell, mocador en m\u00e0 i veu afinada. Ha arribat el moment m\u00e9s esperat de l&#8217;estiu: La Cantada d&#8217;Havaneres de Calella de Palafrugell. Sense cap mena de dubte, una de les millors experi\u00e8ncies de la Costa Brava!<\/p>\n<div class=\"read-more-wrapper\"><a class=\"read-more\" href=\"https:\/\/www.sempreviaggiando.com\/ca\/2016\/07\/06\/la-cantada-dhavaneres-de-calella\/\" title=\"Read More\"> <span class=\"button \">Read More<\/span><\/a><\/div>\n","protected":false},"author":2,"featured_media":15323,"comment_status":"open","ping_status":"open","sticky":false,"template":"","format":"standard","meta":{"_acf_changed":false,"_bos_mb_destination":[""],"_jetpack_memberships_contains_paid_content":false,"footnotes":""},"categories":[121],"tags":[],"class_list":["post-15400","post","type-post","status-publish","format-standard","has-post-thumbnail","hentry","category-rutes-per-catalunya"],"acf":[],"jetpack_featured_media_url":"https:\/\/www.sempreviaggiando.com\/wp-content\/uploads\/2016\/07\/cantada-havaneres-calella-50-5.jpg","jetpack_sharing_enabled":true,"_links":{"self":[{"href":"https:\/\/www.sempreviaggiando.com\/ca\/wp-json\/wp\/v2\/posts\/15400","targetHints":{"allow":["GET"]}}],"collection":[{"href":"https:\/\/www.sempreviaggiando.com\/ca\/wp-json\/wp\/v2\/posts"}],"about":[{"href":"https:\/\/www.sempreviaggiando.com\/ca\/wp-json\/wp\/v2\/types\/post"}],"author":[{"embeddable":true,"href":"https:\/\/www.sempreviaggiando.com\/ca\/wp-json\/wp\/v2\/users\/2"}],"replies":[{"embeddable":true,"href":"https:\/\/www.sempreviaggiando.com\/ca\/wp-json\/wp\/v2\/comments?post=15400"}],"version-history":[{"count":9,"href":"https:\/\/www.sempreviaggiando.com\/ca\/wp-json\/wp\/v2\/posts\/15400\/revisions"}],"predecessor-version":[{"id":17197,"href":"https:\/\/www.sempreviaggiando.com\/ca\/wp-json\/wp\/v2\/posts\/15400\/revisions\/17197"}],"wp:featuredmedia":[{"embeddable":true,"href":"https:\/\/www.sempreviaggiando.com\/ca\/wp-json\/wp\/v2\/media\/15323"}],"wp:attachment":[{"href":"https:\/\/www.sempreviaggiando.com\/ca\/wp-json\/wp\/v2\/media?parent=15400"}],"wp:term":[{"taxonomy":"category","embeddable":true,"href":"https:\/\/www.sempreviaggiando.com\/ca\/wp-json\/wp\/v2\/categories?post=15400"},{"taxonomy":"post_tag","embeddable":true,"href":"https:\/\/www.sempreviaggiando.com\/ca\/wp-json\/wp\/v2\/tags?post=15400"}],"curies":[{"name":"wp","href":"https:\/\/api.w.org\/{rel}","templated":true}]}}