{"id":6744,"date":"2012-11-04T16:19:25","date_gmt":"2012-11-04T15:19:25","guid":{"rendered":"http:\/\/www.sempreviaggiando.com\/?p=6744"},"modified":"2012-11-22T16:52:08","modified_gmt":"2012-11-22T15:52:08","slug":"ecoturisme-als-voltants-de-girona-comarca-girones","status":"publish","type":"post","link":"https:\/\/www.sempreviaggiando.com\/ca\/2012\/11\/04\/ecoturisme-als-voltants-de-girona-comarca-girones\/","title":{"rendered":"Ecoturisme als voltants de Girona"},"content":{"rendered":"<p style=\"text-align: justify;\">Qu\u00e8 passa quan posem a una &#8220;<em>pixapina<\/em>&#8221; en plena natura, entre vaques, rius i vida campestre? Que s&#8217;embruta els pantalons, acaba plena d&#8217;aigua i s&#8217;ho passa d&#8217;all\u00f2 m\u00e9s b\u00e9!<\/p>\n<p style=\"text-align: justify;\">A la <strong>comarca del Giron\u00e8s la vida local \u00e9s tranquil\u00b7la, r\u00fastica i cordial<\/strong>. All\u00e0, ning\u00fa hi ent\u00e9n de presses i la vida transcorre d&#8217;all\u00f2 m\u00e9s natural. Productes ecol\u00f2gics, horts, cuina tradicional, grans esmorzars, passejades pel bosc i remull de peus al riu. La vida al camp es barreja amb la vida cultural i art\u00edstica de la ciutat de Girona. Als voltants, <strong>localitats petites i buc\u00f2liques com Campllong o Sant Gregori estan plenes de camins, granges i masies on passar una tarda tranquil\u00b7la en fam\u00edlia o entre amics.<\/strong><\/p>\n<p style=\"text-align: justify;\">Hauria de ser obligatori per a tots (especialment per als urbanites) passar uns dies naturals i campestres al giron\u00e8s per tornar a viure com abans, lluny de l&#8217;estr\u00e8s, del soroll i de les presses. <strong>Un cap de setmana <em>slow travel<\/em> per recuperar el rumb i agafar forces<\/strong>. A nosaltres, viatgers addictes a fer z\u00e0ping pel m\u00f3n, aquests dos dies ens van anar magn\u00edficament b\u00e9. Voleu saber qu\u00e8 vam fer? Aqu\u00ed teniu algunes<strong> activitats recomanades per viure la comarca del Giron\u00e8s de la forma m\u00e9s rural i local.<\/strong><\/p>\n<p style=\"text-align: justify;\">\n<h3 style=\"text-align: justify;\">MUNYINT \u00a0VAQUES A LA GRANJA &#8220;LA SELVATANA&#8221;<\/h3>\n<p style=\"text-align: justify;\"><strong>La Selvatana \u00e9s una reconeguda granja de vaques de llet ecol\u00f2gica<\/strong>. Un negoci familiar i alhora una forma de vida. Ens va rebre la seva propiet\u00e0ria, l&#8217;Anna Serra, una ex-periodista apassionada per la vida a la granja, que un bon dia va decidir canviar la fabricaci\u00f3 de not\u00edcies per l&#8217;elaboraci\u00f3 de llet i iogurts ecol\u00f2gics. Avui segueix m\u00e9s feli\u00e7 que mai, gaudint d&#8217;una vida sana. <strong>Els seus iogurts es distribueixen a m\u00e9s de 30 col\u00b7legis de Catalunya<\/strong>.<\/p>\n<p style=\"text-align: justify;\"><img loading=\"lazy\" decoding=\"async\" class=\"aligncenter size-full wp-image-6435\" title=\"selvatana\" src=\"http:\/\/www.sempreviaggiando.com\/wp-content\/uploads\/2012\/10\/vacas2.jpg\" alt=\"selvatana\" width=\"650\" height=\"300\" srcset=\"https:\/\/www.sempreviaggiando.com\/wp-content\/uploads\/2012\/10\/vacas2.jpg 650w, https:\/\/www.sempreviaggiando.com\/wp-content\/uploads\/2012\/10\/vacas2-300x138.jpg 300w\" sizes=\"auto, (max-width: 650px) 100vw, 650px\" \/><\/p>\n<p style=\"text-align: justify;\"><img loading=\"lazy\" decoding=\"async\" class=\"aligncenter size-full wp-image-6434\" title=\"ternero selvatana\" src=\"http:\/\/www.sempreviaggiando.com\/wp-content\/uploads\/2012\/10\/vacas3.jpg\" alt=\"ternero selvatana\" width=\"650\" height=\"529\" srcset=\"https:\/\/www.sempreviaggiando.com\/wp-content\/uploads\/2012\/10\/vacas3.jpg 650w, https:\/\/www.sempreviaggiando.com\/wp-content\/uploads\/2012\/10\/vacas3-300x244.jpg 300w\" sizes=\"auto, (max-width: 650px) 100vw, 650px\" \/><\/p>\n<p style=\"text-align: justify;\">Vam comen\u00e7ar la visita amb un dels moments culminants: <strong>munyir les vaques<\/strong>. Tot just havia sortit el sol, per\u00f2 va resultar molt m\u00e9s f\u00e0cil del que sembla. Aquestes vaques s\u00f3n molt amigables i li treuen llet a qualsevol que vulgui munyir-les \u00a0-fins i tot a sis noies urbanites amb c\u00e0meres de fotos i m\u00f2bils. Despr\u00e9s vam poder fer una <strong>passejada per la granja per veure com cuiden les vaques<\/strong> <strong>i fins i tot vam poder donar el biber\u00f3 a un vedell acabat de n\u00e9ixer<\/strong>. La visita va continuar coneixent una mica m\u00e9s de l&#8217;<strong>elaboraci\u00f3 del iogurts i llet<\/strong>\u00a0i provant tots dos productes. Qu\u00e8 bona que \u00e9s la llet natural!<\/p>\n<p style=\"text-align: justify;\">Per reservar una visita guiada a La Selvatana i viure una experi\u00e8ncia ben sana i natural, podeu contactar amb l&#8217; Anna per tel\u00e8fon al 972.461.048 o via <a title=\"granja la selvatana\" href=\"https:\/\/www.facebook.com\/pages\/Granja-la-selvatana\/118981754821270\" target=\"_blank\">Facebook<\/a>.<\/p>\n<h3 style=\"text-align: justify;\"><\/h3>\n<h3 style=\"text-align: justify;\">ELS ESMORZARS TRADICIONALS S\u00d3N MILLORS AMB \u00a0BARRETINA I PORR\u00d3<\/h3>\n<p style=\"text-align: justify;\">Superada la prova de munyir vaques i amb el sol de cara despertant-nos, vam parar a <strong>esmorzar a la masia de Can Dion\u00eds<\/strong>, <strong>un allotjament agrotur\u00edstic situat a Campllong<\/strong>, prop de la Selvatana. Serveixen uns esmorzars extraordinaris: pa amb tom\u00e0quet, embotits, formatges, coca, melmelada &#8230; tot aix\u00f2 casol\u00e0 i regat amb caf\u00e8, te, suc de taronja natural o, per als m\u00e9s atrevits, vi amb porr\u00f3.<\/p>\n<p style=\"text-align: justify;\"><img loading=\"lazy\" decoding=\"async\" class=\"aligncenter size-full wp-image-6439\" title=\"desayuno tradicional catalan\" src=\"http:\/\/www.sempreviaggiando.com\/wp-content\/uploads\/2012\/10\/dionis1.jpg\" alt=\"desayuno tradicional catalan\" width=\"650\" height=\"300\" srcset=\"https:\/\/www.sempreviaggiando.com\/wp-content\/uploads\/2012\/10\/dionis1.jpg 650w, https:\/\/www.sempreviaggiando.com\/wp-content\/uploads\/2012\/10\/dionis1-300x138.jpg 300w\" sizes=\"auto, (max-width: 650px) 100vw, 650px\" \/><\/p>\n<p style=\"text-align: justify;\">Estar a Can Dion\u00eds va ser com tornar al passat i veure el meu avi cuidant l&#8217;hort i preparant les grans tiberis familiars. Un lloc on les tradicions de sempre es recuperen i cobren vida perqu\u00e8 ning\u00fa les oblidi. <strong>La barretina, el porr\u00f3, el tractor, l&#8217;hort ple de fruites, gallines corrent pel pati de darrere&#8230;<\/strong> Va resultar un mat\u00ed molt entranyable i una aut\u00e8ntica demostraci\u00f3 que la vida al camp mai passa de moda.<\/p>\n<p style=\"text-align: justify;\"><img loading=\"lazy\" decoding=\"async\" class=\"aligncenter size-full wp-image-6438\" title=\"can dionis girona\" src=\"http:\/\/www.sempreviaggiando.com\/wp-content\/uploads\/2012\/10\/dionis2.jpg\" alt=\"can dionis girona\" width=\"650\" height=\"300\" srcset=\"https:\/\/www.sempreviaggiando.com\/wp-content\/uploads\/2012\/10\/dionis2.jpg 650w, https:\/\/www.sempreviaggiando.com\/wp-content\/uploads\/2012\/10\/dionis2-300x138.jpg 300w\" sizes=\"auto, (max-width: 650px) 100vw, 650px\" \/><\/p>\n<p style=\"text-align: justify;\"><strong>Can Dion\u00eds \u00e9s un bon lloc per passar un cap de setmana rural als afores de Girona<\/strong>, <strong>sobretot per fam\u00edlies amb nens petits\u00a0<\/strong>-i no tan petits, ja que nosaltres tamb\u00e9 vam quedar fascinades per aquesta amable conviv\u00e8ncia entre animals i vida campestre. M\u00e9s info: <a title=\"can dion\u00eds girona\" href=\"http:\/\/SantDionis.com\" target=\"_blank\">SantDionis.com<\/a><\/p>\n<p style=\"text-align: justify;\">\n<h3 style=\"text-align: justify;\">KAYAK PEL RIU TER<\/h3>\n<p style=\"text-align: justify;\">Una<strong> ruta en caiac<\/strong> sempre \u00e9s una forma agradable de <strong>ficar-se de ple en la natura d&#8217;un lloc<\/strong>. En els \u00faltims mesos, ja hem fet dues rutes en caiac (a Eslov\u00e8nia i aquesta pel Giron\u00e8s) i totes dues han estat d&#8217;all\u00f2 m\u00e9s divertides! Potser al riu Ter li faltava una mica d&#8217;aigua (aquest any no ha plogut pr\u00e0cticament) per\u00f2 tot i aix\u00ed vam poder fer alguns dels mini-r\u00e0pids del recorregut. El caiac doble \u00e9s molt estable per\u00f2, aix\u00f2 s\u00ed, entra aigua constantment, aix\u00ed que aneu preparats per mullar-vos!<\/p>\n<p style=\"text-align: justify;\"><img loading=\"lazy\" decoding=\"async\" class=\"aligncenter size-full wp-image-6444\" title=\"kayak ter girona\" src=\"http:\/\/www.sempreviaggiando.com\/wp-content\/uploads\/2012\/10\/kayakgirona.jpg\" alt=\"kayak ter girona\" width=\"650\" height=\"389\" srcset=\"https:\/\/www.sempreviaggiando.com\/wp-content\/uploads\/2012\/10\/kayakgirona.jpg 650w, https:\/\/www.sempreviaggiando.com\/wp-content\/uploads\/2012\/10\/kayakgirona-300x179.jpg 300w\" sizes=\"auto, (max-width: 650px) 100vw, 650px\" \/><\/p>\n<p style=\"text-align: justify;\"><strong>A la comarca del Giron\u00e8s, hi ha dues empreses que organitzen rutes guiades en caiac pel riu Ter: <a title=\"caiac i natura\" href=\"http:\/\/caiacinatura.com\/index.php\/ca\/\" target=\"_blank\">Caiac i Natura<\/a> i <a title=\"kayak del ter\" href=\"http:\/\/kayakdelter.com\/\" target=\"_blank\">Kayak del Ter<\/a>.<\/strong> Ambdues ofereixen lloguer de caiacs i rutes guiades per navegar pel Ter.<\/p>\n<p style=\"text-align: justify;\">\n<h3 style=\"text-align: justify;\">EXCURSI\u00d3 PER UN VOLC\u00c0 I LES GORGUES DE CANET D&#8217;ADRI<\/h3>\n<p style=\"text-align: justify;\">Fins a aquest moment creia que els volcans catalans es trobaven nom\u00e9s a la comarca de la Garrotxa, per\u00f2 no: al Giron\u00e8s tamb\u00e9 n&#8217;hi ha algun! A pocs quil\u00f2metres de la ciutat de Girona, s&#8217;hi troba<strong> la vall del Ll\u00e8mena, una zona natural ideal per fer excursions i con\u00e8ixer la natura local i la geologia volc\u00e0nica catalana.<\/strong><\/p>\n<p style=\"text-align: justify;\"><img loading=\"lazy\" decoding=\"async\" class=\"aligncenter size-full wp-image-6445\" title=\"excursio canet d'adri\" src=\"http:\/\/www.sempreviaggiando.com\/wp-content\/uploads\/2012\/10\/canet_adri.jpg\" alt=\"excursio canet d'adri\" width=\"650\" height=\"300\" srcset=\"https:\/\/www.sempreviaggiando.com\/wp-content\/uploads\/2012\/10\/canet_adri.jpg 650w, https:\/\/www.sempreviaggiando.com\/wp-content\/uploads\/2012\/10\/canet_adri-300x138.jpg 300w\" sizes=\"auto, (max-width: 650px) 100vw, 650px\" \/><\/p>\n<p style=\"text-align: justify;\"><strong>Acompanyats per l<\/strong>&#8216;<strong>Associaci\u00f3 de Guies de Natura Giron\u00e8s Terra de Passeig<\/strong>,<strong> vam realitzar una petita excursi\u00f3 de poc m\u00e9s d&#8217;hora i mitja<\/strong>. Senzilla, amb fabuloses vistes i amb un final encara m\u00e9s espectacular: <strong>les Gorgues de la Font de la Torre, a Canet d&#8217;Adri<\/strong>. Desconeixia completament aquesta zona de la Vall del Ll\u00e8mena i em va encantar.<\/p>\n<p style=\"text-align: justify;\"><img loading=\"lazy\" decoding=\"async\" class=\"wp-image-6448 alignleft\" style=\"margin-right: 10px;\" title=\"gorgues de canet d'adri\" src=\"http:\/\/www.sempreviaggiando.com\/wp-content\/uploads\/2012\/10\/canet_adri1.jpg\" alt=\"gorgues de canet d'adri\" width=\"234\" height=\"294\" srcset=\"https:\/\/www.sempreviaggiando.com\/wp-content\/uploads\/2012\/10\/canet_adri1.jpg 650w, https:\/\/www.sempreviaggiando.com\/wp-content\/uploads\/2012\/10\/canet_adri1-238x300.jpg 238w\" sizes=\"auto, (max-width: 234px) 100vw, 234px\" \/><\/p>\n<p style=\"text-align: justify;\">Vam tenir la mala sort que quan vam arribar a les gorgues, el cel estava ben tapat i feia una mica de fred, aix\u00ed que vam optar per no banyar-nos, per\u00f2, <strong>no vam poder resistir la temptaci\u00f3 de ficar-hi els peus<\/strong>. Despr\u00e9s de la excursi\u00f3 caminant, l&#8217;aigua congelada ens va anar de meravella! Tornar\u00e9 segur un dia de primavera o estiu amb els amics per banyar-m&#8217;hi.<\/p>\n<p style=\"text-align: justify;\">Si despr\u00e9s del bany us entra gana,<strong> a Canet d&#8217;Adri podreu tastar l&#8217;aut\u00e8ntica gastronomia tradicional, com la cuina de remen\u00e7a<\/strong>, origin\u00e0ria dels camperols de la Catalunya feudal. Diversos restaurants de la zona s&#8217;han agrupat per oferir els plats tradicionals, basats en la tradici\u00f3 de la cassola, els productes de mercat o el rostit. M\u00e9s info: <a title=\"vall llemena\" href=\"http:\/\/www.valldellemena.cat\" target=\"_blank\">www.valldellemena.cat<\/a><\/p>\n<p style=\"text-align: justify;\">\n<p style=\"text-align: justify;\">\n<h3 style=\"text-align: justify;\">TOTA LA INFORMACI\u00d3 AL CENTRE DE VISITANTS DEL GIRON\u00c8S<\/h3>\n<p style=\"text-align: justify;\"><strong>Si esteu interessats en fer alguna d&#8217;aquestes activitats, al <a title=\"centre visitant girona\" href=\"http:\/\/www.turismegirones.cat\/centredevisitants\/\" target=\"_blank\">Centre de Visitants del Giron\u00e8s<\/a> us facilitaran tota la informaci\u00f3 necess\u00e0ria: horaris, transports, rutes guiades<\/strong>&#8230; Tamb\u00e9 poden assessorar-vos per trobar allotjaments rurals a la zona, tallers infantils, festes locals, rutes en bicicleta o vols en globus.<\/p>\n<p style=\"text-align: justify;\">El centre est\u00e0 situat a <strong>Sarri\u00e0 de Ter (des de l&#8217;autopista, sortida 6 Girona Nord)<\/strong>, molt a prop de la ciutat de Girona i pot ser una primera parada molt recomanable per aconseguir tota la informaci\u00f3 de la comarca.<\/p>\n<p style=\"text-align: justify;\"><img loading=\"lazy\" decoding=\"async\" class=\"aligncenter size-full wp-image-6447\" title=\"girones centre visitants\" src=\"http:\/\/www.sempreviaggiando.com\/wp-content\/uploads\/2012\/10\/girones_centre_visitants.jpg\" alt=\"girones centre visitants\" width=\"650\" height=\"300\" srcset=\"https:\/\/www.sempreviaggiando.com\/wp-content\/uploads\/2012\/10\/girones_centre_visitants.jpg 650w, https:\/\/www.sempreviaggiando.com\/wp-content\/uploads\/2012\/10\/girones_centre_visitants-300x138.jpg 300w\" sizes=\"auto, (max-width: 650px) 100vw, 650px\" \/><\/p>\n<p style=\"text-align: justify;\">A m\u00e9s d&#8217;<strong>Oficina Tur\u00edstica<\/strong>, el centre disposa de <strong>restaurant<\/strong> <strong>amb menjar tradicional<\/strong>\u00a0(un exquisit men\u00fa degustaci\u00f3 a preu de men\u00fa diari), <strong>botiga amb productes locals dels agricultors i artesans de la comarca<\/strong> (per exemple, els productes de la Selvatana) <strong>i un centre interactiu<\/strong> per aconseguir tota la informaci\u00f3 que necessitem per explorar la natura i cultura del Giron\u00e8s. M\u00e9s info a <a title=\"turisme girones\" href=\"http:\/\/www.turismegirones.cat\/centredevisitants\" target=\"_blank\">www.turismegirones.cat\/centredevisitants<\/a><\/p>\n<p style=\"text-align: justify;\"><img loading=\"lazy\" decoding=\"async\" class=\"aligncenter size-full wp-image-6450\" title=\"girones centre visitants\" src=\"http:\/\/www.sempreviaggiando.com\/wp-content\/uploads\/2012\/10\/centre_girones.jpg\" alt=\"girones centre visitants\" width=\"650\" height=\"300\" srcset=\"https:\/\/www.sempreviaggiando.com\/wp-content\/uploads\/2012\/10\/centre_girones.jpg 650w, https:\/\/www.sempreviaggiando.com\/wp-content\/uploads\/2012\/10\/centre_girones-300x138.jpg 300w\" sizes=\"auto, (max-width: 650px) 100vw, 650px\" \/><\/p>\n<p style=\"text-align: justify;\">Potser ser\u00e0 una q\u00fcesti\u00f3 d&#8217;edat, per\u00f2 <strong>cada dia s\u00f3c m\u00e9s fan del slow-travel i de poder assaborir cada moment d&#8217;un viatge<\/strong>\u00a0-aqu\u00ed un inc\u00eds per recordar als meus amics coreans que s&#8217;aturaven sempre 5 minuts davant d&#8217;un monument per &#8220;respirar el feeling&#8221; d&#8217;aquell lloc.<\/p>\n<p style=\"text-align: justify;\">\n","protected":false},"excerpt":{"rendered":"<p>Qu\u00e8 passa quan posem a una \u201cpixapina\u201d en plena natura, entre vaques, rius i vida campestre? Que s\u2019embruta els pantalons, acaba plena d\u2019aigua i s\u2019ho passa d\u2019all\u00f2 m\u00e9s b\u00e9! En aquest article, munyim vaques, fem grans esmorzars, anem en caiac pel riu Ter i gaudim de la vida rural del Giron\u00e8s<\/p>\n<div class=\"read-more-wrapper\"><a class=\"read-more\" href=\"https:\/\/www.sempreviaggiando.com\/ca\/2012\/11\/04\/ecoturisme-als-voltants-de-girona-comarca-girones\/\" title=\"Read More\"> <span class=\"button \">Read More<\/span><\/a><\/div>\n","protected":false},"author":2,"featured_media":6444,"comment_status":"open","ping_status":"open","sticky":false,"template":"","format":"standard","meta":{"_acf_changed":false,"_bos_mb_destination":[],"_jetpack_memberships_contains_paid_content":false,"footnotes":""},"categories":[121],"tags":[],"class_list":["post-6744","post","type-post","status-publish","format-standard","has-post-thumbnail","hentry","category-rutes-per-catalunya"],"acf":[],"jetpack_featured_media_url":"https:\/\/www.sempreviaggiando.com\/wp-content\/uploads\/2012\/10\/kayakgirona.jpg","jetpack_sharing_enabled":true,"_links":{"self":[{"href":"https:\/\/www.sempreviaggiando.com\/ca\/wp-json\/wp\/v2\/posts\/6744","targetHints":{"allow":["GET"]}}],"collection":[{"href":"https:\/\/www.sempreviaggiando.com\/ca\/wp-json\/wp\/v2\/posts"}],"about":[{"href":"https:\/\/www.sempreviaggiando.com\/ca\/wp-json\/wp\/v2\/types\/post"}],"author":[{"embeddable":true,"href":"https:\/\/www.sempreviaggiando.com\/ca\/wp-json\/wp\/v2\/users\/2"}],"replies":[{"embeddable":true,"href":"https:\/\/www.sempreviaggiando.com\/ca\/wp-json\/wp\/v2\/comments?post=6744"}],"version-history":[{"count":10,"href":"https:\/\/www.sempreviaggiando.com\/ca\/wp-json\/wp\/v2\/posts\/6744\/revisions"}],"predecessor-version":[{"id":7056,"href":"https:\/\/www.sempreviaggiando.com\/ca\/wp-json\/wp\/v2\/posts\/6744\/revisions\/7056"}],"wp:featuredmedia":[{"embeddable":true,"href":"https:\/\/www.sempreviaggiando.com\/ca\/wp-json\/wp\/v2\/media\/6444"}],"wp:attachment":[{"href":"https:\/\/www.sempreviaggiando.com\/ca\/wp-json\/wp\/v2\/media?parent=6744"}],"wp:term":[{"taxonomy":"category","embeddable":true,"href":"https:\/\/www.sempreviaggiando.com\/ca\/wp-json\/wp\/v2\/categories?post=6744"},{"taxonomy":"post_tag","embeddable":true,"href":"https:\/\/www.sempreviaggiando.com\/ca\/wp-json\/wp\/v2\/tags?post=6744"}],"curies":[{"name":"wp","href":"https:\/\/api.w.org\/{rel}","templated":true}]}}