{"id":6795,"date":"2012-11-08T15:26:45","date_gmt":"2012-11-08T14:26:45","guid":{"rendered":"http:\/\/www.sempreviaggiando.com\/?p=6795"},"modified":"2012-11-08T15:29:04","modified_gmt":"2012-11-08T14:29:04","slug":"mi-propia-bodega","status":"publish","type":"post","link":"https:\/\/www.sempreviaggiando.com\/ca\/2012\/11\/08\/mi-propia-bodega\/","title":{"rendered":"Mi Propia Bodega &#8211; Recuperant els cellers de La Rioja"},"content":{"rendered":"<p style=\"text-align: justify;\">En el meu recent <strong>viatge a la Rioja<\/strong> vaig tenir el plaer de con\u00e8ixer en Pedro Ortega, un emprenedor de cap a peus, apassionat pel vi, la restauraci\u00f3 i les terres de La Rioja. Fa m\u00e9s de 20 anys que es dedica a la rehabilitaci\u00f3 i recuperaci\u00f3 d&#8217;edificis antics, i l&#8217;avalen cinc &#8220;<strong>Premis Best Of&#8221; de Turisme Vitivin\u00edcola.<\/strong> Ha rehabilitat importants cellers i grans hotels de la zona, per\u00f2 actualment est\u00e0 completament centrat en la seva nova aventura, que ha llan\u00e7at al costat de Fernando Mart\u00ednez Casado: <a title=\"mi propia bodega\" href=\"http:\/\/MiPropiaBodega.es\" target=\"_blank\"><strong>MiPropiaBodega.es<\/strong><\/a><\/p>\n<p style=\"text-align: justify;\"><img loading=\"lazy\" decoding=\"async\" class=\"aligncenter size-full wp-image-6798\" title=\"Pedro Ortega Mi propia bodega\" src=\"http:\/\/www.sempreviaggiando.com\/wp-content\/uploads\/2012\/11\/pedro_mipropiabodega1.jpg\" alt=\"Pedro Ortega Mi propia bodega\" width=\"800\" height=\"533\" srcset=\"https:\/\/www.sempreviaggiando.com\/wp-content\/uploads\/2012\/11\/pedro_mipropiabodega1.jpg 800w, https:\/\/www.sempreviaggiando.com\/wp-content\/uploads\/2012\/11\/pedro_mipropiabodega1-300x199.jpg 300w\" sizes=\"auto, (max-width: 800px) 100vw, 800px\" \/><\/p>\n<h4 style=\"text-align: justify;\">Qu\u00e8 \u00e9s Mi Propia Bodega<\/h4>\n<p style=\"text-align: justify;\"><strong>Mi Propia Bodega<\/strong> \u00e9s un servei destinat a tots aquells <strong>amants del vi que vulguin tenir el seu propi celler<\/strong> per\u00f2 no disposen d&#8217;espai per fer-lo. En Pedro i en Fernando s&#8217;encarreguen de <strong>vendre cellers i &#8220;calados&#8221; en des\u00fas per rehabilitar-los i instal\u00b7lar petits cellers individuals.<\/strong> Els compradors tenen aix\u00ed el seu propi celler i, fins i tot, poden <strong>elaborar el seu propi vi<\/strong>.<\/p>\n<p style=\"text-align: justify;\"><strong>MiPropiaBodega<\/strong> ofereix servei tant als propietaris que volen vendre els seus cellers com als amants del vi que volen comprar un espai i recuperar-lo. Si el comprador desitja utilitzar el celler per elaborar-hi el seu propi vi, MiPropiaBodega l&#8217;assessora per elaborar el vi que m\u00e9s li agradi, a partir d&#8217;un vi base.<\/p>\n<div id=\"attachment_6796\" style=\"width: 810px\" class=\"wp-caption aligncenter\"><a href=\"http:\/\/www.sempreviaggiando.com\/wp-content\/uploads\/2012\/11\/calados_mipropiabodega_21.jpg\"><img loading=\"lazy\" decoding=\"async\" aria-describedby=\"caption-attachment-6796\" class=\"size-full wp-image-6796\" title=\"Calats rioja \" src=\"http:\/\/www.sempreviaggiando.com\/wp-content\/uploads\/2012\/11\/calados_mipropiabodega_21.jpg\" alt=\"calats rioja\" width=\"800\" height=\"533\" srcset=\"https:\/\/www.sempreviaggiando.com\/wp-content\/uploads\/2012\/11\/calados_mipropiabodega_21.jpg 800w, https:\/\/www.sempreviaggiando.com\/wp-content\/uploads\/2012\/11\/calados_mipropiabodega_21-300x199.jpg 300w\" sizes=\"auto, (max-width: 800px) 100vw, 800px\" \/><\/a><p id=\"caption-attachment-6796\" class=\"wp-caption-text\">Cellers a Bri\u00f1as, La Rioja<\/p><\/div>\n<div id=\"attachment_6797\" style=\"width: 810px\" class=\"wp-caption aligncenter\"><a href=\"http:\/\/www.sempreviaggiando.com\/wp-content\/uploads\/2012\/11\/calados_mipropiabodega1.jpg\"><img loading=\"lazy\" decoding=\"async\" aria-describedby=\"caption-attachment-6797\" class=\"size-full wp-image-6797\" title=\"Cellers Mi propia bodega\" src=\"http:\/\/www.sempreviaggiando.com\/wp-content\/uploads\/2012\/11\/calados_mipropiabodega1.jpg\" alt=\"Cellers Mi propia bodega\" width=\"800\" height=\"533\" srcset=\"https:\/\/www.sempreviaggiando.com\/wp-content\/uploads\/2012\/11\/calados_mipropiabodega1.jpg 800w, https:\/\/www.sempreviaggiando.com\/wp-content\/uploads\/2012\/11\/calados_mipropiabodega1-300x199.jpg 300w\" sizes=\"auto, (max-width: 800px) 100vw, 800px\" \/><\/a><p id=\"caption-attachment-6797\" class=\"wp-caption-text\">Celler en des\u00fas a Bri\u00f1as<\/p><\/div>\n<p style=\"text-align: justify;\">M\u00e9s enll\u00e0 de ser un negoci de <strong>compravenda de cellers<\/strong>, l&#8217;objectiu d&#8217;en Pedro \u00e9s el de <strong>recuperar i rehabilitar cellers antics\u00a0de la Rioja que ara mateix no s&#8217;utilitzen i treure a la llum un patrimoni natural i cultural de la zona<\/strong>. &#8220;<em>\u00c9s una pena que aquest patrimoni es perdi<\/em>&#8221; em comentava, mentre visit\u00e0vem alguns dels &#8220;calados&#8221; que t\u00e9 a la venda actualment prop d&#8217;Haro.<\/p>\n<p style=\"text-align: justify;\">Mi Propia Bodega \u00e9s ideal per a aquells que no viuen a la Rioja per\u00f2 es volen sentir a prop del vi. Des de tenir el teu propi celler fins a embotellar-lo. En Pedro i en Fernando ofereixen un <strong>servei complet i personalitzat per ajudar a recuperar el patrimoni vin\u00edcola del pa\u00eds<\/strong>.<\/p>\n<p style=\"text-align: justify;\">\u00a1<strong>Brindem perqu\u00e8 sigui un \u00e8xit per a tothom<\/strong>: per La Rioja, per als fans del vi i per Mi Propia Bodega!<\/p>\n<p style=\"padding-left: 30px; text-align: justify;\"><strong>M\u00e9s info:<\/strong> Al web de <a title=\"mi propia bodega\" href=\"http:\/\/mipropiabodega.es\" target=\"_blank\">mipropiabodega.es<\/a> trobareu tots els seus serveis detallats i exemples de cellers actualment en venda. Si us interessa aquest projecte, poseu-vos en contacte amb en Pedro a trav\u00e9s del correu info@mipropiabodega.es o tel\u00e8fon (+34) 941 30 40 40. Digueu-li que veniu de part meva i segur que us convidar\u00e0 a una bona copa de vi!<\/p>\n<p style=\"padding-left: 30px; text-align: justify;\">\n","protected":false},"excerpt":{"rendered":"<p>En el meu recent viatge a la Rioja vaig tenir el plaer de con\u00e8ixer en Pedro Ortega, un emprenedor de cap a peus, apassionat pel vi, la restauraci\u00f3 i les terres de La Rioja. Fa m\u00e9s de 20 anys que es dedica a la rehabilitaci\u00f3 i recuperaci\u00f3 d&#8217;edificis antics, i l&#8217;avalen cinc &#8220;Premis Best Of&#8221;<\/p>\n<div class=\"read-more-wrapper\"><a class=\"read-more\" href=\"https:\/\/www.sempreviaggiando.com\/ca\/2012\/11\/08\/mi-propia-bodega\/\" title=\"Read More\"> <span class=\"button \">Read More<\/span><\/a><\/div>\n","protected":false},"author":2,"featured_media":6799,"comment_status":"open","ping_status":"open","sticky":false,"template":"","format":"standard","meta":{"_acf_changed":false,"_bos_mb_destination":[],"_jetpack_memberships_contains_paid_content":false,"footnotes":""},"categories":[],"tags":[],"class_list":["post-6795","post","type-post","status-publish","format-standard","has-post-thumbnail","hentry"],"acf":[],"jetpack_featured_media_url":"https:\/\/www.sempreviaggiando.com\/wp-content\/uploads\/2012\/11\/mipropiabodeja1.png","jetpack_sharing_enabled":true,"_links":{"self":[{"href":"https:\/\/www.sempreviaggiando.com\/ca\/wp-json\/wp\/v2\/posts\/6795","targetHints":{"allow":["GET"]}}],"collection":[{"href":"https:\/\/www.sempreviaggiando.com\/ca\/wp-json\/wp\/v2\/posts"}],"about":[{"href":"https:\/\/www.sempreviaggiando.com\/ca\/wp-json\/wp\/v2\/types\/post"}],"author":[{"embeddable":true,"href":"https:\/\/www.sempreviaggiando.com\/ca\/wp-json\/wp\/v2\/users\/2"}],"replies":[{"embeddable":true,"href":"https:\/\/www.sempreviaggiando.com\/ca\/wp-json\/wp\/v2\/comments?post=6795"}],"version-history":[{"count":2,"href":"https:\/\/www.sempreviaggiando.com\/ca\/wp-json\/wp\/v2\/posts\/6795\/revisions"}],"predecessor-version":[{"id":6801,"href":"https:\/\/www.sempreviaggiando.com\/ca\/wp-json\/wp\/v2\/posts\/6795\/revisions\/6801"}],"wp:featuredmedia":[{"embeddable":true,"href":"https:\/\/www.sempreviaggiando.com\/ca\/wp-json\/wp\/v2\/media\/6799"}],"wp:attachment":[{"href":"https:\/\/www.sempreviaggiando.com\/ca\/wp-json\/wp\/v2\/media?parent=6795"}],"wp:term":[{"taxonomy":"category","embeddable":true,"href":"https:\/\/www.sempreviaggiando.com\/ca\/wp-json\/wp\/v2\/categories?post=6795"},{"taxonomy":"post_tag","embeddable":true,"href":"https:\/\/www.sempreviaggiando.com\/ca\/wp-json\/wp\/v2\/tags?post=6795"}],"curies":[{"name":"wp","href":"https:\/\/api.w.org\/{rel}","templated":true}]}}