{"id":6830,"date":"2012-11-11T20:54:10","date_gmt":"2012-11-11T19:54:10","guid":{"rendered":"http:\/\/www.sempreviaggiando.com\/?p=6830"},"modified":"2012-11-22T16:51:46","modified_gmt":"2012-11-22T15:51:46","slug":"nits-dhistoria-i-llegenda-al-palau-requesens-de-barcelona","status":"publish","type":"post","link":"https:\/\/www.sempreviaggiando.com\/ca\/2012\/11\/11\/nits-dhistoria-i-llegenda-al-palau-requesens-de-barcelona\/","title":{"rendered":"Nits d&#8217;hist\u00f2ria i llegenda al Palau Requesens de Barcelona"},"content":{"rendered":"<p><strong>He nascut i crescut a Barcelona<\/strong> i em considero <strong>fan incondicional de la ciutat i de la cultura catalana<\/strong>. Fa 28 anys que gaudeixo descobrint els <strong>racons amagats de Barcelona<\/strong>, caf\u00e8s amb encant i carrers on perdre un diumenge a la tarda. I tot i aix\u00ed, hi ha encara molts llocs de la ciutat que no conec. Per aix\u00f2 (i perqu\u00e8 no tinc previsi\u00f3 de grans viatges fins d&#8217;aqu\u00ed a for\u00e7a temps), he decidit explorar a fons la ciutat i treure a la llum<strong> activitats, festes i llocs per gaudir de la Barcelona m\u00e9s aut\u00e8ntica i local<\/strong> &#8211; <em>la que agrada tant als viatgers i als residents.<\/em><\/p>\n<p>En els pr\u00f2xims mesos, els meus articles viatgers faran refer\u00e8ncia sobretot a Barcelona. Plans locals per a tots els gustos que anir\u00e9 emmagatzemant a la secci\u00f3 del blog &#8220;<strong>A BARCELONA<\/strong>&#8220;.<\/p>\n<p>Per inaugurar aquesta secci\u00f3, no se m&#8217;acut millor manera que explicar l&#8217;activitat a la qual vam assistir l&#8217;Arnau i jo la setmana passada. <strong>Una nit d&#8217;hist\u00f2ries i llegendes recorrent la Barcelona antiga i sopant en un palau medieval com si f\u00f3ssim aut\u00e8ntics nobles.<\/strong> \u00bfPreparats per viatjar al passat medieval de Barcelona?<\/p>\n<p><img loading=\"lazy\" decoding=\"async\" class=\"aligncenter size-full wp-image-6819\" title=\"nits d'historia i llegendes barcelona\" src=\"http:\/\/www.sempreviaggiando.com\/wp-content\/uploads\/2012\/11\/nits_dhistoria_Barcelona_1.jpg\" alt=\"nits d'historia i llegendes barcelona\" width=\"650\" height=\"450\" srcset=\"https:\/\/www.sempreviaggiando.com\/wp-content\/uploads\/2012\/11\/nits_dhistoria_Barcelona_1.jpg 650w, https:\/\/www.sempreviaggiando.com\/wp-content\/uploads\/2012\/11\/nits_dhistoria_Barcelona_1-300x207.jpg 300w\" sizes=\"auto, (max-width: 650px) 100vw, 650px\" \/><\/p>\n<h4>BARCELONA, DE LES ESTRELLES A LES LLEGENDES<\/h4>\n<p>Despr\u00e9s de l&#8217;\u00e8xit de <strong>Sopars Amb Estrelles<\/strong> a l&#8217;Observatori Fabra de Barcelona, ha sorgit aquesta activitat sobre <strong>Hist\u00f2ries i Llegendes al Palau Requesens<\/strong>, organitzada pel mateix grup promotor. Si a l&#8217;estiu les protagonistes s\u00f3n les estrelles, a l&#8217;hivern, ho s\u00f3n els<strong> carrers antics del barri de Sant Just de Barcelona<\/strong>. Entre esgl\u00e9sies, palaus medievals i carrers empedrats, transcorre una activitat especialment pensada per a aquells barcelonins que volen descobrir els <strong>secrets m\u00e9s ben guardats d&#8217;un dels barris m\u00e9s antics de Barcelona.<\/strong><\/p>\n<p>L&#8217;activitat consisteix en una <strong>visita guiada (aprox 1h) pels carrers del barri G\u00f2tic<\/strong>, <strong>un sopar que fusiona la tradici\u00f3 medieval amb els plats d&#8217;autor i una xerrada final<\/strong> en qu\u00e8 s&#8217;aprofundeix una mica m\u00e9s sobre <strong>temes relacionats amb la Barcelona de l&#8217;Edat Mitjana<\/strong>. En total, unes 2 hores i mitja que permeten descobrir a fons la <strong>hist\u00f2ria medieval de Barcelona i endinsar-se en les seves llegendes i tradicions m\u00e9s locals.<\/strong> Nom\u00e9s hagu\u00e9s faltat vestir-nos de reis i pr\u00ednceps!<\/p>\n<p><img loading=\"lazy\" decoding=\"async\" class=\"aligncenter size-full wp-image-6820\" title=\"palau requesens barcelona\" src=\"http:\/\/www.sempreviaggiando.com\/wp-content\/uploads\/2012\/11\/nits_dhistoria_Barcelona_2.jpg\" alt=\"palau requesens barcelona\" width=\"650\" height=\"450\" srcset=\"https:\/\/www.sempreviaggiando.com\/wp-content\/uploads\/2012\/11\/nits_dhistoria_Barcelona_2.jpg 650w, https:\/\/www.sempreviaggiando.com\/wp-content\/uploads\/2012\/11\/nits_dhistoria_Barcelona_2-300x207.jpg 300w\" sizes=\"auto, (max-width: 650px) 100vw, 650px\" \/><\/p>\n<p>&nbsp;<\/p>\n<h4>PALAUS MEDIEVALS, DE PORTES ENDINS<\/h4>\n<p>Sovint, quan passegem per la nostra ciutat, solem mirar a terra o, com a molt, a l&#8217;exterior de les fa\u00e7anes dels edificis, sense parar massa atenci\u00f3 als detalls. Aquest tour busca, precisament, el contrari: <strong>aconseguir veure els detalls del Barri G\u00f2tic per aprendre sobre la seva hist\u00f2ria o les seves llegendes<\/strong>.<\/p>\n<p>Noms d&#8217;estudiants pintats a les fa\u00e7anes, petits palaus que s\u00f3n avui resid\u00e8ncies dels ve\u00efns del G\u00f2tic, les marques dels carruatges a les parets m\u00e9s estretes, edificis corbats, g\u00e0rgoles amb forma d&#8217;elefant, un mascar\u00f3 de proa a l&#8217;entrada d&#8217;un edifici&#8230; Aquests s\u00f3n nom\u00e9s alguns dels detalls amb els que vam topar durant la visita guiada i a trav\u00e9s dels quals vam aprendre <strong>una mica m\u00e9s sobre les fascinants hist\u00f2ries que s&#8217;amaguen al Barri G\u00f2tic<\/strong>. Tot aix\u00f2, explicat amb passi\u00f3 per la nostra fant\u00e0stica guia Leyla i en un grup petit (\u00e9rem unes 10 persones) per gaudir millor de l&#8217;explicaci\u00f3.<\/p>\n<p style=\"text-align: center;\"><img loading=\"lazy\" decoding=\"async\" class=\"aligncenter  wp-image-6823\" title=\"palau requesens barcelona\" src=\"http:\/\/www.sempreviaggiando.com\/wp-content\/uploads\/2012\/11\/IMG_8674.jpg\" alt=\"palau requesens barcelona\" width=\"630\" height=\"538\" srcset=\"https:\/\/www.sempreviaggiando.com\/wp-content\/uploads\/2012\/11\/IMG_8674.jpg 900w, https:\/\/www.sempreviaggiando.com\/wp-content\/uploads\/2012\/11\/IMG_8674-300x256.jpg 300w\" sizes=\"auto, (max-width: 630px) 100vw, 630px\" \/><\/p>\n<p>&nbsp;<\/p>\n<h4>EL PALAU REQUESENS<\/h4>\n<p>Tot comen\u00e7a i acaba en un <strong>marc incomparable com el Palau Requesens, un edifici constru\u00eft als segles XV-XVI que avui \u00e9s la seu de l&#8217;Acad\u00e8mia de les Bones Lletres<\/strong>. El Palau Requesens \u00e9s una de les <strong>cases senyorials m\u00e9s grans de la ciutat<\/strong> i, en l&#8217;\u00e8poca Medieval, va ser un dels palaus m\u00e9s importants.<\/p>\n<p>Quan pensem en palaus i edificis senyorials de Barcelona, sovint el primer que ens ve al cap s\u00f3n els <strong>palaus dels comerciants del Carrer Montcada<\/strong> (la seu del museu Picassso, per exemple), per\u00f2 el cert \u00e9s que els &#8220;<strong>aut\u00e8ntics&#8221; palaus que van construir els nobles residents a Barcelona, s\u00f3n els del barri de Sant Just<\/strong> i m\u00e9s concretament, el carrer Lled\u00f3. <strong>El Palau Requesens<\/strong> \u00e9s una de les millors mostres que queden actualment. Habitualment no es pot visitar, per\u00f2 gr\u00e0cies a les <strong>Nits d&#8217;Hist\u00f2ries i Llegendes, les portes del palau queden obertes perqu\u00e8 per una nit tots puguem ser nobles<\/strong>. De fet, l&#8217;\u00fanic dia que el Palau est\u00e0 obert al p\u00fablic \u00e9s el <strong>dia de Corpus<\/strong>, per fer el tradicional &#8220;<strong>ou com balla<\/strong>&#8221; <strong>al pati interior del Palau<\/strong><em> (<\/em>juntament amb la Catedral, el Palau Requesens \u00e9s un dels llocs on es fa ballar l&#8217;ou; tal i com us explicaran a la visita guiada, aquesta tradici\u00f3 catalana prov\u00e9 d&#8217;un entreteniment dels nobles de l&#8217;\u00e8poca medieval).<\/p>\n<p>Despr\u00e9s de la visita guiada, es passa a descobrir l&#8217;interior del Palau i, sobretot, <strong>el seu fabul\u00f3s balc\u00f3, que \u00e9s ni m\u00e9s ni menys que una part de l&#8217;antiga muralla de Barcelona!<\/strong> Quina sorpresa saber que la muralla davant de la qual s\u00f2l aparcar la moto quan anem al G\u00f2tic, \u00e9s en realitat, una de les parets del Palau Requesens.<\/p>\n<p style=\"text-align: left;\"><img loading=\"lazy\" decoding=\"async\" class=\"aligncenter  wp-image-6822\" title=\"palau requesens barcelona\" src=\"http:\/\/www.sempreviaggiando.com\/wp-content\/uploads\/2012\/11\/IMG_8648.jpg\" alt=\"palau requesens barcelona\" width=\"630\" height=\"420\" srcset=\"https:\/\/www.sempreviaggiando.com\/wp-content\/uploads\/2012\/11\/IMG_8648.jpg 900w, https:\/\/www.sempreviaggiando.com\/wp-content\/uploads\/2012\/11\/IMG_8648-300x200.jpg 300w\" sizes=\"auto, (max-width: 630px) 100vw, 630px\" \/><\/p>\n<p>Per arrodonir aquest <em>viatge medieval<\/em>, <strong>la visita guiada acaba amb un sopar tradicional al mateix Palau Requesens<\/strong>. Taules dobles i un <strong>ambient \u00edntim<\/strong> combinen a la perfecci\u00f3 amb un <strong>sopar medieval amb tocs de modernitat<\/strong>. Pr\u00e9ssecs farcits de carn i bolets amb amanida de codony, mat\u00f3, anxoves i cuixetes de guatlla amb vinagreta de c\u00edtrics. Jarret de vedella a la mel amb espinacs, panses i pinyons. I, de postres, un delici\u00f3s &#8220;<strong>Menjar blanc<\/strong>&#8221; (semblant a l&#8217;arr\u00f2s amb llet per\u00f2 sense arr\u00f2s) amb gelat de fruits secs. <strong>Un men\u00fa inspirat en el que es menjava en els segles XIV-XV, que ens recorda la import\u00e0ncia de la gastronomia en la tradici\u00f3 i cultura d&#8217;un poble.<\/strong><\/p>\n<p style=\"text-align: left;\"><img loading=\"lazy\" decoding=\"async\" class=\"aligncenter size-full wp-image-6821\" title=\"cocina medieval catalana\" src=\"http:\/\/www.sempreviaggiando.com\/wp-content\/uploads\/2012\/11\/nits_dhistoria_Barcelona_3.jpg\" alt=\"cocina medieval catalana\" width=\"650\" height=\"303\" srcset=\"https:\/\/www.sempreviaggiando.com\/wp-content\/uploads\/2012\/11\/nits_dhistoria_Barcelona_3.jpg 650w, https:\/\/www.sempreviaggiando.com\/wp-content\/uploads\/2012\/11\/nits_dhistoria_Barcelona_3-300x139.jpg 300w\" sizes=\"auto, (max-width: 650px) 100vw, 650px\" \/><\/p>\n<p>I mentre acabem de baixar les postres i caf\u00e8s, <strong>una xerrada informal repassa alguns temes hist\u00f2rics de l&#8217;edat mitjana com receptaris, tadiciones o higiene \/ bellesa<\/strong>. La guinda final a una <strong>classe d&#8217;hist\u00f2ria en directe a la que els carrers de la Barcelona medieval cobren vida <\/strong>per recordar-nos la sort que tenim de viure en aquesta fascinant ciutat plena de llegendes.<\/p>\n<h4>+ Info<\/h4>\n<ul>\n<li>Les <strong>Nits d&#8217;Hist\u00f2ries i Llegendes<\/strong> estan programades de moment fins a finals de desembre. Es realitzen tots els <strong>divendres i dissabtes nit<\/strong>. L&#8217;activitat comen\u00e7a a les 19:45 h.<\/li>\n<li>Hi ha possibilitat de tour guiat en catal\u00e0 i en castell\u00e0.<\/li>\n<li>Per al sopar, hi ha men\u00fas infantils, vegetarians i cel\u00edac, a m\u00e9s de l&#8217;opci\u00f3 habitual (amb carn).<\/li>\n<li>El preu de l&#8217;activitat completa \u00e9s de 68 \u20ac per persona i hi ha nombrosos descomptes (Atr\u00e1palo, TresC, LaVanguardia, Racc &#8230;).<\/li>\n<li>Si voleu fer una reserva o posar-vos en contacte amb l&#8217;organitzaci\u00f3, escriviu un email a info@raconsinsolits.com o truqueu al 93.327 25 gen. Tamb\u00e9 podeu obtenir m\u00e9s informaci\u00f3 al web <a title=\"palau requesens\" href=\"http:\/\/www.palaurequesens.cat\" target=\"_blank\">http:\/\/www.palaurequesens.cat<\/a><\/li>\n<\/ul>\n","protected":false},"excerpt":{"rendered":"<p>A l&#8217;estiu, a Barcelona les protagonistes s\u00f3n les estrelles, a l&#8217;hivern, ho s\u00f3n els carrers antics del barri de Sant Just. Entre esgl\u00e9sies, palaus medievals i carrers empedrats, transcorre una activitat especialment pensada per a aquells barcelonins que volen descobrir els secrets m\u00e9s ben guardats d&#8217;un dels barris m\u00e9s antics de Barcelona.<\/p>\n<div class=\"read-more-wrapper\"><a class=\"read-more\" href=\"https:\/\/www.sempreviaggiando.com\/ca\/2012\/11\/11\/nits-dhistoria-i-llegenda-al-palau-requesens-de-barcelona\/\" title=\"Read More\"> <span class=\"button \">Read More<\/span><\/a><\/div>\n","protected":false},"author":2,"featured_media":6823,"comment_status":"open","ping_status":"open","sticky":false,"template":"","format":"standard","meta":{"_acf_changed":false,"_bos_mb_destination":[],"_jetpack_memberships_contains_paid_content":false,"footnotes":""},"categories":[121],"tags":[],"class_list":["post-6830","post","type-post","status-publish","format-standard","has-post-thumbnail","hentry","category-rutes-per-catalunya"],"acf":[],"jetpack_featured_media_url":"https:\/\/www.sempreviaggiando.com\/wp-content\/uploads\/2012\/11\/IMG_8674.jpg","jetpack_sharing_enabled":true,"_links":{"self":[{"href":"https:\/\/www.sempreviaggiando.com\/ca\/wp-json\/wp\/v2\/posts\/6830","targetHints":{"allow":["GET"]}}],"collection":[{"href":"https:\/\/www.sempreviaggiando.com\/ca\/wp-json\/wp\/v2\/posts"}],"about":[{"href":"https:\/\/www.sempreviaggiando.com\/ca\/wp-json\/wp\/v2\/types\/post"}],"author":[{"embeddable":true,"href":"https:\/\/www.sempreviaggiando.com\/ca\/wp-json\/wp\/v2\/users\/2"}],"replies":[{"embeddable":true,"href":"https:\/\/www.sempreviaggiando.com\/ca\/wp-json\/wp\/v2\/comments?post=6830"}],"version-history":[{"count":8,"href":"https:\/\/www.sempreviaggiando.com\/ca\/wp-json\/wp\/v2\/posts\/6830\/revisions"}],"predecessor-version":[{"id":6843,"href":"https:\/\/www.sempreviaggiando.com\/ca\/wp-json\/wp\/v2\/posts\/6830\/revisions\/6843"}],"wp:featuredmedia":[{"embeddable":true,"href":"https:\/\/www.sempreviaggiando.com\/ca\/wp-json\/wp\/v2\/media\/6823"}],"wp:attachment":[{"href":"https:\/\/www.sempreviaggiando.com\/ca\/wp-json\/wp\/v2\/media?parent=6830"}],"wp:term":[{"taxonomy":"category","embeddable":true,"href":"https:\/\/www.sempreviaggiando.com\/ca\/wp-json\/wp\/v2\/categories?post=6830"},{"taxonomy":"post_tag","embeddable":true,"href":"https:\/\/www.sempreviaggiando.com\/ca\/wp-json\/wp\/v2\/tags?post=6830"}],"curies":[{"name":"wp","href":"https:\/\/api.w.org\/{rel}","templated":true}]}}