{"id":6922,"date":"2012-11-16T17:54:08","date_gmt":"2012-11-16T16:54:08","guid":{"rendered":"http:\/\/www.sempreviaggiando.com\/?p=6922"},"modified":"2014-03-24T09:29:02","modified_gmt":"2014-03-24T08:29:02","slug":"hotel-barcelo-raval-un-punt-chic-al-raval","status":"publish","type":"post","link":"https:\/\/www.sempreviaggiando.com\/ca\/2012\/11\/16\/hotel-barcelo-raval-un-punt-chic-al-raval\/","title":{"rendered":"Hotel Barcel\u00f3 Raval, un punt chic al Raval"},"content":{"rendered":"<p style=\"text-align: justify;\"><strong>El Raval \u00e9s un dels barris m\u00e9s de moda de Barcelona<\/strong>. Fa tot just uns 15 anys que l&#8217;ajuntament va rehabilitar tota la zona de l&#8217;antic &#8220;barri xino&#8221; per <strong>donar-li un aire modern i cosmopolita<\/strong>. Una facultat de comunicaci\u00f3, un centre de cultura contempor\u00e0nia, el museu d&#8217;art contemporani de Barcelona, una rambla nova &#8230; Tots aquests van passar a ser ve\u00efns de la Boqueria, del Liceu i de tants altres edificis m\u00edtics d&#8217;un dels barris m\u00e9s antics de la ciutat. En el seu moment va ser tota una controv\u00e8rsia, per\u00f2 la veritat \u00e9s que el temps ha donat la ra\u00f3 als que han confiat en la<strong> capacitat cosmopolita de Barcelona per agrupar en un mateix barri comunitats d&#8217;immigrants, edificis moderns, mercats tradicionals i turistes que s&#8217;escapen del recorregut habitual. <\/strong>Les barreges i els contrastos es fusionen molt b\u00e9 al Raval!<strong><\/strong> Lo vell amb lo nou, lo cl\u00e0ssic amb lo modern i lo tradicionalment catal\u00e0 amb lo culturalment oriental. I potser \u00e9s aix\u00f2 el que aconsegueix captivar als joves barcelonins (i de fora) per veure que el <strong>Raval \u00e9s un barri singular, amb molt de car\u00e0cter i on tothom hi t\u00e9 cabuda.<\/strong><\/p>\n<p style=\"text-align: justify;\">Al bell mig de la Rambla del Raval, entre palmeres, botigues de kebab i joves de tot arreu del m\u00f3n, hi trobem l&#8217;<strong>Hotel Barcel\u00f3 Raval<\/strong>. Un edifici modern, amb encant i molt elegant. Des del <strong>B-Lounge (a la planta baixa), fins a la terrassa 360 \u00ba, <\/strong>el Barcel\u00f3 Raval desbordaria disseny &#8220;a cada cantonada&#8221; si no fos perqu\u00e8 \u00e9s ovalat i tots els espais estan ben aprofitats \ud83d\ude09<\/p>\n<p style=\"text-align: justify;\"><img loading=\"lazy\" decoding=\"async\" class=\"aligncenter  wp-image-6911\" title=\"B lounge Barcelo Raval\" alt=\"B lounge Barcelo Raval\" src=\"http:\/\/www.sempreviaggiando.com\/wp-content\/uploads\/2012\/11\/IMG_8785.jpg\" width=\"630\" height=\"420\" srcset=\"https:\/\/www.sempreviaggiando.com\/wp-content\/uploads\/2012\/11\/IMG_8785.jpg 900w, https:\/\/www.sempreviaggiando.com\/wp-content\/uploads\/2012\/11\/IMG_8785-300x200.jpg 300w\" sizes=\"auto, (max-width: 630px) 100vw, 630px\" \/><\/p>\n<p style=\"text-align: justify;\">En un bon hotel per als que volen estar al <strong>centre de Barcelona i viure la nit m\u00e9s local:<\/strong> caminant des de l&#8217;hotel teniu el barri de <strong>Sant Antoni, el G\u00f2tic, el Born i, \u00f2bviament, el Raval, on hi ha els bars i caf\u00e8s de moda.<\/strong><\/p>\n<p style=\"text-align: justify;\">Si sou dels meus i porteu la feina a la maleta fins i tot estant de vacances, agraireu el detall de tenir <strong>escriptori i torre tecnol\u00f2gica amb tots els elements necessaris per treballar<\/strong>. Els llits s\u00f3n amples i c\u00f2modes. A m\u00e9s, cada habitaci\u00f3 compta tamb\u00e9 amb televisi\u00f3 plana, carregador d&#8217;iPod, caixa de seguretat, cafetera Nespresso, wi-fi gratu\u00eft, minibar complet i una curiosa varietat d&#8217;amenities &#8211; <em>com m&#8217;agraden!<\/em><\/p>\n<p style=\"text-align: justify;\"><img loading=\"lazy\" decoding=\"async\" class=\" wp-image-6907  aligncenter\" title=\"Numero habitaciones barcelo raval hotel\" alt=\"Numero habitaciones barcelo raval hotel\" src=\"http:\/\/www.sempreviaggiando.com\/wp-content\/uploads\/2012\/11\/IMG_8685.jpg\" width=\"630\" height=\"420\" srcset=\"https:\/\/www.sempreviaggiando.com\/wp-content\/uploads\/2012\/11\/IMG_8685.jpg 900w, https:\/\/www.sempreviaggiando.com\/wp-content\/uploads\/2012\/11\/IMG_8685-300x200.jpg 300w\" sizes=\"auto, (max-width: 630px) 100vw, 630px\" \/><\/p>\n<p style=\"text-align: justify;\">Sense menysprear les altres habitacions, la <strong>Junior Suite i jo ens vam fer especialment amigues.<\/strong> Sof\u00e0 a l&#8217;entrada, llum extravagant, jacuzzi ampli i amb vistes a Barcelona, barnussos, altaveus per a iPod, cafetera nespresso i una enorme llit. Tot aix\u00f2 decorat en tons vermells i negres, elegant i chic alhora.<\/p>\n<p style=\"text-align: justify;\"><img loading=\"lazy\" decoding=\"async\" class=\" wp-image-6877 aligncenter\" title=\"junior suite hotel barcelo raval\" alt=\"junior suite hotel barcelo raval\" src=\"http:\/\/www.sempreviaggiando.com\/wp-content\/uploads\/2012\/11\/IMG_8699.jpg\" width=\"630\" height=\"420\" srcset=\"https:\/\/www.sempreviaggiando.com\/wp-content\/uploads\/2012\/11\/IMG_8699.jpg 900w, https:\/\/www.sempreviaggiando.com\/wp-content\/uploads\/2012\/11\/IMG_8699-300x200.jpg 300w\" sizes=\"auto, (max-width: 630px) 100vw, 630px\" \/><\/p>\n<p style=\"text-align: justify;\"><img loading=\"lazy\" decoding=\"async\" class=\"aligncenter  wp-image-6880\" title=\"junior suite hotel barcelo raval\" alt=\"junior suite hotel barcelo raval\" src=\"http:\/\/www.sempreviaggiando.com\/wp-content\/uploads\/2012\/11\/IMG_8698.jpg\" width=\"630\" height=\"420\" srcset=\"https:\/\/www.sempreviaggiando.com\/wp-content\/uploads\/2012\/11\/IMG_8698.jpg 900w, https:\/\/www.sempreviaggiando.com\/wp-content\/uploads\/2012\/11\/IMG_8698-300x200.jpg 300w\" sizes=\"auto, (max-width: 630px) 100vw, 630px\" \/><\/p>\n<p style=\"text-align: justify;\"><img loading=\"lazy\" decoding=\"async\" class=\"aligncenter  wp-image-6912\" title=\"amenities barcelo raval\" alt=\"amenities barcelo raval\" src=\"http:\/\/www.sempreviaggiando.com\/wp-content\/uploads\/2012\/11\/IMG_8701.jpg\" width=\"630\" height=\"420\" srcset=\"https:\/\/www.sempreviaggiando.com\/wp-content\/uploads\/2012\/11\/IMG_8701.jpg 900w, https:\/\/www.sempreviaggiando.com\/wp-content\/uploads\/2012\/11\/IMG_8701-300x200.jpg 300w\" sizes=\"auto, (max-width: 630px) 100vw, 630px\" \/><\/p>\n<p style=\"text-align: justify;\"><img loading=\"lazy\" decoding=\"async\" class=\"aligncenter  wp-image-6920\" title=\"jacuzzi suite raval barcelo\" alt=\"jacuzzi suite raval barcelo\" src=\"http:\/\/www.sempreviaggiando.com\/wp-content\/uploads\/2012\/11\/IMG_8711.jpg\" width=\"420\" height=\"630\" srcset=\"https:\/\/www.sempreviaggiando.com\/wp-content\/uploads\/2012\/11\/IMG_8711.jpg 600w, https:\/\/www.sempreviaggiando.com\/wp-content\/uploads\/2012\/11\/IMG_8711-200x300.jpg 200w\" sizes=\"auto, (max-width: 420px) 100vw, 420px\" \/><\/p>\n<p style=\"text-align: justify;\">Com m\u00e9s amunt estiguis allotjat, les vistes a Barcelona milloren. <strong>Fins arribar a la 11 \u00aa planta, on hi ha una terrassa 360 \u00ba.<\/strong> <strong>\u00c9s d&#8217;acc\u00e9s lliure, tot i que \u00e9s oberta des de Setmana Santa fins a octubre,<\/strong> aproximadament. A dalt, les vistes de la ciutat s\u00f3n fabuloses, una mica per sobre dels altres edificis. A l&#8217;estiu, <strong>els <a title=\"El Brunch del Barcel\u00f3 Raval. Un brunch sa, modern i amb vistes.\" href=\"http:\/\/www.sempreviaggiando.com\/ca\/2012\/11\/15\/raval-brunch-barcelo-barcelona\/\" target=\"_blank\">Raval Brunch<\/a> dels diumenges es serveixen precisament a la terrassa.<\/strong> Per als clients de l&#8217;hotel, hi ha una piscina molt desitjable per a l&#8217;estiu. Potser la terrassa \u00e9s un p\u00e8l estreta i li falta algun toc m\u00e9s c\u00e0lid, per\u00f2 prendre alguna cosa all\u00e0 dalt amb aquelles vistessens dubte val la pena!<\/p>\n<p style=\"text-align: justify;\"><img loading=\"lazy\" decoding=\"async\" class=\"aligncenter  wp-image-6878\" title=\"terraza 360 hotel barcelo raval\" alt=\"terraza 360 hotel barcelo raval\" src=\"http:\/\/www.sempreviaggiando.com\/wp-content\/uploads\/2012\/11\/IMG_8725.jpg\" width=\"630\" height=\"420\" srcset=\"https:\/\/www.sempreviaggiando.com\/wp-content\/uploads\/2012\/11\/IMG_8725.jpg 900w, https:\/\/www.sempreviaggiando.com\/wp-content\/uploads\/2012\/11\/IMG_8725-300x200.jpg 300w\" sizes=\"auto, (max-width: 630px) 100vw, 630px\" \/><\/p>\n<p style=\"text-align: justify;\"><img loading=\"lazy\" decoding=\"async\" class=\"aligncenter  wp-image-6876\" title=\"terraza barcelo raval 360\" alt=\"terraza barcelo raval 360\" src=\"http:\/\/www.sempreviaggiando.com\/wp-content\/uploads\/2012\/11\/IMG_8732.jpg\" width=\"630\" height=\"420\" srcset=\"https:\/\/www.sempreviaggiando.com\/wp-content\/uploads\/2012\/11\/IMG_8732.jpg 900w, https:\/\/www.sempreviaggiando.com\/wp-content\/uploads\/2012\/11\/IMG_8732-300x200.jpg 300w\" sizes=\"auto, (max-width: 630px) 100vw, 630px\" \/><\/p>\n<p style=\"text-align: justify;\">No obstant, el millor de l&#8217;hotel \u00e9s la seva <strong>flamant recepci\u00f3 i B-Lounge<\/strong>. Un llum en forma de cavall, un porc que aguanta els diaris i una decoraci\u00f3 extravagant i moderna per tot el lounge. <strong>Una benvinguda espectacular!<\/strong> El restaurant, <strong>el B-Lounge \u00e9s d&#8217;acc\u00e9s lliure i la fusi\u00f3 de m\u00fasica, decoraci\u00f3 i menjar \u00e9s exquisit<\/strong>. Horaris i infos del B-Lounge:<\/p>\n<ul style=\"text-align: justify;\">\n<li>Servei ininterromput de 12h a 24h.<\/li>\n<li>Bar obert fins la 1:00 h.<\/li>\n<li>DJ sessions cada dijous, divendres i dissabte.<\/li>\n<li>Brunch tots els diumenges de 12:00 h. a 16:00 h<\/li>\n<\/ul>\n<p style=\"text-align: justify;\"><img loading=\"lazy\" decoding=\"async\" class=\"aligncenter  wp-image-6915\" title=\"Hotel Raval Barcelo, Barcelona\" alt=\"Hotel Raval Barcelo, Barcelona\" src=\"http:\/\/www.sempreviaggiando.com\/wp-content\/uploads\/2012\/11\/IMG_8682.jpg\" width=\"630\" height=\"420\" srcset=\"https:\/\/www.sempreviaggiando.com\/wp-content\/uploads\/2012\/11\/IMG_8682.jpg 900w, https:\/\/www.sempreviaggiando.com\/wp-content\/uploads\/2012\/11\/IMG_8682-300x200.jpg 300w\" sizes=\"auto, (max-width: 630px) 100vw, 630px\" \/><\/p>\n<p style=\"text-align: justify;\"><img loading=\"lazy\" decoding=\"async\" class=\" wp-image-6910  aligncenter\" title=\"recepcion caballo raval hotel\" alt=\"recepcion caballo raval hotel\" src=\"http:\/\/www.sempreviaggiando.com\/wp-content\/uploads\/2012\/11\/IMG_8748.jpg\" width=\"630\" height=\"420\" srcset=\"https:\/\/www.sempreviaggiando.com\/wp-content\/uploads\/2012\/11\/IMG_8748.jpg 900w, https:\/\/www.sempreviaggiando.com\/wp-content\/uploads\/2012\/11\/IMG_8748-300x200.jpg 300w\" sizes=\"auto, (max-width: 630px) 100vw, 630px\" \/><\/p>\n<h5 style=\"text-align: justify;\">Com anar a l&#8217;Hotel Barcel\u00f3 Raval:<\/h5>\n<ul style=\"text-align: justify;\">\n<li>Adre\u00e7a: Rambla del Raval 17-21, Barcelona. (a 10-15 min caminant de pla\u00e7a Catalunya, a prop del port vell)<\/li>\n<li>Metro: Liceu (L3), Sant Antoni (L2) i Paral\u00b7lel (L2 y L3)<\/li>\n<li>M\u00e9s info a la seva <a title=\"barcelo raval\" href=\"http:\/\/www.barcelo.com\/BarceloHotels\/es_ES\/hoteles\/Espana\/Barcelona\/hotel-barcelo-raval\/descripcion-general.aspx\" target=\"_blank\" rel=\"nofolow\">web<\/a>.<\/li>\n<\/ul>\n<p style=\"text-align: justify;\"><iframe loading=\"lazy\" src=\"https:\/\/maps.google.com\/maps?f=q&amp;source=s_q&amp;hl=en&amp;geocode=&amp;q=Hotel+Barcel%C3%B3+Raval,+Rambla+del+Raval,+Barcelona,+Spain&amp;aq=0&amp;oq=barcelo+raval&amp;sll=41.380673,2.170143&amp;sspn=0.020609,0.044804&amp;ie=UTF8&amp;hq=Hotel+Barcel%C3%B3+Raval,+Rambla+del+Raval,+Barcelona,+Spain&amp;hnear=&amp;radius=15000&amp;t=m&amp;ll=41.379127,2.17113&amp;spn=0.00483,0.025792&amp;z=15&amp;iwloc=A&amp;output=embed\" height=\"150\" width=\"600\" frameborder=\"0\" marginwidth=\"0\" marginheight=\"0\" scrolling=\"no\"><\/iframe><br \/>\n<small><a style=\"color: #0000ff; text-align: left;\" href=\"https:\/\/maps.google.com\/maps?f=q&amp;source=embed&amp;hl=en&amp;geocode=&amp;q=Hotel+Barcel%C3%B3+Raval,+Rambla+del+Raval,+Barcelona,+Spain&amp;aq=0&amp;oq=barcelo+raval&amp;sll=41.380673,2.170143&amp;sspn=0.020609,0.044804&amp;ie=UTF8&amp;hq=Hotel+Barcel%C3%B3+Raval,+Rambla+del+Raval,+Barcelona,+Spain&amp;hnear=&amp;radius=15000&amp;t=m&amp;ll=41.379127,2.17113&amp;spn=0.00483,0.025792&amp;z=15&amp;iwloc=A\">View Larger Map<\/a><\/small><\/p>\n","protected":false},"excerpt":{"rendered":"<p>Al bell mig de la Rambla del Raval, entre palmeres, kebabs i joves de tot arreu del m\u00f3n, hi trobem l&#8217;Hotel Barcel\u00f3 Raval. Un hotel modern, amb encant i molt elegant. Des del B-Lounge (a la planta baixa), fins a la terrassa 360 \u00ba. Entrem a les seves habitacions i instal\u00b7lacions per veure&#8217;l per dins!<\/p>\n<div class=\"read-more-wrapper\"><a class=\"read-more\" href=\"https:\/\/www.sempreviaggiando.com\/ca\/2012\/11\/16\/hotel-barcelo-raval-un-punt-chic-al-raval\/\" title=\"Read More\"> <span class=\"button \">Read More<\/span><\/a><\/div>\n","protected":false},"author":2,"featured_media":6878,"comment_status":"open","ping_status":"open","sticky":false,"template":"","format":"standard","meta":{"_acf_changed":false,"_bos_mb_destination":[],"_jetpack_memberships_contains_paid_content":false,"footnotes":""},"categories":[121],"tags":[],"class_list":["post-6922","post","type-post","status-publish","format-standard","has-post-thumbnail","hentry","category-rutes-per-catalunya"],"acf":[],"jetpack_featured_media_url":"https:\/\/www.sempreviaggiando.com\/wp-content\/uploads\/2012\/11\/IMG_8725.jpg","jetpack_sharing_enabled":true,"_links":{"self":[{"href":"https:\/\/www.sempreviaggiando.com\/ca\/wp-json\/wp\/v2\/posts\/6922","targetHints":{"allow":["GET"]}}],"collection":[{"href":"https:\/\/www.sempreviaggiando.com\/ca\/wp-json\/wp\/v2\/posts"}],"about":[{"href":"https:\/\/www.sempreviaggiando.com\/ca\/wp-json\/wp\/v2\/types\/post"}],"author":[{"embeddable":true,"href":"https:\/\/www.sempreviaggiando.com\/ca\/wp-json\/wp\/v2\/users\/2"}],"replies":[{"embeddable":true,"href":"https:\/\/www.sempreviaggiando.com\/ca\/wp-json\/wp\/v2\/comments?post=6922"}],"version-history":[{"count":7,"href":"https:\/\/www.sempreviaggiando.com\/ca\/wp-json\/wp\/v2\/posts\/6922\/revisions"}],"predecessor-version":[{"id":11943,"href":"https:\/\/www.sempreviaggiando.com\/ca\/wp-json\/wp\/v2\/posts\/6922\/revisions\/11943"}],"wp:featuredmedia":[{"embeddable":true,"href":"https:\/\/www.sempreviaggiando.com\/ca\/wp-json\/wp\/v2\/media\/6878"}],"wp:attachment":[{"href":"https:\/\/www.sempreviaggiando.com\/ca\/wp-json\/wp\/v2\/media?parent=6922"}],"wp:term":[{"taxonomy":"category","embeddable":true,"href":"https:\/\/www.sempreviaggiando.com\/ca\/wp-json\/wp\/v2\/categories?post=6922"},{"taxonomy":"post_tag","embeddable":true,"href":"https:\/\/www.sempreviaggiando.com\/ca\/wp-json\/wp\/v2\/tags?post=6922"}],"curies":[{"name":"wp","href":"https:\/\/api.w.org\/{rel}","templated":true}]}}