{"id":7074,"date":"2012-10-16T16:35:34","date_gmt":"2012-10-16T14:35:34","guid":{"rendered":"http:\/\/www.sempreviaggiando.com\/?p=7074"},"modified":"2012-11-23T17:18:19","modified_gmt":"2012-11-23T16:18:19","slug":"sensacions-rioja-alabesa-verema","status":"publish","type":"post","link":"https:\/\/www.sempreviaggiando.com\/ca\/2012\/10\/16\/sensacions-rioja-alabesa-verema\/","title":{"rendered":"Les millors sensacions de la Rioja Alabesa durant la verema"},"content":{"rendered":"<p style=\"text-align: justify;\"><strong>La Rioja Alabesa \u00e9s un m\u00f3n de sensacions<\/strong>. Com us avan\u00e7ava al meu anterior article, el turisme en aquesta zona va comen\u00e7ar per temes de salut, i no pas vin\u00edcoles. S&#8217;hi va instal\u00b7lar un important hospital que tractava malalties respirat\u00f2ries i molts viatgers hi anaven cercant nous aires. En aquella \u00e8poca, el vi ja estava m\u00e9s que instal\u00b7lat a les terres de la Rioja (va arribar amb els romans) per\u00f2 no va ser <strong>fins fa ben poc que va n\u00e9ixer l'&#8221;enoturisme&#8221;<\/strong>. No us resulta curi\u00f3s que, tot i haver passat uns quants anys, els viatgers sempre van a la Rioja Alabesa a la recerca d&#8217;algun tipus curaci\u00f3? <strong>Abans busc\u00e0vem la cura als problemes respiratoris, i ara, busquem la cura a l&#8217;estr\u00e8s urb\u00e0. Per aix\u00f2 es van inventar les escapades i, d&#8217;aix\u00f2, a la Rioja Alabesa en saben un munt!<\/strong><\/p>\n<p style=\"text-align: justify;\"><strong>El cap de setmana natural a la Rioja Alabesa<\/strong> va ser una aut\u00e8ntica via d&#8217;escapament per a mi. Guiats per la nostra gran amfitriona, <strong>la Carol, dels <a title=\"thabuca ruta del vi rioja alabesa\" href=\"http:\/\/thabuca.es\" target=\"_blank\">Serveis Tur\u00edstics Thabuca.es<\/a><\/strong>, a la Rioja Alabesa vaig trobar bells paisatges de muntanyes i rius, vinyes de tonalitats diverses (verds, ocres, vermells&#8230;), i moments d&#8217;inspiraci\u00f3 i tranquil\u00b7litat absoluta. Vaig deixar la meva moto aparcada al garatge de Barcelona i em vaig centrar en utilitzar el meu cos per moure&#8217;m per aquesta<strong> terra de sensacions<\/strong>. <strong>Potser em vaig embriagar de naturalesa per\u00f2 us puc assegurar que estic escrivint aquest article completament s\u00f2bria<\/strong>. Al final, van quedar tot un munt de sensacions que avui comparteixo amb vosaltres.<\/p>\n<p style=\"text-align: justify;\"><img loading=\"lazy\" decoding=\"async\" class=\"aligncenter size-full wp-image-6597\" style=\"display: block; margin-bottom: 30px;\" title=\"rioja alavesa\" src=\"http:\/\/www.sempreviaggiando.com\/wp-content\/uploads\/2012\/10\/IMG_8496.jpg\" alt=\"rioja alavesa\" width=\"650\" height=\"433\" srcset=\"https:\/\/www.sempreviaggiando.com\/wp-content\/uploads\/2012\/10\/IMG_8496.jpg 650w, https:\/\/www.sempreviaggiando.com\/wp-content\/uploads\/2012\/10\/IMG_8496-300x199.jpg 300w\" sizes=\"auto, (max-width: 650px) 100vw, 650px\" \/><\/p>\n<h3 style=\"text-align: justify;\">SENSACIONS I TURISME ACTIU A LA RIOJA ALABESA:<\/h3>\n<h5 style=\"text-align: justify;\">Passejar de bon mat\u00ed per Labastida<\/h5>\n<p style=\"text-align: justify;\">Cap a les 11h, quan els carrers encara estan tranquils, fes una <strong>passejada per Labastida<\/strong>. Palaus medievals, terres de pedres, la pla\u00e7a de la pau&#8230; Puja tur\u00f3 amunt pel carrer de l&#8217;Olmo. <strong>Des de dalt, al costat de l&#8217;ermita del Sant Crist, les vistes s\u00f3n incre\u00efbles<\/strong>. Si et ve de gust fer una passejada m\u00e9s llarga, des de l&#8217;<strong>arc de Tolo\u00f1o trobar\u00e0s un parell de passejades senzilles<\/strong> per seguir admirant les vistes. Baixant per l&#8217;altre costat de l&#8217;ermita, a l&#8217;antic barri, seguint la muralla, s&#8217;amaguen alguns racons encantadors, d&#8217;aquells que et fan dir <em>Oh!<\/em>\u00a0 De baixada, si teniu opci\u00f3, visiteu la <strong>catedral de Nostra Senyora de l&#8217;Assumpci\u00f3;<\/strong> ni us imagineu l&#8217;impressionantment barroca que \u00e9s per dins!<\/p>\n<p style=\"text-align: justify;\"><a href=\"http:\/\/www.sempreviaggiando.com\/wp-content\/uploads\/2012\/10\/IMG_8431.jpg\"><img loading=\"lazy\" decoding=\"async\" class=\"aligncenter size-full wp-image-6593\" title=\"Labastida\" src=\"http:\/\/www.sempreviaggiando.com\/wp-content\/uploads\/2012\/10\/IMG_8431.jpg\" alt=\"Labastida\" width=\"650\" height=\"433\" srcset=\"https:\/\/www.sempreviaggiando.com\/wp-content\/uploads\/2012\/10\/IMG_8431.jpg 650w, https:\/\/www.sempreviaggiando.com\/wp-content\/uploads\/2012\/10\/IMG_8431-300x199.jpg 300w\" sizes=\"auto, (max-width: 650px) 100vw, 650px\" \/><\/a><\/p>\n<p style=\"text-align: justify;\"><img loading=\"lazy\" decoding=\"async\" class=\"aligncenter  wp-image-6604\" style=\"display: block; margin-bottom: 20px;\" title=\"palacio labastida\" src=\"http:\/\/www.sempreviaggiando.com\/wp-content\/uploads\/2012\/10\/IMG_20121006_111347.jpg\" alt=\"palacio labastida\" width=\"585\" height=\"585\" srcset=\"https:\/\/www.sempreviaggiando.com\/wp-content\/uploads\/2012\/10\/IMG_20121006_111347.jpg 650w, https:\/\/www.sempreviaggiando.com\/wp-content\/uploads\/2012\/10\/IMG_20121006_111347-150x150.jpg 150w, https:\/\/www.sempreviaggiando.com\/wp-content\/uploads\/2012\/10\/IMG_20121006_111347-300x300.jpg 300w, https:\/\/www.sempreviaggiando.com\/wp-content\/uploads\/2012\/10\/IMG_20121006_111347-109x109.jpg 109w, https:\/\/www.sempreviaggiando.com\/wp-content\/uploads\/2012\/10\/IMG_20121006_111347-185x185.jpg 185w\" sizes=\"auto, (max-width: 585px) 100vw, 585px\" \/><\/p>\n<h5 style=\"text-align: justify;\">L&#8217;hora de les tapes, a la Laguardia<\/h5>\n<p style=\"text-align: justify;\">Al vespre, quan s&#8217;acosta la gana i el cansament, la millor opci\u00f3 \u00e9s <strong>fer el que fan els locals: anar a Laguardia i seure en una terrassa o un bar a prendre alguna cosa.<\/strong> \u00c9s l&#8217;hora del &#8220;picoteo&#8221; i a la Rioja Alabesa acompanyen els pintxos amb un vinet (de colliter o de crian\u00e7a, cadasc\u00fa amb el preu que prefereixi).<strong> Laguardia \u00e9s una altra de les localitats importants de la Rioja Alabesa.<\/strong> Sota la ciutat hi ha centenars de coves que avui s&#8217;utilitzen com a cellers (d&#8217;\u00fas particular, majorit\u00e0riament). Si tens temps per a una visita, fes un cop d&#8217;ull al <strong>Celler El Fabulista<\/strong>, situat a la casa natal de <strong>Felix M. Samaniego, el fam\u00f3s escriptor de contes<\/strong>. En qualsevol cas, amb l&#8217;est\u00f3mac ple, ja comen\u00e7ar\u00e0s a veure les coses d&#8217;una altra manera. Per\u00f2 no et despistis, i aix\u00ed podr\u00e0s veure ballar als ninots articulats del carill\u00f3 de l&#8217;ajuntament. Tant passejar tant passejar, nosaltres ens ho vam perdre per un parell de minuts &#8211;<em>sempre s&#8217;ha de deixar alguna cosa per a la propera vegada<\/em>!<\/p>\n<p style=\"text-align: justify;\"><img loading=\"lazy\" decoding=\"async\" class=\"aligncenter  wp-image-6603\" style=\"display: block; margin-bottom: 20px;\" title=\"laguardia\" src=\"http:\/\/www.sempreviaggiando.com\/wp-content\/uploads\/2012\/10\/IMG_20121006_195805.jpg\" alt=\"laguardia\" width=\"585\" height=\"585\" srcset=\"https:\/\/www.sempreviaggiando.com\/wp-content\/uploads\/2012\/10\/IMG_20121006_195805.jpg 650w, https:\/\/www.sempreviaggiando.com\/wp-content\/uploads\/2012\/10\/IMG_20121006_195805-150x150.jpg 150w, https:\/\/www.sempreviaggiando.com\/wp-content\/uploads\/2012\/10\/IMG_20121006_195805-300x300.jpg 300w, https:\/\/www.sempreviaggiando.com\/wp-content\/uploads\/2012\/10\/IMG_20121006_195805-109x109.jpg 109w, https:\/\/www.sempreviaggiando.com\/wp-content\/uploads\/2012\/10\/IMG_20121006_195805-185x185.jpg 185w\" sizes=\"auto, (max-width: 585px) 100vw, 585px\" \/><\/p>\n<h5 style=\"text-align: justify;\">L&#8217;olor de la verema<\/h5>\n<p style=\"text-align: justify;\"><strong>La millor \u00e8poca per visitar la Rioja Alabesa \u00e9s sens dubte entre setembre i octubre.<\/strong> Just quan es realitza la verema (encara que pot variar segons l&#8217;any) i tota la zona fa olor de ra\u00efm fermentat. Una olor embafadora per\u00f2 alhora simp\u00e0tica. Mmm&#8230; Alguna cosa es cou dins als cellers i fa olor per tot arreu! \u00d2bviament, una visita a un o m\u00e9s cellers de la zona \u00e9s una cosa altament recomanada per despertar encara m\u00e9s l&#8217;olfacte i el gust. En aquest altre article trobar\u00e0s els meus cellers recomanats a visitar a La Rioja.<\/p>\n<p style=\"text-align: justify;\"><img loading=\"lazy\" decoding=\"async\" class=\"aligncenter size-full wp-image-6476\" style=\"display: block; margin-bottom: 20px;\" title=\"uvas\" src=\"http:\/\/www.sempreviaggiando.com\/wp-content\/uploads\/2012\/10\/IMG_8448.jpg\" alt=\"uvas\" width=\"650\" height=\"433\" srcset=\"https:\/\/www.sempreviaggiando.com\/wp-content\/uploads\/2012\/10\/IMG_8448.jpg 650w, https:\/\/www.sempreviaggiando.com\/wp-content\/uploads\/2012\/10\/IMG_8448-300x199.jpg 300w\" sizes=\"auto, (max-width: 650px) 100vw, 650px\" \/><\/p>\n<h5 style=\"text-align: justify;\">Ra\u00efms per aqu\u00ed, ra\u00efms per all\u00e0. Veremadors per un dia!<\/h5>\n<p style=\"text-align: justify;\">Durant els dies de verema \u00e9s molt freq\u00fcent veure <strong>camions carregats de ra\u00efm amunt i avall<\/strong>. Surten de les vinyes plens fins a dalt i van cap als cellers a descarregar per tornar altre cop a la vinya. Un proc\u00e9s que no s&#8217;atura fins que no s&#8217;ha veremat tot el terreny. Entre les <strong>64.000 hect\u00e0rees de vinyes de la denominaci\u00f3 del vi Rioja<\/strong>, ja et pots imaginar que \u00e9s molt freq\u00fcent veure veremadors en plena feina. Els veur\u00e0s en petits grups, recollint els ra\u00efms dins de grans cubells.<strong> Vam tenir la sort de ser &#8220;veremadors per un dia&#8221;<\/strong> o m\u00e9s aviat per una estona. La nostra esquena ens ho va agrair, ja que estar 8 hores al dia de peu recollint ra\u00efm ha de ser quelcom for\u00e7a esgotador! Un veremador expert ens va ajudar amb els trucs per tallar cada ra\u00efm i triar-ne els millors. <strong>Veure els ra\u00efms de tan de prop i acariciar-los va ser una sensaci\u00f3 realment molt agradable.<\/strong><\/p>\n<p style=\"text-align: justify;\"><img loading=\"lazy\" decoding=\"async\" class=\"aligncenter size-full wp-image-6606\" style=\"display: block; margin-bottom: 20px;\" src=\"http:\/\/www.sempreviaggiando.com\/wp-content\/uploads\/2012\/10\/IMG_8507.jpg\" alt=\"vendimia rioja alavesa\" width=\"650\" height=\"433\" srcset=\"https:\/\/www.sempreviaggiando.com\/wp-content\/uploads\/2012\/10\/IMG_8507.jpg 650w, https:\/\/www.sempreviaggiando.com\/wp-content\/uploads\/2012\/10\/IMG_8507-300x199.jpg 300w\" sizes=\"auto, (max-width: 650px) 100vw, 650px\" \/><\/p>\n<h5 style=\"text-align: justify;\">Trepitjar ra\u00efms i beure most natural<\/h5>\n<p style=\"text-align: justify;\">Una de les millors sensacions que podeu experimentar en una<strong> escapada a la Rioja Alabesa<\/strong> <strong>(si hi aneu en \u00e8poca de verema)<\/strong> <strong>\u00e9s trepitjar ra\u00efms<\/strong>. Una tradici\u00f3 de germanor que reunia a les fam\u00edlies als &#8220;calados&#8221; naturals per descal\u00e7ar-se i trepitjar ra\u00efm tots junts. I aix\u00f2 mateix vam fer nosaltres. <strong>Quina sensaci\u00f3 m\u00e9s llefiscosa i alhora agradable, la d&#8217;estar xafant ra\u00efms amb els teus propis peus!<\/strong> M&#8217;hi hagu\u00e9s passat tot el mat\u00ed. Vam poder trepitjar el ra\u00efm en un &#8220;calado&#8221; ruprestre prop de Labastida. Dels ra\u00efms acabats de recollir, <strong>vam treure&#8217;n un most bon\u00edssim!<\/strong> La veritat \u00e9s que trepitjar ra\u00efm \u00e9s m\u00e9s f\u00e0cil del que sembla. Nom\u00e9s caminant en compte damunt del ra\u00efm, el most va sortint i es va acumulant en un rac\u00f3 del propi &#8220;calado&#8221;. Em pregunto si alguna Colla Sardanista haur\u00e0 trepitjat mai ra\u00efm ballant una sardana. Seria una combinaci\u00f3 basca-catalana molt interessant!<\/p>\n<div id=\"attachment_6607\" style=\"width: 660px\" class=\"wp-caption aligncenter\"><img loading=\"lazy\" decoding=\"async\" aria-describedby=\"caption-attachment-6607\" class=\"size-full wp-image-6607\" title=\"calado rupestre uvas rioja alavesa\" src=\"http:\/\/www.sempreviaggiando.com\/wp-content\/uploads\/2012\/10\/IMG_8509.jpg\" alt=\"calado rupestre uvas rioja alavesa\" width=\"650\" height=\"433\" srcset=\"https:\/\/www.sempreviaggiando.com\/wp-content\/uploads\/2012\/10\/IMG_8509.jpg 650w, https:\/\/www.sempreviaggiando.com\/wp-content\/uploads\/2012\/10\/IMG_8509-300x199.jpg 300w\" sizes=\"auto, (max-width: 650px) 100vw, 650px\" \/><p id=\"caption-attachment-6607\" class=\"wp-caption-text\">Abans<\/p><\/div>\n<div id=\"attachment_6608\" style=\"width: 660px\" class=\"wp-caption aligncenter\"><img loading=\"lazy\" decoding=\"async\" aria-describedby=\"caption-attachment-6608\" class=\"size-full wp-image-6608\" title=\"pisando uvas thabuca \" src=\"http:\/\/www.sempreviaggiando.com\/wp-content\/uploads\/2012\/10\/pisado_uvas.jpg\" alt=\"pisando uvas thabuca \" width=\"650\" height=\"488\" srcset=\"https:\/\/www.sempreviaggiando.com\/wp-content\/uploads\/2012\/10\/pisado_uvas.jpg 650w, https:\/\/www.sempreviaggiando.com\/wp-content\/uploads\/2012\/10\/pisado_uvas-300x225.jpg 300w, https:\/\/www.sempreviaggiando.com\/wp-content\/uploads\/2012\/10\/pisado_uvas-400x300.jpg 400w\" sizes=\"auto, (max-width: 650px) 100vw, 650px\" \/><p id=\"caption-attachment-6608\" class=\"wp-caption-text\">Durant<\/p><\/div>\n<div id=\"attachment_6595\" style=\"width: 660px\" class=\"wp-caption aligncenter\"><img loading=\"lazy\" decoding=\"async\" aria-describedby=\"caption-attachment-6595\" class=\"size-full wp-image-6595 \" style=\"display: block; margin-bottom: 20px;\" title=\"mosto natural\" src=\"http:\/\/www.sempreviaggiando.com\/wp-content\/uploads\/2012\/10\/IMG_8517.jpg\" alt=\"mosto natural\" width=\"650\" height=\"433\" srcset=\"https:\/\/www.sempreviaggiando.com\/wp-content\/uploads\/2012\/10\/IMG_8517.jpg 650w, https:\/\/www.sempreviaggiando.com\/wp-content\/uploads\/2012\/10\/IMG_8517-300x199.jpg 300w\" sizes=\"auto, (max-width: 650px) 100vw, 650px\" \/><p id=\"caption-attachment-6595\" class=\"wp-caption-text\">Despr\u00e9s<\/p><\/div>\n<h5 style=\"text-align: justify;\">Una passejada en bici entre vinyes<\/h5>\n<p style=\"text-align: justify;\">Si us agrada anar en <strong>bicicleta<\/strong>, no us perdeu la sensaci\u00f3 de<strong> pedalar entre paisatges de vinyes<\/strong>. Probablement, us passar\u00e0 com a mi i parareu cada dos per tres per fer fotos. Per\u00f2 aix\u00f2 tamb\u00e9 us anir\u00e0 b\u00e9 per tornar a agafar forces, ja que el terreny d&#8217;aquesta zona \u00e9s totalment irregular i les pujades i baixades s\u00f3n constants. Pr\u00e0cticament no hi ha terreny pla pel que us tocar\u00e0 esmorzar b\u00e9 si voleu arribar a bon port. Aix\u00f2 s\u00ed, <strong>els paisatges des de dalt dels turonets s\u00f3n espectaculars!<\/strong> Si us entra gana a mig cam\u00ed i no us veu ning\u00fa, podeu agafar un parell de ra\u00efms d&#8217;alguna vinya (per\u00f2 no ho digueu a ning\u00fa, que us ho he dit jo!).<\/p>\n<p style=\"text-align: justify;\"><img loading=\"lazy\" decoding=\"async\" class=\"aligncenter size-full wp-image-6609\" title=\"ruta bici vi\u00f1edos rioja\" src=\"http:\/\/www.sempreviaggiando.com\/wp-content\/uploads\/2012\/10\/IMG_8549.jpg\" alt=\"ruta bici vi\u00f1edos rioja\" width=\"650\" height=\"483\" srcset=\"https:\/\/www.sempreviaggiando.com\/wp-content\/uploads\/2012\/10\/IMG_8549.jpg 650w, https:\/\/www.sempreviaggiando.com\/wp-content\/uploads\/2012\/10\/IMG_8549-300x222.jpg 300w\" sizes=\"auto, (max-width: 650px) 100vw, 650px\" \/><\/p>\n<p style=\"text-align: justify;\"><img loading=\"lazy\" decoding=\"async\" class=\"aligncenter size-full wp-image-6610\" style=\"margin-bottom: 20px;\" title=\"escondidos entre vi\u00f1edos\" src=\"http:\/\/www.sempreviaggiando.com\/wp-content\/uploads\/2012\/10\/IMG_8560.jpg\" alt=\"escondidos entre vi\u00f1edos\" width=\"650\" height=\"498\" srcset=\"https:\/\/www.sempreviaggiando.com\/wp-content\/uploads\/2012\/10\/IMG_8560.jpg 650w, https:\/\/www.sempreviaggiando.com\/wp-content\/uploads\/2012\/10\/IMG_8560-300x229.jpg 300w\" sizes=\"auto, (max-width: 650px) 100vw, 650px\" \/><\/p>\n<h5 style=\"text-align: justify;\">Amb l&#8217;est\u00f3mac content despr\u00e9s d&#8217;unes &#8220;chuletillas al sarmiento&#8221;<\/h5>\n<p style=\"text-align: justify;\">Quan la gana apreta fort, el millor que podeu fer \u00e9s satisfer l&#8217;est\u00f3mac amb <strong>plats t\u00edpics de la Rioja<\/strong>. La millor opci\u00f3: les costelletes al sarment, \u00e9s a dir, costelles cuinades a la brasa amb sarments de la pr\u00f2pia vinya. Al restaurant <strong>El Bodeg\u00f3n de Labastida les fan delicioses.<\/strong><\/p>\n<p style=\"text-align: justify;\"><img loading=\"lazy\" decoding=\"async\" class=\"aligncenter size-full wp-image-6599\" style=\"display: block; margin-bottom: 30px;\" title=\"chuletas al sarmiento rioja alavesa\" src=\"http:\/\/www.sempreviaggiando.com\/wp-content\/uploads\/2012\/10\/IMG_8538.jpg\" alt=\"chuletas al sarmiento rioja alavesa\" width=\"650\" height=\"433\" srcset=\"https:\/\/www.sempreviaggiando.com\/wp-content\/uploads\/2012\/10\/IMG_8538.jpg 650w, https:\/\/www.sempreviaggiando.com\/wp-content\/uploads\/2012\/10\/IMG_8538-300x199.jpg 300w\" sizes=\"auto, (max-width: 650px) 100vw, 650px\" \/><\/p>\n<p style=\"text-align: justify;\">Si mai passeu per <strong>Labastida o Laguardia,<\/strong> atureu-vos uns segons i respireu profundament, potser vosaltres tamb\u00e9 sentireu tot aix\u00f2. Passeu per la <strong>Pla\u00e7a de la Pau de Labastida<\/strong>, <strong>all\u00e0 hi ha l&#8217;<a title=\"thabuca ruta del vi rioja alabesa\" href=\"http:\/\/www.thabuca.es\/\" target=\"_blank\">Oficina d&#8217;Informaci\u00f3 Tur\u00edstica i la seu de Thabuca<\/a><\/strong>. Ofereixen rutes en bicicleta, activitats trepitjant ra\u00efms, visites guiades per Labastida i Laguardia, visites a cellers, rutes a cavall, rutes gastron\u00f2miques&#8230; La Carol segur que estar\u00e0 encantada d&#8217;ajudar-vos a planificar una escapada sensacional, amb els cinc sentits -i, sin\u00f3, fixeu-vos en aquest v\u00eddeo (i no \u00e9s perqu\u00e8 hi surti jo ;))<\/p>\n<p style=\"text-align: justify;\"><iframe loading=\"lazy\" src=\"http:\/\/www.youtube.com\/embed\/u1_ImxGk8uk?rel=0\" frameborder=\"0\" width=\"640\" height=\"360\"><\/iframe><\/p>\n<p style=\"text-align: justify;\"><span style=\"color: #ffffff;\">.<\/span><\/p>\n","protected":false},"excerpt":{"rendered":"<p>A la Rioja Alabesa vaig trobar bells paisatges de muntanyes i rius, vinyes de tonalitats diverses, moments d&#8217;inspiraci\u00f3 i tranquil\u00b7litat absoluta. Vaig deixar la meva moto aparcada al garatge, a Barcelona, i em vaig centrar en utilitzar el meu cos per moure&#8217;m per aquesta terra de sensacions. Potser em vaig embriagar de naturalesa per\u00f2 us puc assegurar que escric aquest post completament s\u00f2bria. Tot un munt de bones sensacions que avui comparteixo amb vosaltres.<\/p>\n<div class=\"read-more-wrapper\"><a class=\"read-more\" href=\"https:\/\/www.sempreviaggiando.com\/ca\/2012\/10\/16\/sensacions-rioja-alabesa-verema\/\" title=\"Read More\"> <span class=\"button \">Read More<\/span><\/a><\/div>\n","protected":false},"author":2,"featured_media":6597,"comment_status":"open","ping_status":"open","sticky":false,"template":"","format":"standard","meta":{"_acf_changed":false,"_bos_mb_destination":[],"_jetpack_memberships_contains_paid_content":false,"footnotes":""},"categories":[],"tags":[],"class_list":["post-7074","post","type-post","status-publish","format-standard","has-post-thumbnail","hentry"],"acf":[],"jetpack_featured_media_url":"https:\/\/www.sempreviaggiando.com\/wp-content\/uploads\/2012\/10\/IMG_8496.jpg","jetpack_sharing_enabled":true,"_links":{"self":[{"href":"https:\/\/www.sempreviaggiando.com\/ca\/wp-json\/wp\/v2\/posts\/7074","targetHints":{"allow":["GET"]}}],"collection":[{"href":"https:\/\/www.sempreviaggiando.com\/ca\/wp-json\/wp\/v2\/posts"}],"about":[{"href":"https:\/\/www.sempreviaggiando.com\/ca\/wp-json\/wp\/v2\/types\/post"}],"author":[{"embeddable":true,"href":"https:\/\/www.sempreviaggiando.com\/ca\/wp-json\/wp\/v2\/users\/2"}],"replies":[{"embeddable":true,"href":"https:\/\/www.sempreviaggiando.com\/ca\/wp-json\/wp\/v2\/comments?post=7074"}],"version-history":[{"count":6,"href":"https:\/\/www.sempreviaggiando.com\/ca\/wp-json\/wp\/v2\/posts\/7074\/revisions"}],"predecessor-version":[{"id":7076,"href":"https:\/\/www.sempreviaggiando.com\/ca\/wp-json\/wp\/v2\/posts\/7074\/revisions\/7076"}],"wp:featuredmedia":[{"embeddable":true,"href":"https:\/\/www.sempreviaggiando.com\/ca\/wp-json\/wp\/v2\/media\/6597"}],"wp:attachment":[{"href":"https:\/\/www.sempreviaggiando.com\/ca\/wp-json\/wp\/v2\/media?parent=7074"}],"wp:term":[{"taxonomy":"category","embeddable":true,"href":"https:\/\/www.sempreviaggiando.com\/ca\/wp-json\/wp\/v2\/categories?post=7074"},{"taxonomy":"post_tag","embeddable":true,"href":"https:\/\/www.sempreviaggiando.com\/ca\/wp-json\/wp\/v2\/tags?post=7074"}],"curies":[{"name":"wp","href":"https:\/\/api.w.org\/{rel}","templated":true}]}}