{"id":7292,"date":"2012-09-28T20:11:13","date_gmt":"2012-09-28T18:11:13","guid":{"rendered":"http:\/\/www.sempreviaggiando.com\/?p=7292"},"modified":"2013-02-05T15:29:45","modified_gmt":"2013-02-05T14:29:45","slug":"les-platges-de-la-peninsula-distria-nord-de-croacia","status":"publish","type":"post","link":"https:\/\/www.sempreviaggiando.com\/ca\/2012\/09\/28\/les-platges-de-la-peninsula-distria-nord-de-croacia\/","title":{"rendered":"Les platges de la Pen\u00ednsula d&#8217;Istria (Nord de Cro\u00e0cia)"},"content":{"rendered":"<p style=\"text-align: justify;\">Despr\u00e9s de tantes revistes, anuncis i boca-orella, la paraula <strong>Cro\u00e0cia s&#8217;ha convertit en el sin\u00f2nim ideal de sol, platja i parad\u00eds verge.<\/strong> I la veritat \u00e9s que no est\u00e0 gens allunyat de la realitat: <strong>paisatges salvatges, bon clima i una costa ideal per al bany,<\/strong> tot i que em va sorprendre comprovar que <strong>al nord de Cro\u00e0cia les platges no s\u00f3n de sorra.<\/strong> Esperava veure platges mediterr\u00e0nies, com les de Mernoca o Mallorca, amb sorra blanca, aig\u00fces de color blau turquesa i pins vora la platja. No obstant, ens vam emportar un petit desenc\u00eds en veure que la costa Adri\u00e0tica t\u00e9 poca &#8220;platja&#8221;. Aix\u00f2 s\u00ed, hi ha <strong>espigons especialment preparats per banyar-nos que converteixen el litoral d&#8217;Istria en una extens\u00edssima piscina d&#8217;aigua salada (i calenta, per cert)<\/strong>. En qualsevol cas, l&#8217;escapada a les platges de Istria va mer\u00e8ixer la pena i, sens dubte, hi tornar\u00edem ara mateix. Aix\u00f2 s\u00ed, no per les seves platges sin\u00f3 pel <strong>&#8220;slow-travel&#8221; istri\u00e0, la gastronomia i l&#8217;encant dels seus pobles.<\/strong> Per\u00f2 la hist\u00f2ria de com em vaig enamorar d&#8217;Istria, ja \u00e9s un altre tema.<\/p>\n<p style=\"text-align: center;\"><img loading=\"lazy\" decoding=\"async\" class=\"aligncenter  wp-image-6307\" title=\"adriatico\" alt=\"adriatico\" src=\"http:\/\/www.sempreviaggiando.com\/wp-content\/uploads\/2012\/09\/20120722_165755.jpg\" width=\"630\" height=\"289\" srcset=\"https:\/\/www.sempreviaggiando.com\/wp-content\/uploads\/2012\/09\/20120722_165755.jpg 900w, https:\/\/www.sempreviaggiando.com\/wp-content\/uploads\/2012\/09\/20120722_165755-300x137.jpg 300w\" sizes=\"auto, (max-width: 630px) 100vw, 630px\" \/><\/p>\n<p>Com ens va indicar en Silvano, el propietari de l<a title=\"Ruta pels pobles amb m\u00e9s encant de la pen\u00ednsula d\u2019Istria\" href=\"http:\/\/www.sempreviaggiando.com\/ca\/2012\/09\/29\/pobles-amb-mes-encant-de-la-peninsula-istria\/\" target=\"_blank\">&#8216;<\/a><strong><a title=\"Ruta pels pobles amb m\u00e9s encant de la pen\u00ednsula d\u2019Istria\" href=\"http:\/\/www.booking.com\/hotel\/hr\/villa-visnjan.es.html?aid=358107\" target=\"_blank\">hotel rural Villa Visnjan<\/a><\/strong> on ens vam allotjar, &#8220;<strong><em>\u00e9s possible banyar-se a tot el litoral de la Pen\u00ednsula d&#8217;Istria<\/em><\/strong>&#8221; per\u00f2 cal anar amb compte a quina platja ens fiquem, ja que bona part de les <strong>platges i c\u00e0mpings de la zona s\u00f3n naturistes<\/strong>; perfecte si has oblidat el biquini a casa! L&#8217;acc\u00e9s a aquestes platges est\u00e0 restringit nom\u00e9s a nudistes i, de fet, \u00e9s una pr\u00e0ctica habitual: la fam\u00edlia eslovena amb la que vam fer l&#8217;intercanvi de casa, sol passar els estius en un c\u00e0mping naturista.<\/p>\n<p>En fi, durant un parell de dies vam rec\u00f3rrer la costa per les carreteretes entre poblets, <strong>a la recerca de les millors platges d&#8217;Istria<\/strong>. Era l&#8217;etapa final del <strong>viatge per Eslov\u00e8nia<\/strong> i ten\u00edem ganes de veure el mar. Hi vam trobar un <strong>turisme molt familiar, europeu i fan de la bona vida<\/strong>. F\u00e0cilment, jo tamb\u00e9 podria acostumar-me a la vida d&#8217;Istria: un bany al mat\u00ed, un spritz a la terrassa del passeig mar\u00edtim, ambient local als carrers i gastronomia amb regust itali\u00e0.<\/p>\n<p>Amb un recorregut de 3 dies per Istria \u00e9s dif\u00edcil veure-ho tot, de manera que vam haver triar b\u00e9 on an\u00e0vem. Allotjar-nos a Visnjan ens va anar de meravella per poder explorar <strong>la costa de Porec a Rovinj i passar un dia m\u00e9s a Pula i Premantura, al sud de la pen\u00ednsula<\/strong>. Si hagu\u00e9ssim tingut m\u00e9s dies, possiblement hagu\u00e9ssim explorat la zona entre Rovinj i Pula, on es troba <strong>l&#8217;illa de Brujini<\/strong>. Sempre cal deixar alguna cosa per tornar-hi un altre dia, oi? El que em va agradar m\u00e9s de les platges de Istria va ser que, tot i estar ja molt massificades i tur\u00edstiques, <strong>les platges s\u00f3n encara molt salvatges<\/strong>: la natura a la vora de la platja i les roques, fan que sigui una costa natural preciosa i molt aut\u00e8ntica. El fet que et puguis banyar en qualsevol lloc del litoral d\u00f3na la <strong>sensaci\u00f3 de gaudir al m\u00e0xim de la natura<\/strong>. Aquestes s\u00f3n les platges (i pobles) que vam poder visitar:<\/p>\n<p style=\"text-align: justify;\"><iframe loading=\"lazy\" src=\"https:\/\/maps.google.com\/maps\/ms?msa=0&amp;msid=213189678025556167785.0004cac107fc4f7adaacf&amp;ie=UTF8&amp;t=m&amp;ll=45.213004,14.672241&amp;spn=1.160936,4.938354&amp;z=8&amp;output=embed\" height=\"300\" width=\"640\" frameborder=\"0\" marginwidth=\"0\" marginheight=\"0\" scrolling=\"no\"><\/iframe><br \/>\n<small>View <a style=\"color: #0000ff; text-align: left;\" href=\"https:\/\/maps.google.com\/maps\/ms?msa=0&amp;msid=213189678025556167785.0004cac107fc4f7adaacf&amp;ie=UTF8&amp;t=m&amp;ll=45.213004,14.672241&amp;spn=1.160936,4.938354&amp;z=8&amp;source=embed\">PLAYAS DE ISTRIA<\/a> in a larger map<\/small><\/p>\n<h3 style=\"text-align: justify;\">PIRAN<\/h3>\n<p style=\"text-align: justify;\"><img loading=\"lazy\" decoding=\"async\" class=\"alignleft  wp-image-6300\" style=\"margin-top: 10px; margin-bottom: 55px;\" title=\"piran\" alt=\"piran\" src=\"http:\/\/www.sempreviaggiando.com\/wp-content\/uploads\/2012\/09\/piran.jpg\" width=\"404\" height=\"315\" srcset=\"https:\/\/www.sempreviaggiando.com\/wp-content\/uploads\/2012\/09\/piran.jpg 577w, https:\/\/www.sempreviaggiando.com\/wp-content\/uploads\/2012\/09\/piran-300x233.jpg 300w\" sizes=\"auto, (max-width: 404px) 100vw, 404px\" \/><strong>Piran \u00e9s un dels pocs pobles costaners d&#8217;Eslov\u00e8nia<\/strong>. L&#8217;exemple m\u00e9s clar de les platges amb espigons. Piran es caracteritza per tenir un<strong> centre hist\u00f2ric en forma de punta<\/strong>, preci\u00f3s vist des de l&#8217;aire o algun punt alt. Tot el seu <strong>passeig mar\u00edtim disposa d&#8217;escales per baixar al mar i banyar-se.<\/strong> Un lloc perfecte per tirar-se de cap, com si estigu\u00e9ssim en una piscina, per\u00f2 alhora estem en realitat a mar obert. Piran est\u00e0 molt a prop de <strong>Koper, poble tur\u00edstic costaner fam\u00f3s pels seus palaus i canals (com una petita Ven\u00e8cia).<\/strong> Com que no dispos\u00e0vem de gaire temps, hav\u00edem de triar entre Koper i Piran i, en preguntar als locals, ens van recomanar Piran, sense dubtar-ho. Per visitar Piran, cal deixar el cotxe als afores del centre hist\u00f2ric, tret que es disposi d&#8217;un perm\u00eds per aparcar en els hotels del centre. Hi ha un parell de p\u00e0rquings grans (de pagament) i des d&#8217;all\u00e0 es pot agafar un bus llan\u00e7adora (gratu\u00eft) cap al centre o caminar uns 15 min.<\/p>\n<h3 style=\"text-align: justify;\">BRULO (POREC)<\/h3>\n<p style=\"text-align: justify;\"><img loading=\"lazy\" decoding=\"async\" class=\"alignleft  wp-image-6301\" style=\"margin-top: 10px; margin-bottom: 60px;\" title=\"playa porec brulo\" alt=\"playa porec brulo\" src=\"http:\/\/www.sempreviaggiando.com\/wp-content\/uploads\/2012\/09\/porec.jpg\" width=\"382\" height=\"270\" srcset=\"https:\/\/www.sempreviaggiando.com\/wp-content\/uploads\/2012\/09\/porec.jpg 424w, https:\/\/www.sempreviaggiando.com\/wp-content\/uploads\/2012\/09\/porec-300x212.jpg 300w\" sizes=\"auto, (max-width: 382px) 100vw, 382px\" \/><strong>Porec \u00e9s un dels pobles costaners m\u00e9s coneguts d&#8217;Istria<\/strong>. M\u00e9s tranquil que els seus ve\u00efns Rovinj i Pula, Porec \u00e9s encantador per les seves <strong>cases de colors i platges dels voltants.<\/strong> Despr\u00e9s de fer una passejada pel centre, vam anar a l&#8217;Oficina de Turisme per recollir un mapa de les platges i saber quines eren millors per fer-hi una banyada. La nostra primera parada va ser la<strong> platja de Brulo<\/strong>. De f\u00e0cil acc\u00e9s, aparcament gratu\u00eft al carrer i a cinc minuts de la platja. A Brulo no hi havia platges de sorra, sin\u00f3 <strong>roques naturals i espigons creats especialment per deixar-hi la tovallola i refrescar-nos.<\/strong> La zona de platja \u00e9s per a vianants i est\u00e0 envoltada d&#8217;<strong>una gran pineda, ideal per als que volen ombra.<\/strong> Atenci\u00f3 amb les tovalloles que deixeu als espigons, ja que <strong>la marea<\/strong> tendeix a pujar una mica, i \u00e9s probable que en un parell d&#8217;hores haguem de despla\u00e7ar la tovallola per no mullar-nos. <strong>Aigua neta, cristal\u00b7lina i a bona temperatura.<\/strong> Aquest bany Brulo ens va de meravella!<\/p>\n<h3 style=\"text-align: justify;\">LAGUNA (POREC)<\/h3>\n<p>M\u00e9s tard, vam seguir la nostra ruta cap al sud, per la carretera que segueix la costa. La seg\u00fcent parada va ser<strong> la platja de Laguna.<\/strong> All\u00e0, va ser m\u00e9s dif\u00edcil plantar-hi la tovallola per\u00f2 la recompensa va valer la pena. Vam aconseguim fer-nos un lloc en una<strong> petita caleta de pedretes, entre roca i roca.<\/strong> Perfecta per tumbar-se una estona i fer una migdiada. Un cop m\u00e9s, <strong>l&#8217;aigua estava extra neta i clara<\/strong>. Per unes hores, aquest va ser el nostre petit parad\u00eds a Istria. A la foto, teniu les vistes des de la nostra tovallola.<\/p>\n<p><strong>Si viatges amb nens<\/strong>, <strong>la platja de Laguna<\/strong> et ser\u00e0 especialment pr\u00e0ctica. Hi ha zones encerclades perqu\u00e8 els nens es banyin sense perill. S\u00f3n cercles fets dins el mar pr\u00f2piament, amb aigua salada, de poca al\u00e7ada, ideals perqu\u00e8 els nens gaudeixin del mar sense problemes.<\/p>\n<div id=\"attachment_6312\" style=\"width: 640px\" class=\"wp-caption aligncenter\"><img loading=\"lazy\" decoding=\"async\" aria-describedby=\"caption-attachment-6312\" class=\" wp-image-6312 \" title=\"laguna2\" alt=\"\" src=\"http:\/\/www.sempreviaggiando.com\/wp-content\/uploads\/2012\/09\/laguna21.jpg\" width=\"630\" height=\"199\" srcset=\"https:\/\/www.sempreviaggiando.com\/wp-content\/uploads\/2012\/09\/laguna21.jpg 900w, https:\/\/www.sempreviaggiando.com\/wp-content\/uploads\/2012\/09\/laguna21-300x94.jpg 300w\" sizes=\"auto, (max-width: 630px) 100vw, 630px\" \/><p id=\"caption-attachment-6312\" class=\"wp-caption-text\">A l&#8217;esuqerra, la nostra \u201ccaleta privada\u201d a Laguna. A la dreta, la zona especial per a nens.<\/p><\/div>\n<p>&nbsp;<\/p>\n<h3 style=\"text-align: justify;\">PREMANTURA<\/h3>\n<p style=\"text-align: justify;\"><img loading=\"lazy\" decoding=\"async\" class=\"alignleft  wp-image-6305\" style=\"margin: 10px;\" title=\"premantura\" alt=\"premantura\" src=\"http:\/\/www.sempreviaggiando.com\/wp-content\/uploads\/2012\/09\/premantura.jpg\" width=\"450\" height=\"338\" srcset=\"https:\/\/www.sempreviaggiando.com\/wp-content\/uploads\/2012\/09\/premantura.jpg 450w, https:\/\/www.sempreviaggiando.com\/wp-content\/uploads\/2012\/09\/premantura-300x225.jpg 300w, https:\/\/www.sempreviaggiando.com\/wp-content\/uploads\/2012\/09\/premantura-400x300.jpg 400w\" sizes=\"auto, (max-width: 450px) 100vw, 450px\" \/><strong>Al sud d&#8217;Istria<\/strong>,<strong> m\u00e9s enll\u00e0 de Pula, hi trobem el Parc Natural de Premantura.<\/strong> Es tracta d&#8217;una reserva natural bastant extensa, ideal per als fans del <strong>senderisme i la natura en estat pur<\/strong>. Cal pagar entrada (per als cotxes) i tots els camins dins del Parc s\u00f3n naturals, sense asfaltar. Per aix\u00f2, arribar fins a la vora de la mar pot arribar a ser pesat i etern, ja que els cotxes amb prou feines poden passar dels 20 km\/h. Aix\u00f2 s\u00ed, \u00e9s un lloc molt tur\u00edstic, cosa que li treu encant. Vam tenir la mala sort d&#8217;anar-hi un dia molt vent\u00f3s, que ens va impedir banyar-nos. Per\u00f2 sens dubte, en un dia tranquil el mar est\u00e0 espectacular! <strong>&#8220;Un aut\u00e8ntic parad\u00eds natural&#8221; ens va avisar Silvano de Vila Visnjan.<\/strong><\/p>\n<p><strong>Moure&#8217;t pel parc no \u00e9s senzill<\/strong>, ja que condueixes a cegues sense saber on acabar\u00e0 la carretera, sovint plena de sots. Hi ha algunes senyalitzacions per\u00f2 nom\u00e9s tenen el nom de la platja, que no \u00e9s de gran ajuda a l&#8217;hora de triar quin cam\u00ed agafar. Un dels llocs m\u00e9s concorreguts \u00e9s el que porta <strong>al Safari Bar: un bar d&#8217;est\u00e8tica hippy, on pots prendre alguna cosa i tamb\u00e9 banyar-te al mar lliurement.<\/strong> A prop del Safari Bar hi ha diverses platges. Una bona opic\u00f3 \u00e9s deixar el cotxe en un dels p\u00e0rquings habilitats (gratu\u00efts) i anar-hi a peu,\u00a0 a uns 20 minuts caminant.<\/p>\n<p><strong>Una bona idea per a l&#8217;Administraci\u00f3 del Parc seria donar un mapa a l&#8217;entrada, amb la situaci\u00f3 de les diferents platges, perqu\u00e8 sigui m\u00e9s senzill moure&#8217;s.<\/strong> Si teniu pensat passar mig dia a Premantura, no oblideu emportar-vos un p\u00edcnic (a part del Safari Bar, no hi ha cap altre lloc on comprar menjar\/beguda), unes xancletes per entrar a l&#8217;aigua i un mapa impr\u00e8s amb les platges\/zones a les quals voleu anar. Us ser\u00e0 \u00fatil, ja ho veureu! <strong>Ah, i atenci\u00f3 amb les aranyes i bestioles estranyes:<\/strong> vam veure un cartell al Parc que avisava del perill de la<strong> V\u00eddua Negra<\/strong>&#8230; Encara sort que no ens la vam trobar. Brzffffff!<\/p>\n<p><span style=\"color: #ffffff;\">.<\/span><\/p>\n<p style=\"text-align: center;\"><strong>Afegiries alguna altra platja d&#8217;Istria? Afegeix-la deixant el teu comentari<\/strong> (just a sota)<br \/>\nperqu\u00e8 altres viatgers puguin explorar la zona amb la m\u00e0xima informaci\u00f3 possible.<br \/>\nTamb\u00e9 em servir\u00e0 a mi, personalment, per quan torni a Istria \ud83d\ude09<\/p>\n<p style=\"text-align: justify;\">\n","protected":false},"excerpt":{"rendered":"<p>Despr\u00e9s de tantes revistes, anuncis i boca-orella, la paraula Cro\u00e0cia s&#8217;ha convertit en el sin\u00f2nim ideal de sol, platja i parad\u00eds verge. I la veritat \u00e9s que no est\u00e0 gens allunyat de la realitat: paisatges salvatges, bon clima i una costa ideal per al bany, tot i que em va sorprendre comprovar que al nord<\/p>\n<div class=\"read-more-wrapper\"><a class=\"read-more\" href=\"https:\/\/www.sempreviaggiando.com\/ca\/2012\/09\/28\/les-platges-de-la-peninsula-distria-nord-de-croacia\/\" title=\"Read More\"> <span class=\"button \">Read More<\/span><\/a><\/div>\n","protected":false},"author":2,"featured_media":6304,"comment_status":"open","ping_status":"open","sticky":false,"template":"","format":"standard","meta":{"_acf_changed":false,"_bos_mb_destination":[],"_jetpack_memberships_contains_paid_content":false,"footnotes":""},"categories":[],"tags":[],"class_list":["post-7292","post","type-post","status-publish","format-standard","has-post-thumbnail","hentry"],"acf":[],"jetpack_featured_media_url":"https:\/\/www.sempreviaggiando.com\/wp-content\/uploads\/2012\/09\/laguna.jpg","jetpack_sharing_enabled":true,"_links":{"self":[{"href":"https:\/\/www.sempreviaggiando.com\/ca\/wp-json\/wp\/v2\/posts\/7292","targetHints":{"allow":["GET"]}}],"collection":[{"href":"https:\/\/www.sempreviaggiando.com\/ca\/wp-json\/wp\/v2\/posts"}],"about":[{"href":"https:\/\/www.sempreviaggiando.com\/ca\/wp-json\/wp\/v2\/types\/post"}],"author":[{"embeddable":true,"href":"https:\/\/www.sempreviaggiando.com\/ca\/wp-json\/wp\/v2\/users\/2"}],"replies":[{"embeddable":true,"href":"https:\/\/www.sempreviaggiando.com\/ca\/wp-json\/wp\/v2\/comments?post=7292"}],"version-history":[{"count":9,"href":"https:\/\/www.sempreviaggiando.com\/ca\/wp-json\/wp\/v2\/posts\/7292\/revisions"}],"predecessor-version":[{"id":7859,"href":"https:\/\/www.sempreviaggiando.com\/ca\/wp-json\/wp\/v2\/posts\/7292\/revisions\/7859"}],"wp:featuredmedia":[{"embeddable":true,"href":"https:\/\/www.sempreviaggiando.com\/ca\/wp-json\/wp\/v2\/media\/6304"}],"wp:attachment":[{"href":"https:\/\/www.sempreviaggiando.com\/ca\/wp-json\/wp\/v2\/media?parent=7292"}],"wp:term":[{"taxonomy":"category","embeddable":true,"href":"https:\/\/www.sempreviaggiando.com\/ca\/wp-json\/wp\/v2\/categories?post=7292"},{"taxonomy":"post_tag","embeddable":true,"href":"https:\/\/www.sempreviaggiando.com\/ca\/wp-json\/wp\/v2\/tags?post=7292"}],"curies":[{"name":"wp","href":"https:\/\/api.w.org\/{rel}","templated":true}]}}