{"id":7378,"date":"2012-12-18T12:42:22","date_gmt":"2012-12-18T11:42:22","guid":{"rendered":"http:\/\/www.sempreviaggiando.com\/?p=7378"},"modified":"2012-12-20T12:47:29","modified_gmt":"2012-12-20T11:47:29","slug":"destins-per-volta-al-mon","status":"publish","type":"post","link":"https:\/\/www.sempreviaggiando.com\/ca\/2012\/12\/18\/destins-per-volta-al-mon\/","title":{"rendered":"Les possibles destinacions de la nostra volta al m\u00f3n"},"content":{"rendered":"<p style=\"text-align: justify;\">Com sabeu, tenim <strong>en ment un gran viatge per al 2013<\/strong>. M\u00e9s que un viatge, \u00e9s &#8220;<strong>una nova etapa de la vida<\/strong>&#8221; -com em deien ahir uns amics. La intenci\u00f3 \u00e9s passar uns <strong>4 mesos en diferents pa\u00efsos del m\u00f3n, tele-treballant i fent turisme<\/strong>. <strong>Combinar turisme i treball<\/strong> no ser\u00e0 una tasca f\u00e0cil i \u00e9s per aix\u00f2 que volem passar com a m\u00ednim 3 setmanes a cada lloc. No ser\u00e0 un viatge de ruta, explorant a fons cada pa\u00eds, sin\u00f3 m\u00e9s aviat un <strong>viatge amb diferents campaments base <\/strong>en qu\u00e8 poguem treballar a gust i fer petites excursions des d&#8217;all\u00e0. Durant uns mesos, <strong>canviarem Barcelona per qualsevol altre lloc del m\u00f3n<\/strong>.<\/p>\n<p><iframe loading=\"lazy\" src=\"https:\/\/maps.google.com\/maps\/ms?msa=0&amp;msid=213189678025556167785.0004d122f994df8c24f2c&amp;ie=UTF8&amp;t=m&amp;ll=11.178402,-131.484375&amp;spn=130.487085,90&amp;z=1&amp;output=embed\" frameborder=\"0\" marginwidth=\"0\" marginheight=\"0\" scrolling=\"no\" width=\"640\" height=\"250\"><\/iframe><br \/>\n<small>View <a style=\"color: #0000ff; text-align: left;\" href=\"https:\/\/maps.google.com\/maps\/ms?msa=0&amp;msid=213189678025556167785.0004d122f994df8c24f2c&amp;ie=UTF8&amp;t=m&amp;ll=11.178402,-131.484375&amp;spn=130.487085,90&amp;z=1&amp;source=embed\">Vuelta al mundo<\/a> in a larger map<\/small><\/p>\n<p style=\"text-align: justify;\">Un viatge d&#8217;aquest tipus requereix molta planificaci\u00f3, sobretot si <strong>tenim pensat fer intercanvis de cases a la major part del viatge per estalviar costos d&#8217;allotjament<\/strong>. Ja he comen\u00e7at a rebre les primeres peticions des d&#8217;Austr\u00e0lia i Nova Zelanda per a la tardor 2013, cosa que ens confirma que anem b\u00e9 de timing. Per aix\u00f2, hem de comen\u00e7ar a pensar les destinacions en qu\u00e8 ens agradaria viure durant uns mesos, per tal d&#8217;organitzar-ho tot com m\u00e9s aviat millor.<\/p>\n<h2 style=\"text-align: justify;\"><strong>La nostra ruta inclouria aquestes destinacions:<\/strong><\/h2>\n<h3 style=\"text-align: justify;\">NOVA YORK<\/h3>\n<p style=\"text-align: justify;\">Sense cap mena de dubte, <strong>Nova York \u00e9s un dels nostres destins obligats de la llista<\/strong>. La ciutat que m\u00e9s ens ve de gust. Ja vam estar-hi una setmana durant l&#8217;agost del 2007 (i aquest va ser un dels primers posts que vaig escriure al blog) i vam tornar decebuts. Cinc anys despr\u00e9s ens hem anat enamorant de Nova York amb les s\u00e8ries, brunch, disseny i iniciatives culturals. <strong>Ens en vam anar de NY sabent que era una gran ciutat per\u00f2 no per gaudir-la com a turista sin\u00f3 per &#8220;viure-hi&#8221; el dia a dia<\/strong>. Ens va quedar per viure el Nova York aut\u00e8ntic de l&#8217;art, de les exposicions, de l&#8217;esport, dels concerts i dels caf\u00e8s guais. Ara volem tornar-hi i gaudir de tot aix\u00f2. Per les ganes que tenim, ens agradaria que <strong>Nova York fos la primera destinaci\u00f3 de la nostra gira pel m\u00f3n<\/strong>, encara que no descarto que fos l&#8217;\u00faltima per estar a <strong>NY per Nadal<\/strong>. Els Nova York addictes, qu\u00e8 em recomaneu: tardor passejant per Central Park o Nadal a la pista de gel de Rockefeller Center?<\/p>\n<div id=\"attachment_7314\" style=\"width: 655px\" class=\"wp-caption aligncenter\"><img loading=\"lazy\" decoding=\"async\" aria-describedby=\"caption-attachment-7314\" class=\"size-full wp-image-7314\" title=\"Nueva York\" src=\"http:\/\/www.sempreviaggiando.com\/wp-content\/uploads\/2012\/12\/destinos1.jpg\" alt=\"Nueva York\" width=\"645\" height=\"463\" srcset=\"https:\/\/www.sempreviaggiando.com\/wp-content\/uploads\/2012\/12\/destinos1.jpg 645w, https:\/\/www.sempreviaggiando.com\/wp-content\/uploads\/2012\/12\/destinos1-300x215.jpg 300w\" sizes=\"auto, (max-width: 645px) 100vw, 645px\" \/><p id=\"caption-attachment-7314\" class=\"wp-caption-text\">Podria viure en una aquesta com aquesta, com una aut\u00e8ntica novayorkesa!<\/p><\/div>\n<p>&nbsp;<\/p>\n<p>&nbsp;<\/p>\n<h3>NOVA ZELANDA<\/h3>\n<p>Nova Zelanda seria la segona destinaci\u00f3 de la nostra <strong>volta al m\u00f3n<\/strong>. Ja s\u00f3n diverses les persones que m&#8217;han dit que en realitat hi ha poc per fer (a part d&#8217;<strong>esports d&#8217;aventura, ovelles i paisatges verds<\/strong>), i per aix\u00f2 estic meditant l&#8217;opci\u00f3 que hi passem nom\u00e9s un parell de setmanes &#8211;<em>tot i que en conec un que voldr\u00e0 passar m\u00e9s temps a les terres de Tolkien<\/em>. Durant aquest temps aprofitar\u00edem per fer senderisme, esport i empapar-nos de naturalesa (i s\u00ed, tamb\u00e9 treballarem una mica). <strong>Passejades vora de la platja, observaci\u00f3 de balenes i trekkings<\/strong>&#8230; La cosa promet!<\/p>\n<p>&nbsp;<\/p>\n<h3>AUSTR\u00c0LIA<\/h3>\n<p style=\"text-align: justify;\"><strong>De visita obligada! Igual que amb Nova York, tinc moltes ganes d&#8217;Austr\u00e0lia<\/strong>, tot i que s\u00e9 que no podr\u00e9 veure-ho tot; seria massa ambici\u00f3s. Per aix\u00f2, crec que el millor ser\u00e0 centrar-se a la costa est i <strong>allotjar-nos a Melbourne o Sydney per fer escapades puntuals a algun parc natural, a la Gran Barrera de Corall o al nord, a Cairns<\/strong>. Veig Austr\u00e0lia com el <strong>pa\u00eds de les experi\u00e8ncies<\/strong>, amb aventures per a cada dia, combinant moments naturals amb moments m\u00e9s urbans. He sentit parlar molt b\u00e9 de <strong>Melbourne<\/strong> com una ciutat art\u00edstica, tranquil\u00b7la i plena de vida. Tanco els ulls i ja m&#8217;hi veig: sortint a passejar al mat\u00ed i treballant despr\u00e9s una estona a la tarda &#8211;<em>tot i que els fusos horaris no s\u00f3n especialment bons per a coordinar treballs a Europa i Estats Units &#8230; Ui, ui.<\/em><\/p>\n<div id=\"attachment_7318\" style=\"width: 650px\" class=\"wp-caption aligncenter\"><img loading=\"lazy\" decoding=\"async\" aria-describedby=\"caption-attachment-7318\" class=\"size-full wp-image-7318\" title=\"melbourne\" src=\"http:\/\/www.sempreviaggiando.com\/wp-content\/uploads\/2012\/12\/melbouner.jpg\" alt=\"melbourne\" width=\"640\" height=\"480\" srcset=\"https:\/\/www.sempreviaggiando.com\/wp-content\/uploads\/2012\/12\/melbouner.jpg 640w, https:\/\/www.sempreviaggiando.com\/wp-content\/uploads\/2012\/12\/melbouner-300x225.jpg 300w, https:\/\/www.sempreviaggiando.com\/wp-content\/uploads\/2012\/12\/melbouner-400x300.jpg 400w\" sizes=\"auto, (max-width: 640px) 100vw, 640px\" \/><p id=\"caption-attachment-7318\" class=\"wp-caption-text\">Ambient\u00e0s a Melbourne. Foto de eGuide Travel<\/p><\/div>\n<h3 style=\"text-align: justify;\">TAIL\u00c0NDIA<\/h3>\n<p style=\"text-align: justify;\"><strong>Fins fa ben poc, Tail\u00e0ndia era un pa\u00eds que ni tan sols cridava la meva atenci\u00f3<\/strong>. El veia lluny\u00e0 a la meva idea de viatjar: ni els albergs &#8220;motxilers&#8221; ni els hotels luxosos estan fets per a mi. No obstant, \u00faltimament estic topant amb <strong>viatges a Tail\u00e0ndia que s&#8217;acosten m\u00e9s a la meva idea<\/strong> i que confirmen per qu\u00e8 li diuen &#8220;la porta al sud-est asi\u00e0tic&#8221;. <strong>Elefants, jungla, temples, m\u00e0gics, platges paradis\u00edaques&#8230;<\/strong> M&#8217;espanta la massificaci\u00f3 tur\u00edstica per\u00f2 em ve de gust comprovar per qu\u00e8 cada dia hi ha m\u00e9s fans de Tail\u00e0ndia. A m\u00e9s a m\u00e9s, un mes a Tail\u00e0ndia ajudar\u00e0 la nostra economia a recuperar-se al final del viatge.<\/p>\n<div id=\"attachment_7316\" style=\"width: 650px\" class=\"wp-caption aligncenter\"><img loading=\"lazy\" decoding=\"async\" aria-describedby=\"caption-attachment-7316\" class=\"size-full wp-image-7316\" title=\"tailandia\" src=\"http:\/\/www.sempreviaggiando.com\/wp-content\/uploads\/2012\/12\/destinos3.jpg\" alt=\"tailandia\" width=\"640\" height=\"425\" srcset=\"https:\/\/www.sempreviaggiando.com\/wp-content\/uploads\/2012\/12\/destinos3.jpg 640w, https:\/\/www.sempreviaggiando.com\/wp-content\/uploads\/2012\/12\/destinos3-300x199.jpg 300w\" sizes=\"auto, (max-width: 640px) 100vw, 640px\" \/><p id=\"caption-attachment-7316\" class=\"wp-caption-text\">Arribar a Tailandia el Desembre, just a temps per l&#8217;estiu!<\/p><\/div>\n<h2 style=\"text-align: justify;\">Les destinacions suplents&#8230;<\/h2>\n<p><strong>Nova York, Nova Zelanda, Austr\u00e0lia i Tail\u00e0ndia<\/strong> s\u00f3n les destinacions que tenim actualment en ment per a la nostra volta al m\u00f3n particular. <strong>Comen\u00e7aria a l&#8217;agost o setembre i acabaria al desembre<\/strong>, just a temps per tornar a casa per Nadal, com el torr\u00f3.<\/p>\n<p>Per\u00f2 tenim altres destinacions a la &#8220;banqueta&#8221;. Quan expliquem la nostra idea, molts ens pregunten &#8220;i no passareu per Sud-Am\u00e8rica?&#8221; o &#8220;No parareu a la Polin\u00e8sia Francesa?&#8221; &#8211; La meva resposta en aquests casos \u00e9s que no tindrem temps per a tot i que en estar tele-treballant no podrem estar massa temps &#8220;de ruta&#8221;. Per descomptat que ens encantaria poder passar per Xile, la Patag\u00f2nia, Brasil, M\u00e8xic, Jap\u00f3, Corea&#8230; Per\u00f2 no es pot tenir tot!<\/p>\n<p><strong>Entre les destinacions suplents, llestos per si hem de cobrir un pla B, hi ha els seg\u00fcents<\/strong>:<\/p>\n<h3>JAP\u00d3<\/h3>\n<p><strong>Un dels nostres &#8220;<em>musts<\/em>&#8221; del viatge ha comen\u00e7at a caure de la llista de favorits.<\/strong> El preu de l&#8217;estada, la dificultat d&#8217;intercanviar casa i el clima (si pass\u00e9ssim per Jap\u00f3 arribar\u00edem en ple hivern desembre-gener) fan que de moment ens estiguem plantejant saltar-nos el Jap\u00f3. Ens venia de gust molt\u00edssim passar dues o tres setmanes jugant a ser &#8220;samurays&#8221; i descobrint el pa\u00eds al nostre aire, per\u00f2 crec que despr\u00e9s d&#8217;un viatge de quatre mesos, la nostra economia no ens ho permetr\u00e0&#8230;<\/p>\n<h3>M\u00c8XIC<\/h3>\n<p><strong>Sembla incre\u00efble que encara no hagi estat a M\u00e8xic!<\/strong> I no ser\u00e0 per la gran oferta cultural que t\u00e9 el pa\u00eds&#8230; Estant tan a prop dels Estats Units i amb tantes opcions tur\u00edstiques, uns dies a M\u00e8xic sens dubte serien factibles a la nostra volta al m\u00f3n, encara que fos per estirar-nos un parell de dies a les seves fabuloses platges. \u00daltimament estic llegint moltes opinions (bones) sobre Puerto Vallarta, una destinaci\u00f3 tur\u00edstica amb oci i platja. No gaire lluny est\u00e0 Guadalajara, una de les principals ciutats culturals del pa\u00eds.<\/p>\n<div id=\"attachment_7317\" style=\"width: 586px\" class=\"wp-caption aligncenter\"><img loading=\"lazy\" decoding=\"async\" aria-describedby=\"caption-attachment-7317\" class=\" wp-image-7317  \" title=\"mexico\" src=\"http:\/\/www.sempreviaggiando.com\/wp-content\/uploads\/2012\/12\/guadalajara.jpg\" alt=\"mexico\" width=\"576\" height=\"383\" srcset=\"https:\/\/www.sempreviaggiando.com\/wp-content\/uploads\/2012\/12\/guadalajara.jpg 640w, https:\/\/www.sempreviaggiando.com\/wp-content\/uploads\/2012\/12\/guadalajara-300x199.jpg 300w\" sizes=\"auto, (max-width: 576px) 100vw, 576px\" \/><p id=\"caption-attachment-7317\" class=\"wp-caption-text\">La cultura de M\u00e8xic. Foto de Wonderlane<\/p><\/div>\n<p>&nbsp;<\/p>\n<h4 style=\"text-align: justify;\">POLIN\u00c8SIA FRANCESA<\/h4>\n<p style=\"text-align: justify;\"><strong>\u00c9s pecat volar dels Estats Units a Nova Zelanda i no parar a les illes de la Polin\u00e8sia?<\/strong> Hi ha opinions per a tots els gustos. Alguns creuen que un parell de setmanes a la Polin\u00e8sia s\u00f3n perfectes per viure el somni de teletreballar des d&#8217;una hamaca en alguna platja paradis\u00edaca. Altres, en canvi, diuen que no hi ha gran cosa a fer i que \u00e9s tot massa tur\u00edstic i superficial. \u00a1Opinions per a tots els gustos!<\/p>\n<div id=\"attachment_7315\" style=\"width: 655px\" class=\"wp-caption aligncenter\"><img loading=\"lazy\" decoding=\"async\" aria-describedby=\"caption-attachment-7315\" class=\"size-full wp-image-7315\" title=\"Polinesia\" src=\"http:\/\/www.sempreviaggiando.com\/wp-content\/uploads\/2012\/12\/Destinos2.jpg\" alt=\"Polinesia\" width=\"645\" height=\"432\" srcset=\"https:\/\/www.sempreviaggiando.com\/wp-content\/uploads\/2012\/12\/Destinos2.jpg 645w, https:\/\/www.sempreviaggiando.com\/wp-content\/uploads\/2012\/12\/Destinos2-300x200.jpg 300w\" sizes=\"auto, (max-width: 645px) 100vw, 645px\" \/><p id=\"caption-attachment-7315\" class=\"wp-caption-text\">Treballar en una d&#8217;aquetes casetes no estaria GENS malament, en realitat!<\/p><\/div>\n<p>Tot i que ja estem comen\u00e7ant a posar punts al mapa (encara provisionals) tot \u00e9s encara molt dif\u00fas i queda molt per preparar. A poc a poc anirem muntant el cam\u00ed complet i planificant aquest <strong>gran somni del 2013: segur que ser\u00e0 una de les llunes de mel m\u00e9s llargues de l&#8217;any \ud83d\ude09<\/strong><\/p>\n<h4 style=\"text-align: center;\">Qu\u00e8 us semblen les destinacions que hem escollit?<\/h4>\n","protected":false},"excerpt":{"rendered":"<p>Tenim en ment un gran viatge per al 2013. M\u00e9s que un viatge, \u00e9s una nova etapa de la nostra vida. Potser ser\u00e0 la Lluna de Mel m\u00e9s llarga de la hist\u00f2ria o un exemple m\u00e9s de la nova moda de treballar des de qualsevol lloc del m\u00f3n. La intenci\u00f3 \u00e9s passar uns 4 mesos en diferents pa\u00efsos del m\u00f3n, tele-treballant i fent turisme. Voleu saber quina ser\u00e0 la nostra ruta?<\/p>\n<div class=\"read-more-wrapper\"><a class=\"read-more\" href=\"https:\/\/www.sempreviaggiando.com\/ca\/2012\/12\/18\/destins-per-volta-al-mon\/\" title=\"Read More\"> <span class=\"button \">Read More<\/span><\/a><\/div>\n","protected":false},"author":2,"featured_media":7314,"comment_status":"open","ping_status":"open","sticky":false,"template":"","format":"standard","meta":{"_acf_changed":false,"_bos_mb_destination":[],"_jetpack_memberships_contains_paid_content":false,"footnotes":""},"categories":[120],"tags":[],"class_list":["post-7378","post","type-post","status-publish","format-standard","has-post-thumbnail","hentry","category-si-no-estoy-viajando-ca"],"acf":[],"jetpack_featured_media_url":"https:\/\/www.sempreviaggiando.com\/wp-content\/uploads\/2012\/12\/destinos1.jpg","jetpack_sharing_enabled":true,"_links":{"self":[{"href":"https:\/\/www.sempreviaggiando.com\/ca\/wp-json\/wp\/v2\/posts\/7378","targetHints":{"allow":["GET"]}}],"collection":[{"href":"https:\/\/www.sempreviaggiando.com\/ca\/wp-json\/wp\/v2\/posts"}],"about":[{"href":"https:\/\/www.sempreviaggiando.com\/ca\/wp-json\/wp\/v2\/types\/post"}],"author":[{"embeddable":true,"href":"https:\/\/www.sempreviaggiando.com\/ca\/wp-json\/wp\/v2\/users\/2"}],"replies":[{"embeddable":true,"href":"https:\/\/www.sempreviaggiando.com\/ca\/wp-json\/wp\/v2\/comments?post=7378"}],"version-history":[{"count":4,"href":"https:\/\/www.sempreviaggiando.com\/ca\/wp-json\/wp\/v2\/posts\/7378\/revisions"}],"predecessor-version":[{"id":7380,"href":"https:\/\/www.sempreviaggiando.com\/ca\/wp-json\/wp\/v2\/posts\/7378\/revisions\/7380"}],"wp:featuredmedia":[{"embeddable":true,"href":"https:\/\/www.sempreviaggiando.com\/ca\/wp-json\/wp\/v2\/media\/7314"}],"wp:attachment":[{"href":"https:\/\/www.sempreviaggiando.com\/ca\/wp-json\/wp\/v2\/media?parent=7378"}],"wp:term":[{"taxonomy":"category","embeddable":true,"href":"https:\/\/www.sempreviaggiando.com\/ca\/wp-json\/wp\/v2\/categories?post=7378"},{"taxonomy":"post_tag","embeddable":true,"href":"https:\/\/www.sempreviaggiando.com\/ca\/wp-json\/wp\/v2\/tags?post=7378"}],"curies":[{"name":"wp","href":"https:\/\/api.w.org\/{rel}","templated":true}]}}