{"id":7425,"date":"2012-12-24T10:09:39","date_gmt":"2012-12-24T09:09:39","guid":{"rendered":"http:\/\/www.sempreviaggiando.com\/?p=7425"},"modified":"2014-03-17T20:07:24","modified_gmt":"2014-03-17T19:07:24","slug":"hotel-ibis-es-modernitzen","status":"publish","type":"post","link":"https:\/\/www.sempreviaggiando.com\/ca\/2012\/12\/24\/hotel-ibis-es-modernitzen\/","title":{"rendered":"IBIS es modernitza i la meva mare se&#8217;n fa encara m\u00e9s fan"},"content":{"rendered":"<p style=\"text-align: justify;\"><strong><\/strong>S\u00f3c d&#8217;aquelles persones a qui els agrada <strong>viatjar amb els seus pares<\/strong>. Sempre hem coincidit bastant en com organitzar un dia de turisme i saben combinar molt b\u00e9 les visites per descansar i fer turisme, alhora que s&#8217;aprofita el temps al 100%. No obstant, una cosa que no entenia quan viatj\u00e0vem junts era per qu\u00e8 <strong>sempre triaven dormir a <a title=\"IBIS hotels\" href=\"http:\/\/ibis.com\" rel=\"nofollow\" target=\"_blank\">IBIS<\/a><\/strong>. &#8220;<em>Aquells hotels avorrits, tots iguals, amb moqueta i cobertors verds i vermelles<\/em>&#8221; pensava jo. En preguntar-los per qu\u00e8 no intent\u00e0vem variar una mica, la meva mare em responia que &#8220;<strong><em>aix\u00ed segur que l&#8217;encertava<\/em><\/strong>&#8220;: res de sorpreses, fos la ciutat que fos, sabia com seria l&#8217;hotel IBIS i sabia que estaria b\u00e9, l&#8217;atendrien b\u00e9 i dormiria fant\u00e0sticament. <strong>Netedat, bona relaci\u00f3 qualitat-preu i bon servei<\/strong>. I amb aquest plantejament, vaig rec\u00f3rrer amb ells bona part dels <strong>IBIS de Fran\u00e7a, Anglaterra i Alemanya.<\/strong><\/p>\n<div class=\"well\" style=\"text-align: justify;\">\n<h4><strong>EL CONSELL ESPECIAL DE LA MEVA MARE PER A VIATGES IMPROVITZATS<\/strong><\/h4>\n<p>La meva mare \u00e9s experta en<strong> &#8220;viatges sobre la marxa&#8221;.<\/strong> Rutes amb cotxe sense dest\u00ed prefixat. Com s&#8217;ho fa? Compra un mapa actualitzat de carreteres i omple el dip\u00f2sit de gasolina. Quan el meu pare s&#8217;ha cansat de conduir, decideixen parar a alguna gran ciutat propera. S&#8217;acosten a algun carrer principal, la meva mare baixa la finestreta i detecta a algun senyor\/a espavilat. I en angl\u00e8s o franc\u00e8s macarr\u00f2nic (per\u00f2 apanyat) pregunta: &#8220;<strong>hotel IBIS, please?<\/strong>&#8221; No saben idiomes per\u00f2 saben orientar-se la mar de b\u00e9 i, en un tres i no res, estan a l&#8217;hotel instal\u00b7lats i reservant la seva nit, tot <em>last-minute<\/em>. A partir d&#8217;aqu\u00ed, <strong>salten d&#8217;IBIS en IBIS, reservant la nit seg\u00fcent des de la recepci\u00f3 de l&#8217;hotel que deixen aquell demat\u00ed.<\/strong> Veient la felicitat improvisada de la meva mare, reservant nit a nit, no s\u00e9 com he sortit jo tan planificadora.<\/p>\n<\/div>\n<p>Ara ja fa alguns anys que no m&#8217;allotjo en cap IBIS. Quan vaig ser prou gran per decidir, vaig triar l&#8217;ant\u00edtesi al que sempre havia viscut i poder canviar d&#8217;hotel en cada escapada. De luxe, albergs, boutique-hotel, tres estrelles normalet, amb piscina, sense piscina, de disseny, ru\u00efn\u00f3s&#8230;<\/p>\n<p>Fa uns dies, com alguns sabreu si em seguiu a Facebook o Twitter, <strong>em van convidar a con\u00e8ixer l&#8217;Hotel IBIS Barcelona de la Pla\u00e7a de les Gl\u00f2ries.<\/strong> Vaig sortir-ne molt sorpresa. <strong>IBIS ha fet un canvi incre\u00efble.<\/strong> Visualment, s&#8217;assemblava molt poc al IBIS avorrit que coneixia fins aquell moment. <strong>S&#8217;han modernitzat<\/strong> -i ja era hora!<\/p>\n<div id=\"attachment_7408\" style=\"width: 640px\" class=\"wp-caption alignnone\"><img loading=\"lazy\" decoding=\"async\" aria-describedby=\"caption-attachment-7408\" class=\" wp-image-7408   \" title=\"Ibis Zaragoza - Hab. Doble\" src=\"http:\/\/www.sempreviaggiando.com\/wp-content\/uploads\/2012\/12\/Ibis-Zaragoza-Hab.-Doble.jpg\" alt=\"Ibis Zaragoza - Hab. Doble\" width=\"630\" height=\"400\" \/><p id=\"caption-attachment-7408\" class=\"wp-caption-text\">Habitacions antigues dels IBIS (les que jo coneixia).<\/p><\/div>\n<div id=\"attachment_7415\" style=\"width: 650px\" class=\"wp-caption alignnone\"><img loading=\"lazy\" decoding=\"async\" aria-describedby=\"caption-attachment-7415\" class=\" wp-image-7415 \" title=\"ibis habitacion\" src=\"http:\/\/www.sempreviaggiando.com\/wp-content\/uploads\/2012\/12\/IMG_0023.jpg\" alt=\"ibis habitacion\" width=\"640\" height=\"478\" srcset=\"https:\/\/www.sempreviaggiando.com\/wp-content\/uploads\/2012\/12\/IMG_0023-300x225.jpg 300w, https:\/\/www.sempreviaggiando.com\/wp-content\/uploads\/2012\/12\/IMG_0023-400x300.jpg 400w\" sizes=\"auto, (max-width: 640px) 100vw, 640px\" \/><p id=\"caption-attachment-7415\" class=\"wp-caption-text\">Habitaci\u00f3 actual de l&#8217;IBIS Pla\u00e7a Gl\u00f2ries. Gr\u00e0cies Isabel Romano (diariodeabordoblog.com) per passar-me-la!<\/p><\/div>\n<p style=\"text-align: justify;\">A m\u00e9s a m\u00e9s d&#8217;un m\u00e9s que evident canvi de look del logotip, imatge de marca i instal\u00b7lacions de l&#8217;hotel, IBIS ha aconseguit donar un pas m\u00e9s enll\u00e0 a les<strong> escapades urbanes per fer-les c\u00f2modes, f\u00e0cils i actualitzades a les necessitats d&#8217;avui<\/strong> <strong>dia<\/strong>. Potser haur\u00e9 de replantejar-me tornar a <strong>les meves arrels de &#8220;fans incondicionals d&#8217;IBIS&#8221;<\/strong>. Segur que la meva mare em donar\u00e0 suport!<\/p>\n<p style=\"text-align: justify;\"><img loading=\"lazy\" decoding=\"async\" class=\"aligncenter size-full wp-image-7405\" title=\"ibis\" src=\"http:\/\/www.sempreviaggiando.com\/wp-content\/uploads\/2012\/12\/ibis.png\" alt=\"ibis\" width=\"650\" height=\"189\" srcset=\"https:\/\/www.sempreviaggiando.com\/wp-content\/uploads\/2012\/12\/ibis.png 650w, https:\/\/www.sempreviaggiando.com\/wp-content\/uploads\/2012\/12\/ibis-300x87.png 300w\" sizes=\"auto, (max-width: 650px) 100vw, 650px\" \/><\/p>\n<p style=\"text-align: justify;\"><span style=\"color: #ffffff;\">.<\/span><\/p>\n<h2 style=\"text-align: justify;\"><span style=\"color: #800000;\">COSES QUE AGRADEN DELS NOUS IBIS<\/span><\/h2>\n<p style=\"padding-left: 30px; text-align: justify;\"><strong>1.<\/strong> Una nova imatge de marca jove i moderna. Aquest IBIS s&#8217;assembla m\u00e9s a mi.<\/p>\n<p style=\"padding-left: 30px;\"><strong>2. Sweet Bed Ibis: un llit especialment dissenyat per IBIS<\/strong> per aportar el m\u00e0xim confort possible. Perqu\u00e8 al final, si nom\u00e9s estem a l&#8217;hotel per dormir i descansar, el que importa realment \u00e9s tenir un bon llit, oi? A m\u00e9s a m\u00e9s, han insonoritzat totes les habitacions.<\/p>\n<p style=\"padding-left: 30px;\"><strong>3.<\/strong> <strong>Wifi gratu\u00eft a TOT l&#8217;hotel<\/strong>, des de l&#8217;habitaci\u00f3 fins a la recepci\u00f3.<\/p>\n<p style=\"padding-left: 30px;\"><strong>4.<\/strong> <strong>Garantia satisfacci\u00f3 15 minuts<\/strong>. IBIS et garanteix que si tens qualsevol problema durant la teva estada a l&#8217;hotel, t&#8217;ho resolen en 15 minuts. Si no ho aconsegueixen, paga l&#8217;hotel!<\/p>\n<p style=\"padding-left: 30px;\"><strong>5.<\/strong> <strong>Ampli horari d&#8217;esmorzar des de les 4h de la matinada<\/strong> (per als vols Ryanair o per tornar de festa?) fins les 12h.<\/p>\n<p style=\"padding-left: 30px;\"><strong>6.<\/strong> Compromisos de <strong>qualitat i medi ambient<\/strong> amb normatives <strong>ISO<\/strong>.<\/p>\n<p style=\"padding-left: 30px;\"><strong>7.<\/strong> M\u00e9s for\u00e7a per a la marca IBIS. La Cadena ACCOR hotels decidir el 2011 unificar els seus hotels econ\u00f2mics Etap Hotel i All Seasons amb la marca IBIS. Aix\u00ed, van n\u00e9ixer els <strong>IBIS STYLE (All Seasons) i IBIS BUDGET (Etap)<\/strong>. El normal (el vermell de tota la vida) seguiria sent IBIS<strong>.<\/strong><\/p>\n<p style=\"text-align: justify;\"><iframe loading=\"lazy\" src=\"http:\/\/www.youtube.com\/embed\/NOPC6zw7Qw8\" frameborder=\"0\" width=\"640\" height=\"360\"><\/iframe><\/p>\n<h4 style=\"text-align: justify;\">Ibis Pla\u00e7a de les Gl\u00f2ries<\/h4>\n<p><strong>L&#8217;hotel IBIS Gl\u00f2ries<\/strong> est\u00e0 molt b\u00e9 situat sobretot per als que estiguin a <strong>Barcelona de negocis<\/strong> i tinguin reunions al <strong>districte emprenedor 22@.<\/strong> Per als que estiguin d&#8217;escapada urbana, no est\u00e0 malament tampoc. Amb la Lina 1 de metro s\u00f3n a <strong>4 parades de Pla\u00e7a Catalunya<\/strong> i el preu per nit \u00e9s \u00f2bviament molt millor que allotjar-se al centre tur\u00edstic.<\/p>\n<p>La meva mare ja est\u00e0 desitjant poder gaudir d&#8217;una estada als nous IBIS modernitzats. Ha comen\u00e7at a mirar hotels a Tenerife perqu\u00e8 encara no coneix les illes Can\u00e0ries, encara que crec que all\u00e0 encara no hi ha cap IBIS obert. Crec que haur\u00e9 de dir-li que tri\u00ef qualsevol dels altres <strong>1.600 hotels IBIS repartits pel m\u00f3n!<\/strong><\/p>\n<p>&nbsp;<\/p>\n","protected":false},"excerpt":{"rendered":"<p>Els hotels IBIS s&#8217;han modernitzat. A m\u00e9s a m\u00e9s d&#8217;un evident canvi de look del logotip, imatge de marca i instal\u00b7lacions de l&#8217;hotel, IBIS ha aconseguit donar un pas m\u00e9s enll\u00e0 a les escapades urbanes per fer-les c\u00f2modes, f\u00e0cils i actualitzades a les necessitats d&#8217;avui dia. Potser haur\u00e9 de replantejar-me tornar a les meves arrels de &#8220;fans incondicionals de IBIS&#8221;. Segur que la meva mare em donar\u00e0 suport!<\/p>\n<div class=\"read-more-wrapper\"><a class=\"read-more\" href=\"https:\/\/www.sempreviaggiando.com\/ca\/2012\/12\/24\/hotel-ibis-es-modernitzen\/\" title=\"Read More\"> <span class=\"button \">Read More<\/span><\/a><\/div>\n","protected":false},"author":2,"featured_media":7415,"comment_status":"open","ping_status":"open","sticky":false,"template":"","format":"standard","meta":{"_acf_changed":false,"_bos_mb_destination":[],"_jetpack_memberships_contains_paid_content":false,"footnotes":""},"categories":[121],"tags":[],"class_list":["post-7425","post","type-post","status-publish","format-standard","has-post-thumbnail","hentry","category-rutes-per-catalunya"],"acf":[],"jetpack_featured_media_url":"https:\/\/www.sempreviaggiando.com\/wp-content\/uploads\/2012\/12\/IMG_0023.jpg","jetpack_sharing_enabled":true,"_links":{"self":[{"href":"https:\/\/www.sempreviaggiando.com\/ca\/wp-json\/wp\/v2\/posts\/7425","targetHints":{"allow":["GET"]}}],"collection":[{"href":"https:\/\/www.sempreviaggiando.com\/ca\/wp-json\/wp\/v2\/posts"}],"about":[{"href":"https:\/\/www.sempreviaggiando.com\/ca\/wp-json\/wp\/v2\/types\/post"}],"author":[{"embeddable":true,"href":"https:\/\/www.sempreviaggiando.com\/ca\/wp-json\/wp\/v2\/users\/2"}],"replies":[{"embeddable":true,"href":"https:\/\/www.sempreviaggiando.com\/ca\/wp-json\/wp\/v2\/comments?post=7425"}],"version-history":[{"count":7,"href":"https:\/\/www.sempreviaggiando.com\/ca\/wp-json\/wp\/v2\/posts\/7425\/revisions"}],"predecessor-version":[{"id":11914,"href":"https:\/\/www.sempreviaggiando.com\/ca\/wp-json\/wp\/v2\/posts\/7425\/revisions\/11914"}],"wp:featuredmedia":[{"embeddable":true,"href":"https:\/\/www.sempreviaggiando.com\/ca\/wp-json\/wp\/v2\/media\/7415"}],"wp:attachment":[{"href":"https:\/\/www.sempreviaggiando.com\/ca\/wp-json\/wp\/v2\/media?parent=7425"}],"wp:term":[{"taxonomy":"category","embeddable":true,"href":"https:\/\/www.sempreviaggiando.com\/ca\/wp-json\/wp\/v2\/categories?post=7425"},{"taxonomy":"post_tag","embeddable":true,"href":"https:\/\/www.sempreviaggiando.com\/ca\/wp-json\/wp\/v2\/tags?post=7425"}],"curies":[{"name":"wp","href":"https:\/\/api.w.org\/{rel}","templated":true}]}}