{"id":8467,"date":"2013-04-11T19:21:54","date_gmt":"2013-04-11T17:21:54","guid":{"rendered":"http:\/\/www.sempreviaggiando.com\/?p=8467"},"modified":"2016-06-02T13:19:27","modified_gmt":"2016-06-02T11:19:27","slug":"recomanacions-per-a-un-brunch-vermut-o-cafe-amb-estil-a-barcelona","status":"publish","type":"post","link":"https:\/\/www.sempreviaggiando.com\/ca\/2013\/04\/11\/recomanacions-per-a-un-brunch-vermut-o-cafe-amb-estil-a-barcelona\/","title":{"rendered":"Brunch, Caf\u00e9s i Hamburgueses a Barcelona"},"content":{"rendered":"<p><strong>Barcelona<\/strong> s&#8217;est\u00e0 modernitzant a passes gegants, per\u00f2 sense deixar de mirar al seu passat m\u00e9s tradicional. Les modes globalitzadores arriben<strong> (cupcakes, hamburgueses, gint\u00f2nics &#8230;)<\/strong> per\u00f2 aqu\u00ed tenen un sabor mediterrani que les fa diferents.<\/p>\n<p><strong>Si tens previst <a href=\"http:\/\/www.sempreviaggiando.com\/ca\/s\/a-barcelona\/\" target=\"_blank\">visitar\u00a0Barcelona<\/a>, i vols recomanacions per menjar o fer un cafet\u00f3,<\/strong>\u00a0el post d&#8217;avui va dedicat als\u00a0<strong>caf\u00e8s i restaurantes moderns i amb encant<\/strong> que tinc a la meva llista de favorits i que recomano als amics que v\u00e9nen de visita. Perqu\u00e8 a m\u00e9s de visitar monuments, a Barcelona el que cal fer \u00e9s passejar pels barris locals i seure en una de les terrasses a passar-hi l&#8217;estona. Aquestes s\u00f3n les meves recomanacions si vols con\u00e8ixer una Barcelona molt local, actual i &#8220;cuqui&#8221;.<\/p>\n<p>&nbsp;<\/p>\n<h4><strong>HAMBURGUESES ARTESANALS\u00a0A\u00a0LA CENTRAL HAMBURGUESERIA<\/strong><\/h4>\n<p><em>c \/ V\u00eda Laietana, 45\u00a0(Born, Metro Jaume I)<\/em><\/p>\n<p><strong>Aquesta nova hamburgueseria de Barcelona ja est\u00e0 en totes les llistes dels fans de les hamburgueses com una de les millors hamburgueseries de Barcelona, gr\u00e0cies a les seves hamburgueses artesanals i creatives.<\/strong>\u00a0Les\u00a0seves\u00a0hamburgueses s\u00f3n 100% vedella, ecol\u00f2gica i Black Angus, acompanyades de pa enfornat cada mat\u00ed. Ofereixen combinacions creatives i utilitzen sempre productes locals del mercat. Per acompanyar la teva hamburguesa artesanal res millor que una cervesa artesanal &#8211; compten amb 21 cerveses artesanals! Podeu menjar al mateix local o demanar per emportar. Per als v<em>eggies<\/em>, tamb\u00e9 hi ha hamburgueses vegetals.<\/p>\n<div class=\"tiled-gallery type-square tiled-gallery-unresized\" data-original-width=\"1170\" data-carousel-extra='{&quot;blog_id&quot;:1,&quot;permalink&quot;:&quot;https:\\\/\\\/www.sempreviaggiando.com\\\/ca\\\/2013\\\/04\\\/11\\\/recomanacions-per-a-un-brunch-vermut-o-cafe-amb-estil-a-barcelona\\\/&quot;,&quot;likes_blog_id&quot;:12732733}' itemscope itemtype=\"http:\/\/schema.org\/ImageGallery\" > <div class=\"gallery-row\" style=\"width: 1170px; height: 390px;\" data-original-width=\"1170\" data-original-height=\"390\" > <div class=\"gallery-group\" style=\"width: 390px; height: 390px;\" data-original-width=\"390\" data-original-height=\"390\" > <div class=\"tiled-gallery-item \" itemprop=\"associatedMedia\" itemscope itemtype=\"http:\/\/schema.org\/ImageObject\"> <a href=\"https:\/\/www.sempreviaggiando.com\/ca\/2013\/04\/11\/recomanacions-per-a-un-brunch-vermut-o-cafe-amb-estil-a-barcelona\/lacentral-hamburgueseria-barcelona-2-2\/\" border=\"0\" itemprop=\"url\"> <meta itemprop=\"width\" content=\"386\"> <meta itemprop=\"height\" content=\"386\"> <img decoding=\"async\" class=\"\" data-attachment-id=\"20254\" data-orig-file=\"https:\/\/www.sempreviaggiando.com\/wp-content\/uploads\/2013\/04\/lacentral-hamburgueseria-barcelona-2.jpeg\" data-orig-size=\"775,635\" data-comments-opened=\"\" data-image-meta=\"{&quot;aperture&quot;:&quot;0&quot;,&quot;credit&quot;:&quot;&quot;,&quot;camera&quot;:&quot;&quot;,&quot;caption&quot;:&quot;&quot;,&quot;created_timestamp&quot;:&quot;0&quot;,&quot;copyright&quot;:&quot;&quot;,&quot;focal_length&quot;:&quot;0&quot;,&quot;iso&quot;:&quot;0&quot;,&quot;shutter_speed&quot;:&quot;0&quot;,&quot;title&quot;:&quot;&quot;,&quot;orientation&quot;:&quot;0&quot;}\" data-image-title=\"lacentral-hamburgueseria-barcelona-2\" data-image-description=\"\" data-medium-file=\"https:\/\/www.sempreviaggiando.com\/wp-content\/uploads\/2013\/04\/lacentral-hamburgueseria-barcelona-2-300x246.jpeg\" data-large-file=\"https:\/\/www.sempreviaggiando.com\/wp-content\/uploads\/2013\/04\/lacentral-hamburgueseria-barcelona-2.jpeg\" src=\"https:\/\/i0.wp.com\/www.sempreviaggiando.com\/wp-content\/uploads\/2013\/04\/lacentral-hamburgueseria-barcelona-2.jpeg?w=386&#038;h=386&#038;crop=1&#038;ssl=1\" srcset=\"https:\/\/www.sempreviaggiando.com\/wp-content\/uploads\/2013\/04\/lacentral-hamburgueseria-barcelona-2-150x150.jpeg 150w, https:\/\/www.sempreviaggiando.com\/wp-content\/uploads\/2013\/04\/lacentral-hamburgueseria-barcelona-2-45x45.jpeg 45w\" width=\"386\" height=\"386\" loading=\"lazy\" data-original-width=\"386\" data-original-height=\"386\" itemprop=\"http:\/\/schema.org\/image\" title=\"lacentral-hamburgueseria-barcelona-2\" alt=\"lacentral-hamburgueseria-barcelona-2\" style=\"width: 386px; height: 386px;\" \/> <\/a> <\/div> <\/div> <div class=\"gallery-group\" style=\"width: 390px; height: 390px;\" data-original-width=\"390\" data-original-height=\"390\" > <div class=\"tiled-gallery-item \" itemprop=\"associatedMedia\" itemscope itemtype=\"http:\/\/schema.org\/ImageObject\"> <a href=\"https:\/\/www.sempreviaggiando.com\/ca\/2013\/04\/11\/recomanacions-per-a-un-brunch-vermut-o-cafe-amb-estil-a-barcelona\/lacentral-hamburgueseria-barcelona-3\/\" border=\"0\" itemprop=\"url\"> <meta itemprop=\"width\" content=\"386\"> <meta itemprop=\"height\" content=\"386\"> <img decoding=\"async\" class=\"\" data-attachment-id=\"20255\" data-orig-file=\"https:\/\/www.sempreviaggiando.com\/wp-content\/uploads\/2013\/04\/lacentral-hamburgueseria-barcelona.jpeg\" data-orig-size=\"775,635\" data-comments-opened=\"\" data-image-meta=\"{&quot;aperture&quot;:&quot;0&quot;,&quot;credit&quot;:&quot;&quot;,&quot;camera&quot;:&quot;&quot;,&quot;caption&quot;:&quot;&quot;,&quot;created_timestamp&quot;:&quot;0&quot;,&quot;copyright&quot;:&quot;&quot;,&quot;focal_length&quot;:&quot;0&quot;,&quot;iso&quot;:&quot;0&quot;,&quot;shutter_speed&quot;:&quot;0&quot;,&quot;title&quot;:&quot;&quot;,&quot;orientation&quot;:&quot;0&quot;}\" data-image-title=\"lacentral-hamburgueseria-barcelona\" data-image-description=\"\" data-medium-file=\"https:\/\/www.sempreviaggiando.com\/wp-content\/uploads\/2013\/04\/lacentral-hamburgueseria-barcelona-300x246.jpeg\" data-large-file=\"https:\/\/www.sempreviaggiando.com\/wp-content\/uploads\/2013\/04\/lacentral-hamburgueseria-barcelona.jpeg\" src=\"https:\/\/i0.wp.com\/www.sempreviaggiando.com\/wp-content\/uploads\/2013\/04\/lacentral-hamburgueseria-barcelona.jpeg?w=386&#038;h=386&#038;crop=1&#038;ssl=1\" srcset=\"https:\/\/www.sempreviaggiando.com\/wp-content\/uploads\/2013\/04\/lacentral-hamburgueseria-barcelona-150x150.jpeg 150w, https:\/\/www.sempreviaggiando.com\/wp-content\/uploads\/2013\/04\/lacentral-hamburgueseria-barcelona-45x45.jpeg 45w\" width=\"386\" height=\"386\" loading=\"lazy\" data-original-width=\"386\" data-original-height=\"386\" itemprop=\"http:\/\/schema.org\/image\" title=\"lacentral-hamburgueseria-barcelona\" alt=\"lacentral-hamburgueseria-barcelona\" style=\"width: 386px; height: 386px;\" \/> <\/a> <\/div> <\/div> <div class=\"gallery-group\" style=\"width: 390px; height: 390px;\" data-original-width=\"390\" data-original-height=\"390\" > <div class=\"tiled-gallery-item \" itemprop=\"associatedMedia\" itemscope itemtype=\"http:\/\/schema.org\/ImageObject\"> <a href=\"https:\/\/www.sempreviaggiando.com\/ca\/2013\/04\/11\/recomanacions-per-a-un-brunch-vermut-o-cafe-amb-estil-a-barcelona\/lacentral-hamburgueseria-barcelona-b-2\/\" border=\"0\" itemprop=\"url\"> <meta itemprop=\"width\" content=\"386\"> <meta itemprop=\"height\" content=\"386\"> <img decoding=\"async\" class=\"\" data-attachment-id=\"20256\" data-orig-file=\"https:\/\/www.sempreviaggiando.com\/wp-content\/uploads\/2013\/04\/lacentral-hamburgueseria-barcelona-b.jpeg\" data-orig-size=\"775,635\" data-comments-opened=\"\" data-image-meta=\"{&quot;aperture&quot;:&quot;0&quot;,&quot;credit&quot;:&quot;&quot;,&quot;camera&quot;:&quot;&quot;,&quot;caption&quot;:&quot;&quot;,&quot;created_timestamp&quot;:&quot;0&quot;,&quot;copyright&quot;:&quot;&quot;,&quot;focal_length&quot;:&quot;0&quot;,&quot;iso&quot;:&quot;0&quot;,&quot;shutter_speed&quot;:&quot;0&quot;,&quot;title&quot;:&quot;&quot;,&quot;orientation&quot;:&quot;0&quot;}\" data-image-title=\"lacentral-hamburgueseria-barcelona-b\" data-image-description=\"\" data-medium-file=\"https:\/\/www.sempreviaggiando.com\/wp-content\/uploads\/2013\/04\/lacentral-hamburgueseria-barcelona-b-300x246.jpeg\" data-large-file=\"https:\/\/www.sempreviaggiando.com\/wp-content\/uploads\/2013\/04\/lacentral-hamburgueseria-barcelona-b.jpeg\" src=\"https:\/\/i0.wp.com\/www.sempreviaggiando.com\/wp-content\/uploads\/2013\/04\/lacentral-hamburgueseria-barcelona-b.jpeg?w=386&#038;h=386&#038;crop=1&#038;ssl=1\" srcset=\"https:\/\/www.sempreviaggiando.com\/wp-content\/uploads\/2013\/04\/lacentral-hamburgueseria-barcelona-b-150x150.jpeg 150w, https:\/\/www.sempreviaggiando.com\/wp-content\/uploads\/2013\/04\/lacentral-hamburgueseria-barcelona-b-45x45.jpeg 45w\" width=\"386\" height=\"386\" loading=\"lazy\" data-original-width=\"386\" data-original-height=\"386\" itemprop=\"http:\/\/schema.org\/image\" title=\"lacentral-hamburgueseria-barcelona-b\" alt=\"lacentral-hamburgueseria-barcelona-b\" style=\"width: 386px; height: 386px;\" \/> <\/a> <\/div> <\/div> <\/div> <\/div>\n<h4><strong>BAR CALDERS I EL TRENDY BARRI DE SANT ANTONI<br \/>\n<\/strong><\/h4>\n<p><em>\u00a0c\/ Parlament, 25. Junto a c\/ Viladomat (Metro Sant Antoni o Poble Sec)<\/em><\/p>\n<p>S\u00f3c una fan absoluta d&#8217;aquest bar: est\u00e0 a prop de casa i la seva terrassa \u00e9s espectacular (encara que a l&#8217;interior tamb\u00e9 s&#8217;hi est\u00e0 molt b\u00e9).<strong> El secret del Bar Calders \u00e9s possiblement la tranquil\u00b7litat que ofereix en trobar-se en un carrer molt poc transitat. El seu menjar \u00e9s peculiar per\u00f2 bon\u00edssim.<\/strong> Perfecte per a un vermut, dinar informal o unes copes nocturnes amb un parell d&#8217;amics. El fet que les taules estiguin sempre molt juntes no \u00e9s cap inconvenient, i el bar continua estant sempre molt ple. Encara que hagis d&#8217;esperar-te una estona, val la pena.<\/p>\n<p>&nbsp;<\/p>\n<p><img loading=\"lazy\" decoding=\"async\" class=\"aligncenter size-full wp-image-15164\" src=\"http:\/\/www.sempreviaggiando.com\/wp-content\/uploads\/2013\/04\/barcalders.jpg\" alt=\"barcalders\" width=\"750\" height=\"422\" srcset=\"https:\/\/www.sempreviaggiando.com\/wp-content\/uploads\/2013\/04\/barcalders.jpg 750w, https:\/\/www.sempreviaggiando.com\/wp-content\/uploads\/2013\/04\/barcalders-300x169.jpg 300w\" sizes=\"auto, (max-width: 750px) 100vw, 750px\" \/><\/p>\n<p>Si el Calders estigu\u00e9s tancat o hi hagu\u00e9s massa cua, al mateix carrer Parlament tens diversos caf\u00e8s m\u00e9s. Aquesta zona de Sant Antoni s&#8217;ha posat molt de moda. Les meves recomanacions: <strong>Caf\u00e9 Federal, Tarann\u00e0 i Sortidors de Parlament.<\/strong><\/p>\n<h4><strong>F\u00c0BRICA MORITZ, LA CERVESA DE MODA A\u00a0BARCELONA<\/strong><\/h4>\n<p><em>c\/\u00a0Ronda Sant Antoni, 41 (Metro Universitat o Sant Antoni)<\/em><\/p>\n<p>No gaire lluny del Calders, <strong>a la zona trendy de Sant Antoni, hi trobar\u00e0s la F\u00e0brica Moritz, un espai gastron\u00f2mic on, a m\u00e9s de provar la cervesa m\u00e9s canyera de la ciutat,<\/strong> podr\u00e0s menjar tapes, entrepans, vins i, amb sort, <strong>potser la teva visita coincideixi amb algun dels molts esdeveniments que organitzen al seu local.<\/strong> S\u00f3n molt actius promocionant tot tipus d&#8217;activitats i el seu bar-restaurant \u00e9s perfecte per a prendre alguna cosa informal. No et quedis sense brindar amb una Moritz!<\/p>\n<div class=\"tiled-gallery type-rectangular tiled-gallery-unresized\" data-original-width=\"1170\" data-carousel-extra='{&quot;blog_id&quot;:1,&quot;permalink&quot;:&quot;https:\\\/\\\/www.sempreviaggiando.com\\\/ca\\\/2013\\\/04\\\/11\\\/recomanacions-per-a-un-brunch-vermut-o-cafe-amb-estil-a-barcelona\\\/&quot;,&quot;likes_blog_id&quot;:12732733}' itemscope itemtype=\"http:\/\/schema.org\/ImageGallery\" > <div class=\"gallery-row\" style=\"width: 1170px; height: 406px;\" data-original-width=\"1170\" data-original-height=\"406\" > <div class=\"gallery-group images-1\" style=\"width: 821px; height: 406px;\" data-original-width=\"821\" data-original-height=\"406\" > <div class=\"tiled-gallery-item tiled-gallery-item-large\" itemprop=\"associatedMedia\" itemscope itemtype=\"http:\/\/schema.org\/ImageObject\"> <a href=\"https:\/\/www.sempreviaggiando.com\/ca\/2013\/04\/11\/recomanacions-per-a-un-brunch-vermut-o-cafe-amb-estil-a-barcelona\/microcerveseria__microcervecer__a_microbrewery_0-2\/\" border=\"0\" itemprop=\"url\"> <meta itemprop=\"width\" content=\"817\"> <meta itemprop=\"height\" content=\"402\"> <img decoding=\"async\" class=\"\" data-attachment-id=\"20264\" data-orig-file=\"https:\/\/www.sempreviaggiando.com\/wp-content\/uploads\/2013\/04\/Microcerveseria__Microcervecer__a_Microbrewery_0.jpg\" data-orig-size=\"500,246\" data-comments-opened=\"\" data-image-meta=\"{&quot;aperture&quot;:&quot;0&quot;,&quot;credit&quot;:&quot;&quot;,&quot;camera&quot;:&quot;&quot;,&quot;caption&quot;:&quot;&quot;,&quot;created_timestamp&quot;:&quot;0&quot;,&quot;copyright&quot;:&quot;&quot;,&quot;focal_length&quot;:&quot;0&quot;,&quot;iso&quot;:&quot;0&quot;,&quot;shutter_speed&quot;:&quot;0&quot;,&quot;title&quot;:&quot;&quot;,&quot;orientation&quot;:&quot;0&quot;}\" data-image-title=\"Microcerveseria__Microcervecer__a_Microbrewery_0\" data-image-description=\"\" data-medium-file=\"https:\/\/www.sempreviaggiando.com\/wp-content\/uploads\/2013\/04\/Microcerveseria__Microcervecer__a_Microbrewery_0-300x148.jpg\" data-large-file=\"https:\/\/www.sempreviaggiando.com\/wp-content\/uploads\/2013\/04\/Microcerveseria__Microcervecer__a_Microbrewery_0.jpg\" src=\"https:\/\/i0.wp.com\/www.sempreviaggiando.com\/wp-content\/uploads\/2013\/04\/Microcerveseria__Microcervecer__a_Microbrewery_0.jpg?w=817&#038;h=402&#038;ssl=1\" srcset=\"https:\/\/www.sempreviaggiando.com\/wp-content\/uploads\/2013\/04\/Microcerveseria__Microcervecer__a_Microbrewery_0.jpg 500w, https:\/\/www.sempreviaggiando.com\/wp-content\/uploads\/2013\/04\/Microcerveseria__Microcervecer__a_Microbrewery_0-300x148.jpg 300w\" width=\"817\" height=\"402\" loading=\"lazy\" data-original-width=\"817\" data-original-height=\"402\" itemprop=\"http:\/\/schema.org\/image\" title=\"Microcerveseria__Microcervecer__a_Microbrewery_0\" alt=\"Microcerveseria__Microcervecer__a_Microbrewery_0\" style=\"width: 817px; height: 402px;\" \/> <\/a> <\/div> <\/div> <!-- close group --> <div class=\"gallery-group images-1\" style=\"width: 349px; height: 406px;\" data-original-width=\"349\" data-original-height=\"406\" > <div class=\"tiled-gallery-item tiled-gallery-item-large\" itemprop=\"associatedMedia\" itemscope itemtype=\"http:\/\/schema.org\/ImageObject\"> <a href=\"https:\/\/www.sempreviaggiando.com\/ca\/2013\/04\/11\/recomanacions-per-a-un-brunch-vermut-o-cafe-amb-estil-a-barcelona\/microcerveseria__microcervecer__a_microbrewery_3-2\/\" border=\"0\" itemprop=\"url\"> <meta itemprop=\"width\" content=\"345\"> <meta itemprop=\"height\" content=\"402\"> <img decoding=\"async\" class=\"\" data-attachment-id=\"20265\" data-orig-file=\"https:\/\/www.sempreviaggiando.com\/wp-content\/uploads\/2013\/04\/Microcerveseria__Microcervecer__a_Microbrewery_3.jpg\" data-orig-size=\"500,582\" data-comments-opened=\"\" data-image-meta=\"{&quot;aperture&quot;:&quot;0&quot;,&quot;credit&quot;:&quot;&quot;,&quot;camera&quot;:&quot;&quot;,&quot;caption&quot;:&quot;&quot;,&quot;created_timestamp&quot;:&quot;0&quot;,&quot;copyright&quot;:&quot;&quot;,&quot;focal_length&quot;:&quot;0&quot;,&quot;iso&quot;:&quot;0&quot;,&quot;shutter_speed&quot;:&quot;0&quot;,&quot;title&quot;:&quot;&quot;,&quot;orientation&quot;:&quot;0&quot;}\" data-image-title=\"Microcerveseria__Microcervecer__a_Microbrewery_3\" data-image-description=\"\" data-medium-file=\"https:\/\/www.sempreviaggiando.com\/wp-content\/uploads\/2013\/04\/Microcerveseria__Microcervecer__a_Microbrewery_3-258x300.jpg\" data-large-file=\"https:\/\/www.sempreviaggiando.com\/wp-content\/uploads\/2013\/04\/Microcerveseria__Microcervecer__a_Microbrewery_3.jpg\" src=\"https:\/\/i0.wp.com\/www.sempreviaggiando.com\/wp-content\/uploads\/2013\/04\/Microcerveseria__Microcervecer__a_Microbrewery_3.jpg?w=345&#038;h=402&#038;ssl=1\" srcset=\"https:\/\/www.sempreviaggiando.com\/wp-content\/uploads\/2013\/04\/Microcerveseria__Microcervecer__a_Microbrewery_3.jpg 500w, https:\/\/www.sempreviaggiando.com\/wp-content\/uploads\/2013\/04\/Microcerveseria__Microcervecer__a_Microbrewery_3-258x300.jpg 258w\" width=\"345\" height=\"402\" loading=\"lazy\" data-original-width=\"345\" data-original-height=\"402\" itemprop=\"http:\/\/schema.org\/image\" title=\"Microcerveseria__Microcervecer__a_Microbrewery_3\" alt=\"Microcerveseria__Microcervecer__a_Microbrewery_3\" style=\"width: 345px; height: 402px;\" \/> <\/a> <\/div> <\/div> <!-- close group --> <\/div> <!-- close row --> <\/div>\n<h4><strong>DE TAPES\u00a0AL BAR\u00a0VEL\u00d3DROMO<\/strong><\/h4>\n<p><em>c\/ Muntaner, 213. Cerca de Diagonal &#8211; Francesc Maci\u00e0 (Metro\u00a0Hospital Cl\u00ednic)<\/em><\/p>\n<p>A prop de la pla\u00e7a Francesc Maci\u00e0 hi ha un dels bars m\u00e9s famosos dels dos \u00faltims anys, quan la moda dels <em>trendy bar<\/em>s va arribar a la ciutat (per fi!). El\u00a0<strong>Bar Vel\u00f3dromo<\/strong> \u00e9s una mica car i surt en moltes guies de viatges i, per aix\u00f2, hi ha una <strong>curiosa combinaci\u00f3 de turistes i locals<\/strong>. Ells demanen cremes catalanes i sopes; nosaltres demanem una canya i unes olives. El Vel\u00f2drom \u00e9s precisament aix\u00f2:<strong> un bar que ha sabut combinar a la perfecci\u00f3 modernitat i antiguitat<\/strong>, transformant l&#8217;<em>antic bar vel\u00f2drom<\/em> de tota la vida en un lloc actual que deixa a tothom bocabadat.<\/p>\n<div class=\"tiled-gallery type-rectangular tiled-gallery-unresized\" data-original-width=\"1170\" data-carousel-extra='{&quot;blog_id&quot;:1,&quot;permalink&quot;:&quot;https:\\\/\\\/www.sempreviaggiando.com\\\/ca\\\/2013\\\/04\\\/11\\\/recomanacions-per-a-un-brunch-vermut-o-cafe-amb-estil-a-barcelona\\\/&quot;,&quot;likes_blog_id&quot;:12732733}' itemscope itemtype=\"http:\/\/schema.org\/ImageGallery\" > <div class=\"gallery-row\" style=\"width: 1170px; height: 319px;\" data-original-width=\"1170\" data-original-height=\"319\" > <div class=\"gallery-group images-1\" style=\"width: 495px; height: 319px;\" data-original-width=\"495\" data-original-height=\"319\" > <div class=\"tiled-gallery-item tiled-gallery-item-large\" itemprop=\"associatedMedia\" itemscope itemtype=\"http:\/\/schema.org\/ImageObject\"> <a href=\"https:\/\/www.sempreviaggiando.com\/ca\/2013\/04\/11\/recomanacions-per-a-un-brunch-vermut-o-cafe-amb-estil-a-barcelona\/el_vel__dromo_0-2\/\" border=\"0\" itemprop=\"url\"> <meta itemprop=\"width\" content=\"491\"> <meta itemprop=\"height\" content=\"315\"> <img decoding=\"async\" class=\"\" data-attachment-id=\"20262\" data-orig-file=\"https:\/\/www.sempreviaggiando.com\/wp-content\/uploads\/2013\/04\/El_Vel__dromo_0.jpg\" data-orig-size=\"500,321\" data-comments-opened=\"\" data-image-meta=\"{&quot;aperture&quot;:&quot;0&quot;,&quot;credit&quot;:&quot;&quot;,&quot;camera&quot;:&quot;&quot;,&quot;caption&quot;:&quot;&quot;,&quot;created_timestamp&quot;:&quot;0&quot;,&quot;copyright&quot;:&quot;&quot;,&quot;focal_length&quot;:&quot;0&quot;,&quot;iso&quot;:&quot;0&quot;,&quot;shutter_speed&quot;:&quot;0&quot;,&quot;title&quot;:&quot;&quot;,&quot;orientation&quot;:&quot;0&quot;}\" data-image-title=\"El_Vel__dromo_0\" data-image-description=\"\" data-medium-file=\"https:\/\/www.sempreviaggiando.com\/wp-content\/uploads\/2013\/04\/El_Vel__dromo_0-300x193.jpg\" data-large-file=\"https:\/\/www.sempreviaggiando.com\/wp-content\/uploads\/2013\/04\/El_Vel__dromo_0.jpg\" src=\"https:\/\/i0.wp.com\/www.sempreviaggiando.com\/wp-content\/uploads\/2013\/04\/El_Vel__dromo_0.jpg?w=491&#038;h=315&#038;ssl=1\" srcset=\"https:\/\/www.sempreviaggiando.com\/wp-content\/uploads\/2013\/04\/El_Vel__dromo_0.jpg 500w, https:\/\/www.sempreviaggiando.com\/wp-content\/uploads\/2013\/04\/El_Vel__dromo_0-300x193.jpg 300w\" width=\"491\" height=\"315\" loading=\"lazy\" data-original-width=\"491\" data-original-height=\"315\" itemprop=\"http:\/\/schema.org\/image\" title=\"El_Vel__dromo_0\" alt=\"El_Vel__dromo_0\" style=\"width: 491px; height: 315px;\" \/> <\/a> <\/div> <\/div> <!-- close group --> <div class=\"gallery-group images-1\" style=\"width: 675px; height: 319px;\" data-original-width=\"675\" data-original-height=\"319\" > <div class=\"tiled-gallery-item tiled-gallery-item-large\" itemprop=\"associatedMedia\" itemscope itemtype=\"http:\/\/schema.org\/ImageObject\"> <a href=\"https:\/\/www.sempreviaggiando.com\/ca\/2013\/04\/11\/recomanacions-per-a-un-brunch-vermut-o-cafe-amb-estil-a-barcelona\/el_vel__dromo_21-2\/\" border=\"0\" itemprop=\"url\"> <meta itemprop=\"width\" content=\"671\"> <meta itemprop=\"height\" content=\"315\"> <img decoding=\"async\" class=\"\" data-attachment-id=\"20263\" data-orig-file=\"https:\/\/www.sempreviaggiando.com\/wp-content\/uploads\/2013\/04\/El_Vel__dromo_21.jpg\" data-orig-size=\"500,235\" data-comments-opened=\"\" data-image-meta=\"{&quot;aperture&quot;:&quot;0&quot;,&quot;credit&quot;:&quot;&quot;,&quot;camera&quot;:&quot;&quot;,&quot;caption&quot;:&quot;&quot;,&quot;created_timestamp&quot;:&quot;0&quot;,&quot;copyright&quot;:&quot;&quot;,&quot;focal_length&quot;:&quot;0&quot;,&quot;iso&quot;:&quot;0&quot;,&quot;shutter_speed&quot;:&quot;0&quot;,&quot;title&quot;:&quot;&quot;,&quot;orientation&quot;:&quot;0&quot;}\" data-image-title=\"El_Vel__dromo_21\" data-image-description=\"\" data-medium-file=\"https:\/\/www.sempreviaggiando.com\/wp-content\/uploads\/2013\/04\/El_Vel__dromo_21-300x141.jpg\" data-large-file=\"https:\/\/www.sempreviaggiando.com\/wp-content\/uploads\/2013\/04\/El_Vel__dromo_21.jpg\" src=\"https:\/\/i0.wp.com\/www.sempreviaggiando.com\/wp-content\/uploads\/2013\/04\/El_Vel__dromo_21.jpg?w=671&#038;h=315&#038;ssl=1\" srcset=\"https:\/\/www.sempreviaggiando.com\/wp-content\/uploads\/2013\/04\/El_Vel__dromo_21.jpg 500w, https:\/\/www.sempreviaggiando.com\/wp-content\/uploads\/2013\/04\/El_Vel__dromo_21-300x141.jpg 300w\" width=\"671\" height=\"315\" loading=\"lazy\" data-original-width=\"671\" data-original-height=\"315\" itemprop=\"http:\/\/schema.org\/image\" title=\"El_Vel__dromo_21\" alt=\"El_Vel__dromo_21\" style=\"width: 671px; height: 315px;\" \/> <\/a> <\/div> <\/div> <!-- close group --> <\/div> <!-- close row --> <\/div>\n<h4><strong>QUELCOM SA I SABOR\u00d3S? TERESA CARLES<\/strong><\/h4>\n<p><em>c\/ Jovellanos, 2. al costat del carrer\u00a0Pelai, molt a prop de Pla\u00e7a Catalunya. (Metro Universitat)<\/em><\/p>\n<p>Per a mi, el <strong>Teresa Carles<\/strong> <strong>\u00e9s uns dels millors restaurants vegetarians de Barcelona.<\/strong> O com a m\u00ednim, <strong>un dels m\u00e9s bonics<\/strong>! Teresa Carles \u00e9s el nom de la mare del propietari del local, un jove molt modern que ha sabut donar <strong>un toc <em>chic<\/em> al tema de menjar <em>veggie<\/em>.<\/strong> Aix\u00ed, ha aconseguit que gent com jo (molt carn\u00edvora) estigui desitjant tornar-hi. <strong>El seu men\u00fa de migdia \u00e9s una f\u00f3rmula senzilla que enganxa,<\/strong> i la varietat de plats fa que per un parell d&#8217;hores t&#8217;oblidis que ets en un vegetari\u00e0. Teresa Carles \u00e9s un d&#8217;aquells restaurants c\u00e8ntrics als que sempre recomano anar si est\u00e0s per Pla\u00e7a Catalunya i tens gana. Menjareu b\u00e9, aix\u00f2 si, aneu-hi sense pressa perqu\u00e8 aix\u00f2 de l&#8217;slow food s&#8217;encomana al servei&#8230;<\/p>\n<div class=\"tiled-gallery type-square tiled-gallery-unresized\" data-original-width=\"1170\" data-carousel-extra='{&quot;blog_id&quot;:1,&quot;permalink&quot;:&quot;https:\\\/\\\/www.sempreviaggiando.com\\\/ca\\\/2013\\\/04\\\/11\\\/recomanacions-per-a-un-brunch-vermut-o-cafe-amb-estil-a-barcelona\\\/&quot;,&quot;likes_blog_id&quot;:12732733}' itemscope itemtype=\"http:\/\/schema.org\/ImageGallery\" > <div class=\"gallery-row\" style=\"width: 1170px; height: 585px;\" data-original-width=\"1170\" data-original-height=\"585\" > <div class=\"gallery-group\" style=\"width: 585px; height: 585px;\" data-original-width=\"585\" data-original-height=\"585\" > <div class=\"tiled-gallery-item \" itemprop=\"associatedMedia\" itemscope itemtype=\"http:\/\/schema.org\/ImageObject\"> <a href=\"https:\/\/www.sempreviaggiando.com\/ca\/2013\/04\/11\/recomanacions-per-a-un-brunch-vermut-o-cafe-amb-estil-a-barcelona\/foto_galeria_fresh-2\/\" border=\"0\" itemprop=\"url\"> <meta itemprop=\"width\" content=\"581\"> <meta itemprop=\"height\" content=\"581\"> <img decoding=\"async\" class=\"\" data-attachment-id=\"20259\" data-orig-file=\"https:\/\/www.sempreviaggiando.com\/wp-content\/uploads\/2013\/04\/foto_galeria_fresh.png\" data-orig-size=\"878,458\" data-comments-opened=\"\" data-image-meta=\"{&quot;aperture&quot;:&quot;0&quot;,&quot;credit&quot;:&quot;&quot;,&quot;camera&quot;:&quot;&quot;,&quot;caption&quot;:&quot;&quot;,&quot;created_timestamp&quot;:&quot;0&quot;,&quot;copyright&quot;:&quot;&quot;,&quot;focal_length&quot;:&quot;0&quot;,&quot;iso&quot;:&quot;0&quot;,&quot;shutter_speed&quot;:&quot;0&quot;,&quot;title&quot;:&quot;&quot;,&quot;orientation&quot;:&quot;0&quot;}\" data-image-title=\"foto_galeria_fresh\" data-image-description=\"\" data-medium-file=\"https:\/\/www.sempreviaggiando.com\/wp-content\/uploads\/2013\/04\/foto_galeria_fresh-300x156.png\" data-large-file=\"https:\/\/www.sempreviaggiando.com\/wp-content\/uploads\/2013\/04\/foto_galeria_fresh.png\" src=\"https:\/\/i0.wp.com\/www.sempreviaggiando.com\/wp-content\/uploads\/2013\/04\/foto_galeria_fresh.png?w=581&#038;h=581&#038;crop=1&#038;ssl=1\" srcset=\"https:\/\/www.sempreviaggiando.com\/wp-content\/uploads\/2013\/04\/foto_galeria_fresh-150x150.png 150w, https:\/\/www.sempreviaggiando.com\/wp-content\/uploads\/2013\/04\/foto_galeria_fresh-45x45.png 45w\" width=\"581\" height=\"581\" loading=\"lazy\" data-original-width=\"581\" data-original-height=\"581\" itemprop=\"http:\/\/schema.org\/image\" title=\"foto_galeria_fresh\" alt=\"foto_galeria_fresh\" style=\"width: 581px; height: 581px;\" \/> <\/a> <\/div> <\/div> <div class=\"gallery-group\" style=\"width: 585px; height: 585px;\" data-original-width=\"585\" data-original-height=\"585\" > <div class=\"tiled-gallery-item \" itemprop=\"associatedMedia\" itemscope itemtype=\"http:\/\/schema.org\/ImageObject\"> <a href=\"https:\/\/www.sempreviaggiando.com\/ca\/2013\/04\/11\/recomanacions-per-a-un-brunch-vermut-o-cafe-amb-estil-a-barcelona\/foto_galeria_sala2-2-2\/\" border=\"0\" itemprop=\"url\"> <meta itemprop=\"width\" content=\"581\"> <meta itemprop=\"height\" content=\"581\"> <img decoding=\"async\" class=\"\" data-attachment-id=\"20258\" data-orig-file=\"https:\/\/www.sempreviaggiando.com\/wp-content\/uploads\/2013\/04\/foto_galeria_sala2-2.jpg\" data-orig-size=\"878,458\" data-comments-opened=\"\" data-image-meta=\"{&quot;aperture&quot;:&quot;0&quot;,&quot;credit&quot;:&quot;&quot;,&quot;camera&quot;:&quot;&quot;,&quot;caption&quot;:&quot;&quot;,&quot;created_timestamp&quot;:&quot;0&quot;,&quot;copyright&quot;:&quot;&quot;,&quot;focal_length&quot;:&quot;0&quot;,&quot;iso&quot;:&quot;0&quot;,&quot;shutter_speed&quot;:&quot;0&quot;,&quot;title&quot;:&quot;&quot;,&quot;orientation&quot;:&quot;0&quot;}\" data-image-title=\"foto_galeria_sala2-2\" data-image-description=\"\" data-medium-file=\"https:\/\/www.sempreviaggiando.com\/wp-content\/uploads\/2013\/04\/foto_galeria_sala2-2-300x156.jpg\" data-large-file=\"https:\/\/www.sempreviaggiando.com\/wp-content\/uploads\/2013\/04\/foto_galeria_sala2-2.jpg\" src=\"https:\/\/i0.wp.com\/www.sempreviaggiando.com\/wp-content\/uploads\/2013\/04\/foto_galeria_sala2-2.jpg?w=581&#038;h=581&#038;crop=1&#038;ssl=1\" srcset=\"https:\/\/www.sempreviaggiando.com\/wp-content\/uploads\/2013\/04\/foto_galeria_sala2-2-150x150.jpg 150w, https:\/\/www.sempreviaggiando.com\/wp-content\/uploads\/2013\/04\/foto_galeria_sala2-2-45x45.jpg 45w\" width=\"581\" height=\"581\" loading=\"lazy\" data-original-width=\"581\" data-original-height=\"581\" itemprop=\"http:\/\/schema.org\/image\" title=\"foto_galeria_sala2-2\" alt=\"foto_galeria_sala2-2\" style=\"width: 581px; height: 581px;\" \/> <\/a> <\/div> <\/div> <\/div> <\/div>\n<h4><strong>XOCOLATA AMB XURROS\u00a0Y ORXATA<br \/>\n<\/strong><\/h4>\n<p><em>Granja Pallaresa: c\/ Petritxol, 11. Cerca de Las Ramblas (Metro Liceu)<br \/>\nDirecci\u00f3n Horchateria: c\/ Aribau, 16. Junto a Pla\u00e7a Universitat (Metro Universitat)<br \/>\n<\/em><\/p>\n<p>Si ets dels que a mitja tarda vols alguna cosa dol\u00e7a, hi ha un parell de bars dels de tota la vida que has d&#8217;anotar al mapa: <strong><a title=\"pallaresa\" href=\"http:\/\/www.lapallaresa.com\/La_Pallaresa\/Home.html\" target=\"_blank\" rel=\"nofollow\">Granja La Pallaresa<\/a> i\u00a0<a title=\"valenciana\" href=\"http:\/\/www.lavalenciana.com\/lavalenciana.html\" target=\"_blank\" rel=\"nofollow\">Orxateria Valenciana<\/a><\/strong>. La Pallaresa est\u00e0 al barri G\u00f2tic, en un carrer petit per\u00f2 preci\u00f3s (<strong>Carrer Petritxol)<\/strong> i molt a prop d&#8217;una de les places m\u00e9s encantadores de Barcelona: <strong>la pla\u00e7a del Pi.<\/strong> L&#8217;orxateria Valenciana tamb\u00e9 \u00e9s c\u00e8ntrica, per\u00f2 es troba a l&#8217;Eixample, a prop de Pla\u00e7a Universitat. A tots dos llocs podr\u00e0s demanar <strong>xocolata amb xurros, ensa\u00efmades, su\u00efssos (xocolata amb nata), l&#8217;orxata valenciana i tot tipus de coses bones.<\/strong><\/p>\n<div class=\"tiled-gallery type-circle tiled-gallery-unresized\" data-original-width=\"1170\" data-carousel-extra='{&quot;blog_id&quot;:1,&quot;permalink&quot;:&quot;https:\\\/\\\/www.sempreviaggiando.com\\\/ca\\\/2013\\\/04\\\/11\\\/recomanacions-per-a-un-brunch-vermut-o-cafe-amb-estil-a-barcelona\\\/&quot;,&quot;likes_blog_id&quot;:12732733}' itemscope itemtype=\"http:\/\/schema.org\/ImageGallery\" > <div class=\"gallery-row\" style=\"width: 1170px; height: 585px;\" data-original-width=\"1170\" data-original-height=\"585\" > <div class=\"gallery-group\" style=\"width: 585px; height: 585px;\" data-original-width=\"585\" data-original-height=\"585\" > <div class=\"tiled-gallery-item \" itemprop=\"associatedMedia\" itemscope itemtype=\"http:\/\/schema.org\/ImageObject\"> <a href=\"https:\/\/www.sempreviaggiando.com\/ca\/2013\/04\/11\/recomanacions-per-a-un-brunch-vermut-o-cafe-amb-estil-a-barcelona\/suis-2\/\" border=\"0\" itemprop=\"url\"> <meta itemprop=\"width\" content=\"581\"> <meta itemprop=\"height\" content=\"581\"> <img decoding=\"async\" class=\"\" data-attachment-id=\"20266\" data-orig-file=\"https:\/\/www.sempreviaggiando.com\/wp-content\/uploads\/2013\/04\/suis.jpg\" data-orig-size=\"617,347\" data-comments-opened=\"\" data-image-meta=\"{&quot;aperture&quot;:&quot;0&quot;,&quot;credit&quot;:&quot;&quot;,&quot;camera&quot;:&quot;&quot;,&quot;caption&quot;:&quot;&quot;,&quot;created_timestamp&quot;:&quot;0&quot;,&quot;copyright&quot;:&quot;&quot;,&quot;focal_length&quot;:&quot;0&quot;,&quot;iso&quot;:&quot;0&quot;,&quot;shutter_speed&quot;:&quot;0&quot;,&quot;title&quot;:&quot;&quot;,&quot;orientation&quot;:&quot;0&quot;}\" data-image-title=\"suis\" data-image-description=\"\" data-medium-file=\"https:\/\/www.sempreviaggiando.com\/wp-content\/uploads\/2013\/04\/suis-300x169.jpg\" data-large-file=\"https:\/\/www.sempreviaggiando.com\/wp-content\/uploads\/2013\/04\/suis.jpg\" src=\"https:\/\/i0.wp.com\/www.sempreviaggiando.com\/wp-content\/uploads\/2013\/04\/suis.jpg?w=581&#038;h=581&#038;crop=1&#038;ssl=1\" srcset=\"https:\/\/www.sempreviaggiando.com\/wp-content\/uploads\/2013\/04\/suis-150x150.jpg 150w, https:\/\/www.sempreviaggiando.com\/wp-content\/uploads\/2013\/04\/suis-45x45.jpg 45w\" width=\"581\" height=\"581\" loading=\"lazy\" data-original-width=\"581\" data-original-height=\"581\" itemprop=\"http:\/\/schema.org\/image\" title=\"suis\" alt=\"suis\" style=\"width: 581px; height: 581px;\" \/> <\/a> <\/div> <\/div> <div class=\"gallery-group\" style=\"width: 585px; height: 585px;\" data-original-width=\"585\" data-original-height=\"585\" > <div class=\"tiled-gallery-item \" itemprop=\"associatedMedia\" itemscope itemtype=\"http:\/\/schema.org\/ImageObject\"> <a href=\"https:\/\/www.sempreviaggiando.com\/ca\/2013\/04\/11\/recomanacions-per-a-un-brunch-vermut-o-cafe-amb-estil-a-barcelona\/horchata-2\/\" border=\"0\" itemprop=\"url\"> <meta itemprop=\"width\" content=\"581\"> <meta itemprop=\"height\" content=\"581\"> <img decoding=\"async\" class=\"\" data-attachment-id=\"20267\" data-orig-file=\"https:\/\/www.sempreviaggiando.com\/wp-content\/uploads\/2013\/04\/horchata.jpg\" data-orig-size=\"753,502\" data-comments-opened=\"\" data-image-meta=\"{&quot;aperture&quot;:&quot;0&quot;,&quot;credit&quot;:&quot;&quot;,&quot;camera&quot;:&quot;&quot;,&quot;caption&quot;:&quot;&quot;,&quot;created_timestamp&quot;:&quot;0&quot;,&quot;copyright&quot;:&quot;&quot;,&quot;focal_length&quot;:&quot;0&quot;,&quot;iso&quot;:&quot;0&quot;,&quot;shutter_speed&quot;:&quot;0&quot;,&quot;title&quot;:&quot;&quot;,&quot;orientation&quot;:&quot;0&quot;}\" data-image-title=\"horchata\" data-image-description=\"\" data-medium-file=\"https:\/\/www.sempreviaggiando.com\/wp-content\/uploads\/2013\/04\/horchata-300x200.jpg\" data-large-file=\"https:\/\/www.sempreviaggiando.com\/wp-content\/uploads\/2013\/04\/horchata.jpg\" src=\"https:\/\/i0.wp.com\/www.sempreviaggiando.com\/wp-content\/uploads\/2013\/04\/horchata.jpg?w=581&#038;h=581&#038;crop=1&#038;ssl=1\" srcset=\"https:\/\/www.sempreviaggiando.com\/wp-content\/uploads\/2013\/04\/horchata-150x150.jpg 150w, https:\/\/www.sempreviaggiando.com\/wp-content\/uploads\/2013\/04\/horchata-45x45.jpg 45w\" width=\"581\" height=\"581\" loading=\"lazy\" data-original-width=\"581\" data-original-height=\"581\" itemprop=\"http:\/\/schema.org\/image\" title=\"horchata\" alt=\"horchata\" style=\"width: 581px; height: 581px;\" \/> <\/a> <\/div> <\/div> <\/div> <\/div>\n<h4><strong>BRUNCH &amp; CUPCAKES A\u00a0ENRIC GRANADOS<br \/>\n<\/strong><\/h4>\n<p><em>c\/ Enric Granados, 19. Cerca de Plaza Letamendi (Metro Diagonal)<\/em><\/p>\n<p><strong><a href=\"http:\/\/www.sempreviaggiando.com\/2013\/07\/29\/restaurantes-bares-terrazas-enric-granados-barcelona\/\" target=\"_blank\">El carrer Enric Granados<\/a> per sota de la pla\u00e7a Letamendi \u00e9s com un tresor:<\/strong> est\u00e0s molt a prop de Pla\u00e7a Catalunya per\u00f2 l&#8217;ambient segueix sent molt local i aut\u00e8ntic. All\u00e0 s&#8217;hi han instal\u00b7lat diversos restaurants i caf\u00e8s. Un que m&#8217;encanta \u00e9s el <strong>Brunch &amp; Cake.<\/strong> <strong>Us serviran cupcakes, sucs, brunchs i berenars.<\/strong> \u00c9s un d&#8217;aquests bars molt blancs, lluminosos i plens de coixins. D&#8217;aquests on ve de gust passar-hi una tarda agradable. Al mateix carrer, m\u00e9s amunt, al costat de Diagonal, hi ha el seu <em>ater ego<\/em>: <strong>el Cup &amp; Cake<\/strong> on l&#8217;especialitat s\u00f3n \u00f2bviament les magdalenes anglosaxones m\u00e9s famoses del moment<\/p>\n<div class=\"tiled-gallery type-rectangular tiled-gallery-unresized\" data-original-width=\"1170\" data-carousel-extra='{&quot;blog_id&quot;:1,&quot;permalink&quot;:&quot;https:\\\/\\\/www.sempreviaggiando.com\\\/ca\\\/2013\\\/04\\\/11\\\/recomanacions-per-a-un-brunch-vermut-o-cafe-amb-estil-a-barcelona\\\/&quot;,&quot;likes_blog_id&quot;:12732733}' itemscope itemtype=\"http:\/\/schema.org\/ImageGallery\" > <div class=\"gallery-row\" style=\"width: 1170px; height: 378px;\" data-original-width=\"1170\" data-original-height=\"378\" > <div class=\"gallery-group images-1\" style=\"width: 566px; height: 378px;\" data-original-width=\"566\" data-original-height=\"378\" > <div class=\"tiled-gallery-item tiled-gallery-item-large\" itemprop=\"associatedMedia\" itemscope itemtype=\"http:\/\/schema.org\/ImageObject\"> <a href=\"https:\/\/www.sempreviaggiando.com\/ca\/2013\/04\/11\/recomanacions-per-a-un-brunch-vermut-o-cafe-amb-estil-a-barcelona\/brunchcake1-1024x682-2\/\" border=\"0\" itemprop=\"url\"> <meta itemprop=\"width\" content=\"562\"> <meta itemprop=\"height\" content=\"374\"> <img decoding=\"async\" class=\"\" data-attachment-id=\"20269\" data-orig-file=\"https:\/\/www.sempreviaggiando.com\/wp-content\/uploads\/2013\/04\/brunchcake1-1024x682.jpg\" data-orig-size=\"1024,682\" data-comments-opened=\"\" data-image-meta=\"{&quot;aperture&quot;:&quot;0&quot;,&quot;credit&quot;:&quot;&quot;,&quot;camera&quot;:&quot;&quot;,&quot;caption&quot;:&quot;&quot;,&quot;created_timestamp&quot;:&quot;0&quot;,&quot;copyright&quot;:&quot;&quot;,&quot;focal_length&quot;:&quot;0&quot;,&quot;iso&quot;:&quot;0&quot;,&quot;shutter_speed&quot;:&quot;0&quot;,&quot;title&quot;:&quot;&quot;,&quot;orientation&quot;:&quot;0&quot;}\" data-image-title=\"brunchcake1-1024&#215;682\" data-image-description=\"\" data-medium-file=\"https:\/\/www.sempreviaggiando.com\/wp-content\/uploads\/2013\/04\/brunchcake1-1024x682-300x200.jpg\" data-large-file=\"https:\/\/www.sempreviaggiando.com\/wp-content\/uploads\/2013\/04\/brunchcake1-1024x682-1024x682.jpg\" src=\"https:\/\/i0.wp.com\/www.sempreviaggiando.com\/wp-content\/uploads\/2013\/04\/brunchcake1-1024x682.jpg?w=562&#038;h=374&#038;ssl=1\" srcset=\"https:\/\/www.sempreviaggiando.com\/wp-content\/uploads\/2013\/04\/brunchcake1-1024x682.jpg 1024w, https:\/\/www.sempreviaggiando.com\/wp-content\/uploads\/2013\/04\/brunchcake1-1024x682-300x200.jpg 300w, https:\/\/www.sempreviaggiando.com\/wp-content\/uploads\/2013\/04\/brunchcake1-1024x682-768x512.jpg 768w\" width=\"562\" height=\"374\" loading=\"lazy\" data-original-width=\"562\" data-original-height=\"374\" itemprop=\"http:\/\/schema.org\/image\" title=\"brunchcake1-1024x682\" alt=\"brunchcake1-1024x682\" style=\"width: 562px; height: 374px;\" \/> <\/a> <\/div> <\/div> <!-- close group --> <div class=\"gallery-group images-1\" style=\"width: 604px; height: 378px;\" data-original-width=\"604\" data-original-height=\"378\" > <div class=\"tiled-gallery-item tiled-gallery-item-large\" itemprop=\"associatedMedia\" itemscope itemtype=\"http:\/\/schema.org\/ImageObject\"> <a href=\"https:\/\/www.sempreviaggiando.com\/ca\/2013\/04\/11\/recomanacions-per-a-un-brunch-vermut-o-cafe-amb-estil-a-barcelona\/torrija-2\/\" border=\"0\" itemprop=\"url\"> <meta itemprop=\"width\" content=\"600\"> <meta itemprop=\"height\" content=\"374\"> <img decoding=\"async\" class=\"\" data-attachment-id=\"20268\" data-orig-file=\"https:\/\/www.sempreviaggiando.com\/wp-content\/uploads\/2013\/04\/torrija.jpg\" data-orig-size=\"1024,638\" data-comments-opened=\"\" data-image-meta=\"{&quot;aperture&quot;:&quot;0&quot;,&quot;credit&quot;:&quot;&quot;,&quot;camera&quot;:&quot;&quot;,&quot;caption&quot;:&quot;&quot;,&quot;created_timestamp&quot;:&quot;0&quot;,&quot;copyright&quot;:&quot;&quot;,&quot;focal_length&quot;:&quot;0&quot;,&quot;iso&quot;:&quot;0&quot;,&quot;shutter_speed&quot;:&quot;0&quot;,&quot;title&quot;:&quot;&quot;,&quot;orientation&quot;:&quot;0&quot;}\" data-image-title=\"torrija\" data-image-description=\"\" data-medium-file=\"https:\/\/www.sempreviaggiando.com\/wp-content\/uploads\/2013\/04\/torrija-300x187.jpg\" data-large-file=\"https:\/\/www.sempreviaggiando.com\/wp-content\/uploads\/2013\/04\/torrija-1024x638.jpg\" src=\"https:\/\/i0.wp.com\/www.sempreviaggiando.com\/wp-content\/uploads\/2013\/04\/torrija.jpg?w=600&#038;h=374&#038;ssl=1\" srcset=\"https:\/\/www.sempreviaggiando.com\/wp-content\/uploads\/2013\/04\/torrija.jpg 1024w, https:\/\/www.sempreviaggiando.com\/wp-content\/uploads\/2013\/04\/torrija-300x187.jpg 300w, https:\/\/www.sempreviaggiando.com\/wp-content\/uploads\/2013\/04\/torrija-768x479.jpg 768w\" width=\"600\" height=\"374\" loading=\"lazy\" data-original-width=\"600\" data-original-height=\"374\" itemprop=\"http:\/\/schema.org\/image\" title=\"torrija\" alt=\"torrija\" style=\"width: 600px; height: 374px;\" \/> <\/a> <\/div> <\/div> <!-- close group --> <\/div> <!-- close row --> <\/div>\n<p><em>\u00a0<\/em><\/p>\n<p>&nbsp;<\/p>\n<h4><\/h4>\n<p>&nbsp;<\/p>\n<p>&nbsp;<\/p>\n","protected":false},"excerpt":{"rendered":"<p>Si tens previst visitar Barcelona, i vols recomanacions per menjar o fer un cafet\u00f3, el post d&#8217;avui va dedicat als caf\u00e8s i restaurantes moderns i amb encant que tinc a la meva llista de favorits i que recomano als amics que v\u00e9nen de visita.<\/p>\n<div class=\"read-more-wrapper\"><a class=\"read-more\" href=\"https:\/\/www.sempreviaggiando.com\/ca\/2013\/04\/11\/recomanacions-per-a-un-brunch-vermut-o-cafe-amb-estil-a-barcelona\/\" title=\"Read More\"> <span class=\"button \">Read More<\/span><\/a><\/div>\n","protected":false},"author":2,"featured_media":15176,"comment_status":"open","ping_status":"open","sticky":false,"template":"","format":"standard","meta":{"_acf_changed":false,"_bos_mb_destination":[""],"_jetpack_memberships_contains_paid_content":false,"footnotes":""},"categories":[120],"tags":[],"class_list":["post-8467","post","type-post","status-publish","format-standard","has-post-thumbnail","hentry","category-si-no-estoy-viajando-ca"],"acf":[],"jetpack_featured_media_url":"https:\/\/www.sempreviaggiando.com\/wp-content\/uploads\/2013\/04\/500570946_138781c758_b.jpg","jetpack_sharing_enabled":true,"_links":{"self":[{"href":"https:\/\/www.sempreviaggiando.com\/ca\/wp-json\/wp\/v2\/posts\/8467","targetHints":{"allow":["GET"]}}],"collection":[{"href":"https:\/\/www.sempreviaggiando.com\/ca\/wp-json\/wp\/v2\/posts"}],"about":[{"href":"https:\/\/www.sempreviaggiando.com\/ca\/wp-json\/wp\/v2\/types\/post"}],"author":[{"embeddable":true,"href":"https:\/\/www.sempreviaggiando.com\/ca\/wp-json\/wp\/v2\/users\/2"}],"replies":[{"embeddable":true,"href":"https:\/\/www.sempreviaggiando.com\/ca\/wp-json\/wp\/v2\/comments?post=8467"}],"version-history":[{"count":9,"href":"https:\/\/www.sempreviaggiando.com\/ca\/wp-json\/wp\/v2\/posts\/8467\/revisions"}],"predecessor-version":[{"id":15185,"href":"https:\/\/www.sempreviaggiando.com\/ca\/wp-json\/wp\/v2\/posts\/8467\/revisions\/15185"}],"wp:featuredmedia":[{"embeddable":true,"href":"https:\/\/www.sempreviaggiando.com\/ca\/wp-json\/wp\/v2\/media\/15176"}],"wp:attachment":[{"href":"https:\/\/www.sempreviaggiando.com\/ca\/wp-json\/wp\/v2\/media?parent=8467"}],"wp:term":[{"taxonomy":"category","embeddable":true,"href":"https:\/\/www.sempreviaggiando.com\/ca\/wp-json\/wp\/v2\/categories?post=8467"},{"taxonomy":"post_tag","embeddable":true,"href":"https:\/\/www.sempreviaggiando.com\/ca\/wp-json\/wp\/v2\/tags?post=8467"}],"curies":[{"name":"wp","href":"https:\/\/api.w.org\/{rel}","templated":true}]}}