{"id":9584,"date":"2013-08-30T01:27:36","date_gmt":"2013-08-29T23:27:36","guid":{"rendered":"http:\/\/www.sempreviaggiando.com\/?p=9584"},"modified":"2015-10-14T18:17:38","modified_gmt":"2015-10-14T16:17:38","slug":"primeres-impressions-des-de-brooklyn","status":"publish","type":"post","link":"https:\/\/www.sempreviaggiando.com\/ca\/2013\/08\/30\/primeres-impressions-des-de-brooklyn\/","title":{"rendered":"Primeres impressions des de Brooklyn"},"content":{"rendered":"<p>&nbsp;<\/p>\n<p style=\"text-align: center;\"><strong><img loading=\"lazy\" decoding=\"async\" class=\"aligncenter  wp-image-9556\" title=\"brooklyn heihts promenade\" src=\"http:\/\/www.sempreviaggiando.com\/wp-content\/uploads\/2013\/08\/brooklyn_heights_promenade.jpg\" alt=\"brooklyn heihts promenade\" width=\"630\" height=\"472\" srcset=\"https:\/\/www.sempreviaggiando.com\/wp-content\/uploads\/2013\/08\/brooklyn_heights_promenade.jpg 900w, https:\/\/www.sempreviaggiando.com\/wp-content\/uploads\/2013\/08\/brooklyn_heights_promenade-300x225.jpg 300w, https:\/\/www.sempreviaggiando.com\/wp-content\/uploads\/2013\/08\/brooklyn_heights_promenade-400x300.jpg 400w\" sizes=\"auto, (max-width: 630px) 100vw, 630px\" \/> <\/strong><\/p>\n<p>Fa pr\u00e0cticament una setmana que <strong>va comen\u00e7ar el nostre <a title=\"gran viatge volta al mon\" href=\"http:\/\/www.sempreviaggiando.com\/vuelta-al-mundo-intercambio-casas\/\">gran viatge<\/a><\/strong> i que vam arribar a <strong>Nova York.<\/strong> El temps passa volant. Estem m\u00e9s que <strong>adaptats al ritme de Brooklyn<\/strong> (no confondre amb el ritme de Manhattan) i, ara per ara, <strong>en la combinaci\u00f3 treball i turisme,<\/strong> <strong>va guanyant la primera.<\/strong> Ens auto-convencem que ha sigut cosa dels primers dies d&#8217;adaptaci\u00f3 i que en les properes setmanes sortirem m\u00e9s sovint a gaudir de Nova York i deixarem el port\u00e0til a casa.<\/p>\n<p>\u00c9s una mica aviat per fer balan\u00e7 per\u00f2 aquestes s\u00f3n les nostres primeres impressions:<\/p>\n<p><strong>\u00a0<\/strong><\/p>\n<h3>LA VIDA TRANQUIL\u00b7L\u00cdSSIMA DE PARK SLOPE, BROOKLYN<\/h3>\n<p>Vivim al sud del barri de <strong>Park Slope, a Brooklyn.<\/strong> Park Slope \u00e9s un barri tradicional, format per casetes no gaire altes (tres o quatre pisos com a m\u00e0xim), sovint amb escales davant de casa i amb terrats mon\u00edssims a dalt de tot.<\/p>\n<p>&nbsp;<\/p>\n<p><iframe loading=\"lazy\" src=\"https:\/\/maps.google.com\/?ie=UTF8&amp;t=m&amp;ll=40.664298,-73.977814&amp;spn=0.019532,0.054417&amp;z=14&amp;output=embed\" width=\"635\" height=\"300\" frameborder=\"0\" marginwidth=\"0\" marginheight=\"0\" scrolling=\"no\"><\/iframe><br \/>\n<small><a style=\"color: #0000ff; text-align: left;\" href=\"https:\/\/maps.google.com\/?ie=UTF8&amp;t=m&amp;ll=40.664298,-73.977814&amp;spn=0.019532,0.054417&amp;z=14&amp;source=embed\">Ver mapa m\u00e1s grande<\/a><\/small><\/p>\n<p><strong>South Slope,<\/strong> com s&#8217;anomena la nostra zona, \u00e9s un barri humil, amb molta immigraci\u00f3, majorit\u00e0riament llatina. <strong>Aqu\u00ed gaireb\u00e9 no hi ha tr\u00e0nsit.<\/strong> Ja creuem els sem\u00e0fors en vermell, com els locals. I, tot i que cada dia passen dos o tres cotxes de policia o bombers amb les sirenes a tota fava, la veritat \u00e9s que quan som a casa sempre tenim les finestres obertes. <strong>Qu\u00e8 sentim?<\/strong> Nens jugant, el carill\u00f3 d&#8217;una esgl\u00e9sia propera, ocells i un so estrany de grill o similar, que encara no hem sabut identificar.<\/p>\n<p>&nbsp;<\/p>\n<div id=\"attachment_9557\" style=\"width: 640px\" class=\"wp-caption aligncenter\"><img loading=\"lazy\" decoding=\"async\" aria-describedby=\"caption-attachment-9557\" class=\" wp-image-9557\" title=\"brooklyn park slope\" src=\"http:\/\/www.sempreviaggiando.com\/wp-content\/uploads\/2013\/08\/brooklyn_parkslope.jpg\" alt=\"brooklyn park slope\" width=\"630\" height=\"472\" srcset=\"https:\/\/www.sempreviaggiando.com\/wp-content\/uploads\/2013\/08\/brooklyn_parkslope.jpg 900w, https:\/\/www.sempreviaggiando.com\/wp-content\/uploads\/2013\/08\/brooklyn_parkslope-300x225.jpg 300w, https:\/\/www.sempreviaggiando.com\/wp-content\/uploads\/2013\/08\/brooklyn_parkslope-400x300.jpg 400w\" sizes=\"auto, (max-width: 630px) 100vw, 630px\" \/><p id=\"caption-attachment-9557\" class=\"wp-caption-text\">El barri en el que vivim: Park Slope.<\/p><\/div>\n<div id=\"attachment_9568\" style=\"width: 640px\" class=\"wp-caption aligncenter\"><img loading=\"lazy\" decoding=\"async\" aria-describedby=\"caption-attachment-9568\" class=\" wp-image-9568 \" title=\"vistas manhattan desde brooklyn\" src=\"http:\/\/www.sempreviaggiando.com\/wp-content\/uploads\/2013\/08\/IMG_20130823_182449.jpg\" alt=\"vistas manhattan desde brooklyn\" width=\"630\" height=\"480\" srcset=\"https:\/\/www.sempreviaggiando.com\/wp-content\/uploads\/2013\/08\/IMG_20130823_182449.jpg 900w, https:\/\/www.sempreviaggiando.com\/wp-content\/uploads\/2013\/08\/IMG_20130823_182449-300x228.jpg 300w\" sizes=\"auto, (max-width: 630px) 100vw, 630px\" \/><p id=\"caption-attachment-9568\" class=\"wp-caption-text\">Vistes des del nostre terrat<\/p><\/div>\n<p>Vivim molt a prop de<strong> Prospect Park<\/strong> (&#8220;a prop&#8221;, aqu\u00ed, vol dir 10 carrers). Aquest diumenge passat ho vam tenir ben clar: tocava fer picnic al parc. Hi vam trobar molta gent corrent, en bici, jugant a beisbol o en plena celebraci\u00f3 social \/ familiar amb barbacoa inclosa.<\/p>\n<div id=\"attachment_9569\" style=\"width: 640px\" class=\"wp-caption aligncenter\"><img loading=\"lazy\" decoding=\"async\" aria-describedby=\"caption-attachment-9569\" class=\" wp-image-9569 \" title=\"picnic prospect park\" src=\"http:\/\/www.sempreviaggiando.com\/wp-content\/uploads\/2013\/08\/IMG_20130825_120210.jpg\" alt=\"picnic prospect park\" width=\"630\" height=\"507\" srcset=\"https:\/\/www.sempreviaggiando.com\/wp-content\/uploads\/2013\/08\/IMG_20130825_120210.jpg 900w, https:\/\/www.sempreviaggiando.com\/wp-content\/uploads\/2013\/08\/IMG_20130825_120210-300x241.jpg 300w\" sizes=\"auto, (max-width: 630px) 100vw, 630px\" \/><p id=\"caption-attachment-9569\" class=\"wp-caption-text\">Picnic &#8220;dominguero&#8221; a Prospect Park<\/p><\/div>\n<h3>NIVELL DE VIDA? ORG\u00c0NIC<\/h3>\n<p>Hem pogut comprovar que <strong>viure a Nova York surt car.<\/strong> <strong>Sort en tenim de l&#8217;intercanvi de cases!<\/strong> Esmorzem, dinem i sopem a casa &#8211; excepte algun dia que hem decidit menjar fora.<\/p>\n<p>Vam fer un cop d&#8217;ull als preus dels anuncis de les immobili\u00e0ries del barri: aqu\u00ed les cases costen entre 1 i 3 milions de d\u00f2lars; i el lloguer tampoc es queda curt: 1300-2500 d\u00f2lars al mes.<\/p>\n<p>El primer dia vam anar a una <em>grocery store<\/em> i al supermercat a comprar les provisions per als primers dies.<strong> Dues compres per a uns 10 dies<\/strong> (amb l&#8217;habitual: carn de tot tipus, lactis, mozzarella, cereals, pa, oli, arr\u00f2s, pasta, fruita, verdura&#8230;) <strong>ens van sortir per un total de $ 176 (132 \u20ac)<\/strong>. La veritat \u00e9s que moltes de les coses que vam comprar eren<strong> org\u00e0niques<\/strong>. Ara el <strong>menjar org\u00e0nic s&#8217;ha posat de moda a Nova York<\/strong> i a la <em>grocery store<\/em> era l&#8217;\u00fanica opci\u00f3. Segueix havent-hi <em>fast-foods<\/em> i gent obesa, per\u00f2 per tot arreu es veu publicitat sobre productes org\u00e0nics.<strong><em> &#8220;Estem comen\u00e7ant a ser normals&#8221;<\/em> em va dir ahir una <em>New Yorker<\/em><\/strong> a la qual li vaig preguntar pel tema.<\/p>\n<div id=\"attachment_9594\" style=\"width: 640px\" class=\"wp-caption aligncenter\"><img loading=\"lazy\" decoding=\"async\" aria-describedby=\"caption-attachment-9594\" class=\" wp-image-9594 \" title=\"Sopant a la terrassa\" src=\"http:\/\/www.sempreviaggiando.com\/wp-content\/uploads\/2013\/08\/IMG_8833.jpg\" alt=\"Sopant a la terrassa\" width=\"630\" height=\"420\" srcset=\"https:\/\/www.sempreviaggiando.com\/wp-content\/uploads\/2013\/08\/IMG_8833.jpg 900w, https:\/\/www.sempreviaggiando.com\/wp-content\/uploads\/2013\/08\/IMG_8833-300x200.jpg 300w\" sizes=\"auto, (max-width: 630px) 100vw, 630px\" \/><p id=\"caption-attachment-9594\" class=\"wp-caption-text\">Sopant a la terrassa<\/p><\/div>\n<p>&nbsp;<\/p>\n<h3>TREBALLAR PEL MAT\u00cd. PASSEJAR PER LA TARDA.<\/h3>\n<p>Pel tema del canvi horari (6 hores menys que a Catalunya), <strong>intentem treballar el demat\u00ed.<\/strong> Gr\u00e0cies a la manca d&#8217;unes bones persianes, <strong>ens aixequem amb el sol<\/strong>. Vaig pensar que era un tema del <em>jetlag<\/em>, per\u00f2 una setmana despr\u00e9s d&#8217;haver aterrat, seguim despertant-nos entre les 6:30 i les 7:30h. Tamb\u00e9 \u00e9s cert que estem anant a dormir m\u00e9s d&#8217;hora&#8230; Com que a les 20h ja \u00e9s de nit, sopem a les 20:30h. I \u00e9s clar, cap a les 22.00 ja som al llit, a punt per veure <strong>s\u00e8ries i pel\u00b7l\u00edcules infinites amb Netflix<\/strong> -una altra de les avantatges de viure als Estats Units!<strong> El que us deia: totalment adaptats.<\/strong><\/p>\n<div id=\"attachment_9562\" style=\"width: 640px\" class=\"wp-caption aligncenter\"><img loading=\"lazy\" decoding=\"async\" aria-describedby=\"caption-attachment-9562\" class=\" wp-image-9562 \" title=\"teletrabajo\" src=\"http:\/\/www.sempreviaggiando.com\/wp-content\/uploads\/2013\/08\/teletrabajo1.jpg\" alt=\"teletrabajo\" width=\"630\" height=\"472\" srcset=\"https:\/\/www.sempreviaggiando.com\/wp-content\/uploads\/2013\/08\/teletrabajo1.jpg 900w, https:\/\/www.sempreviaggiando.com\/wp-content\/uploads\/2013\/08\/teletrabajo1-300x225.jpg 300w, https:\/\/www.sempreviaggiando.com\/wp-content\/uploads\/2013\/08\/teletrabajo1-400x300.jpg 400w\" sizes=\"auto, (max-width: 630px) 100vw, 630px\" \/><p id=\"caption-attachment-9562\" class=\"wp-caption-text\">Treballant fort cada dia \ud83d\ude09<\/p><\/div>\n<h3><\/h3>\n<h3>LLEVAR-SE AMB EL M\u00d3N EN MARXA<\/h3>\n<p>A l&#8217;\u00fanic que no aconsegueixo adaptar-me encara \u00e9s al fet que <strong>quan nosaltres ens despertem, el m\u00f3n (el nostre m\u00f3n europeu) ja fa hores que est\u00e0 en marxa.<\/strong> Desenes d&#8217;emails, whattsaps, missatges a les xarxes socials des de fa hores, noves not\u00edcies que van sortint cada minut&#8230; Estic intentant que no m&#8217;afecti massa per no acabar estressada a bones hores del mat\u00ed. Ja veurem qu\u00e8 tal es porta el canvi horari a Austr\u00e0lia (10 hores m\u00e9s que Catalunya) vivint al &#8220;futur&#8221;.<\/p>\n<p>&nbsp;<\/p>\n<h3>UNA COSA AL DIA. I PROU.<\/h3>\n<p>Ens ho estem prenent amb <strong>molta calma<\/strong> (potser massa?). Tenim 4 mesos per davant i no volem cansar-nos. <strong>Anem sense presses. Una cosa al dia, aquest \u00e9s el nostre objectiu.<\/strong> Viure com els locals tamb\u00e9 implica gaudir del dia a dia, fer el que far\u00edem a Barcelona. Aquesta primera setmana hi ha hagut <strong>moments de turisme per sortir a passejar (sobretot el cap de setmana) per\u00f2 tamb\u00e9 per quedar-nos a casa, asseguts a la terrassa veient passar els avions<\/strong> (un cada dos minuts; comprovat). El ritme tur\u00edstic augmentar\u00e0 considerablement les properes setmanes, sobretot quan estiguem vivint a Manhattan. De moment, gaudim de la tranquil\u00b7litat de Brooklyn.<\/p>\n<div id=\"attachment_9558\" style=\"width: 640px\" class=\"wp-caption aligncenter\"><img loading=\"lazy\" decoding=\"async\" aria-describedby=\"caption-attachment-9558\" class=\" wp-image-9558 \" title=\"Parque Brooklyn Bridge\" src=\"http:\/\/www.sempreviaggiando.com\/wp-content\/uploads\/2013\/08\/brooklyn_park.jpg\" alt=\"Parque Brooklyn Bridge\" width=\"630\" height=\"472\" srcset=\"https:\/\/www.sempreviaggiando.com\/wp-content\/uploads\/2013\/08\/brooklyn_park.jpg 900w, https:\/\/www.sempreviaggiando.com\/wp-content\/uploads\/2013\/08\/brooklyn_park-300x225.jpg 300w, https:\/\/www.sempreviaggiando.com\/wp-content\/uploads\/2013\/08\/brooklyn_park-400x300.jpg 400w\" sizes=\"auto, (max-width: 630px) 100vw, 630px\" \/><p id=\"caption-attachment-9558\" class=\"wp-caption-text\">Parc de Brooklyn Bridge<\/p><\/div>\n<div id=\"attachment_9567\" style=\"width: 640px\" class=\"wp-caption aligncenter\"><img loading=\"lazy\" decoding=\"async\" aria-describedby=\"caption-attachment-9567\" class=\" wp-image-9567\" title=\"statue liberty lego\" src=\"http:\/\/www.sempreviaggiando.com\/wp-content\/uploads\/2013\/08\/IMG_20130828_175141.jpg\" alt=\"statue liberty lego\" width=\"630\" height=\"510\" srcset=\"https:\/\/www.sempreviaggiando.com\/wp-content\/uploads\/2013\/08\/IMG_20130828_175141.jpg 900w, https:\/\/www.sempreviaggiando.com\/wp-content\/uploads\/2013\/08\/IMG_20130828_175141-300x243.jpg 300w\" sizes=\"auto, (max-width: 630px) 100vw, 630px\" \/><p id=\"caption-attachment-9567\" class=\"wp-caption-text\">Moment guiri a la botiga de joguines FAO Schwarz<\/p><\/div>\n<div id=\"attachment_9560\" style=\"width: 640px\" class=\"wp-caption aligncenter\"><img loading=\"lazy\" decoding=\"async\" aria-describedby=\"caption-attachment-9560\" class=\" wp-image-9560 \" title=\"brooklyn heihts promenade\" src=\"http:\/\/www.sempreviaggiando.com\/wp-content\/uploads\/2013\/08\/brooklyn_heights_promenade_1.jpg\" alt=\"brooklyn heihts promenade\" width=\"630\" height=\"472\" srcset=\"https:\/\/www.sempreviaggiando.com\/wp-content\/uploads\/2013\/08\/brooklyn_heights_promenade_1.jpg 900w, https:\/\/www.sempreviaggiando.com\/wp-content\/uploads\/2013\/08\/brooklyn_heights_promenade_1-300x225.jpg 300w, https:\/\/www.sempreviaggiando.com\/wp-content\/uploads\/2013\/08\/brooklyn_heights_promenade_1-400x300.jpg 400w\" sizes=\"auto, (max-width: 630px) 100vw, 630px\" \/><p id=\"caption-attachment-9560\" class=\"wp-caption-text\">Passejant per Brooklyn Heights Promenade<\/p><\/div>\n<p>Sovint, amb tanta feina, <strong>ens oblidem que estem a Nova York<\/strong> &#8211; sembla que estiguem encara a Barcelona, en un altre pis. \u00c9s de sobte, quan veiem Manhattan per la finestra, que torna aquell\u00a0 <strong>&#8220;moment sorpresa&#8221; de recordar que de deb\u00f2, de deb\u00f2, estem vivint a New York. WOW.<\/strong><\/p>\n<p><strong><em><br \/>\n<\/em> <\/strong><\/p>\n<div id=\"attachment_9561\" style=\"width: 640px\" class=\"wp-caption aligncenter\"><img loading=\"lazy\" decoding=\"async\" aria-describedby=\"caption-attachment-9561\" class=\" wp-image-9561 \" title=\"vistas manhattan desde brooklyn\" src=\"http:\/\/www.sempreviaggiando.com\/wp-content\/uploads\/2013\/08\/manhattan_desde_brooklyn.jpg\" alt=\"vistas manhattan desde brooklyn\" width=\"630\" height=\"420\" srcset=\"https:\/\/www.sempreviaggiando.com\/wp-content\/uploads\/2013\/08\/manhattan_desde_brooklyn.jpg 900w, https:\/\/www.sempreviaggiando.com\/wp-content\/uploads\/2013\/08\/manhattan_desde_brooklyn-300x200.jpg 300w\" sizes=\"auto, (max-width: 630px) 100vw, 630px\" \/><p id=\"caption-attachment-9561\" class=\"wp-caption-text\">Vistes des de la nostra terrassa<\/p><\/div>\n<p>&nbsp;<\/p>\n<p><!-- Begin MailChimp Signup Form --><\/p>\n<div id=\"mc_embed_signup\">\n<form id=\"mc-embedded-subscribe-form\" class=\"validate\" action=\"http:\/\/sempreviaggiando.us7.list-manage.com\/subscribe\/post?u=b00c9f4d7524d2231cb91bf47&amp;id=f2cb690e41\" method=\"post\" name=\"mc-embedded-subscribe-form\" novalidate=\"\" target=\"_blank\"><label for=\"mce-EMAIL\">Recibe nuestras nuevas aventuras por email <\/label><br \/>\n<input id=\"mce-EMAIL\" class=\"email\" name=\"EMAIL\" required=\"\" type=\"email\" value=\"\" placeholder=\"escribe tu email\" \/><\/form>\n<\/div>\n<div class=\"clear\"><input id=\"mc-embedded-subscribe\" class=\"button\" name=\"subscribe\" type=\"submit\" value=\"Ok, adelante!\" \/><\/div>\n<p><!--End mc_embed_signup--><\/p>\n<p>&nbsp;<\/p>\n","protected":false},"excerpt":{"rendered":"<p>&nbsp; Fa pr\u00e0cticament una setmana que va comen\u00e7ar el nostre gran viatge i que vam arribar a Nova York. El temps passa volant. Estem m\u00e9s que adaptats al ritme de Brooklyn (no confondre amb el ritme de Manhattan) i, ara per ara, en la combinaci\u00f3 treball i turisme, va guanyant la primera. Ens auto-convencem que<\/p>\n<div class=\"read-more-wrapper\"><a class=\"read-more\" href=\"https:\/\/www.sempreviaggiando.com\/ca\/2013\/08\/30\/primeres-impressions-des-de-brooklyn\/\" title=\"Read More\"> <span class=\"button \">Read More<\/span><\/a><\/div>\n","protected":false},"author":2,"featured_media":9556,"comment_status":"open","ping_status":"open","sticky":false,"template":"","format":"standard","meta":{"_acf_changed":false,"_bos_mb_destination":[""],"_jetpack_memberships_contains_paid_content":false,"footnotes":""},"categories":[120],"tags":[],"class_list":["post-9584","post","type-post","status-publish","format-standard","has-post-thumbnail","hentry","category-si-no-estoy-viajando-ca"],"acf":[],"jetpack_featured_media_url":"https:\/\/www.sempreviaggiando.com\/wp-content\/uploads\/2013\/08\/brooklyn_heights_promenade.jpg","jetpack_sharing_enabled":true,"_links":{"self":[{"href":"https:\/\/www.sempreviaggiando.com\/ca\/wp-json\/wp\/v2\/posts\/9584","targetHints":{"allow":["GET"]}}],"collection":[{"href":"https:\/\/www.sempreviaggiando.com\/ca\/wp-json\/wp\/v2\/posts"}],"about":[{"href":"https:\/\/www.sempreviaggiando.com\/ca\/wp-json\/wp\/v2\/types\/post"}],"author":[{"embeddable":true,"href":"https:\/\/www.sempreviaggiando.com\/ca\/wp-json\/wp\/v2\/users\/2"}],"replies":[{"embeddable":true,"href":"https:\/\/www.sempreviaggiando.com\/ca\/wp-json\/wp\/v2\/comments?post=9584"}],"version-history":[{"count":9,"href":"https:\/\/www.sempreviaggiando.com\/ca\/wp-json\/wp\/v2\/posts\/9584\/revisions"}],"predecessor-version":[{"id":14179,"href":"https:\/\/www.sempreviaggiando.com\/ca\/wp-json\/wp\/v2\/posts\/9584\/revisions\/14179"}],"wp:featuredmedia":[{"embeddable":true,"href":"https:\/\/www.sempreviaggiando.com\/ca\/wp-json\/wp\/v2\/media\/9556"}],"wp:attachment":[{"href":"https:\/\/www.sempreviaggiando.com\/ca\/wp-json\/wp\/v2\/media?parent=9584"}],"wp:term":[{"taxonomy":"category","embeddable":true,"href":"https:\/\/www.sempreviaggiando.com\/ca\/wp-json\/wp\/v2\/categories?post=9584"},{"taxonomy":"post_tag","embeddable":true,"href":"https:\/\/www.sempreviaggiando.com\/ca\/wp-json\/wp\/v2\/tags?post=9584"}],"curies":[{"name":"wp","href":"https:\/\/api.w.org\/{rel}","templated":true}]}}